{"id":102,"date":"2015-05-03T09:38:41","date_gmt":"2015-05-03T09:38:41","guid":{"rendered":"https:\/\/www.costabrava-wandern.de\/?p=102"},"modified":"2021-11-06T10:01:17","modified_gmt":"2021-11-06T09:01:17","slug":"etapa-6-pernocta-a-begur","status":"publish","type":"post","link":"https:\/\/www.costabrava-wandern.de\/ca\/etappe-6-uebernachtung-in-begur\/","title":{"rendered":"Etapa 6: Pernocta a Begur"},"content":{"rendered":"<div id=\"pl-102\"  class=\"panel-layout\" ><div id=\"pg-102-0\"  class=\"panel-grid panel-no-style\" ><div id=\"pgc-102-0-0\"  class=\"panel-grid-cell\" ><div id=\"panel-102-0-0-0\" class=\"so-panel widget widget_sow-editor panel-first-child panel-last-child\" data-index=\"0\" ><div\n\t\t\t\n\t\t\tclass=\"so-widget-sow-editor so-widget-sow-editor-base\"\n\t\t\t\n\t\t><h3 class=\"widget-title\">Boutique Hotel Cluc a Begur<\/h3>\n<div class=\"siteorigin-widget-tinymce textwidget\">\n\t<p><a class=\"booking-link\" href=\"http:\/\/www.booking.com\/hotel\/es\/cluc-begur.html?aid=947820\" target=\"_blank\" rel=\"noopener\">La nostra recomanaci\u00f3 per passar una nit amb un esmorzar \u00fanic a Begur \u00e9s l&#039;Hotel Cluc<\/a>.<\/p>\n<p>El nom de l&#039;hotel deriva del terme catal\u00e0 per &quot;picar l&#039;ullet&quot;. Segons la nostra opini\u00f3, l&#039;hotel porta amb ra\u00f3 aquest nom: vam tenir una benvinguda molt c\u00e0lida! El petit hotel boutique de gesti\u00f3 privada ofereix habitacions precioses, salons espaiosos, un &quot;bar d&#039;honestedat&quot; gestionat en base a la confian\u00e7a i un excel\u00b7lent esmorzar al pati amb moltes melmelades i del\u00edcies casolanes. Algunes habitacions tamb\u00e9 tenen un balc\u00f3 assolellat amb vistes al nucli antic de Begur.<\/p>\n<p>Amb una ubicaci\u00f3 c\u00e8ntrica al nucli antic i alhora tranquil, l&#039;Hotel Cluc \u00e9s un oasi de calma perfecte despr\u00e9s d&#039;un intens dia de senderisme i un bon punt de partida per explorar el nucli antic i les ru\u00efnes del castell de Begur.<\/p>\n<\/div>\n<\/div><\/div><\/div><div id=\"pgc-102-0-1\"  class=\"panel-grid-cell\" ><div id=\"panel-102-0-1-0\" class=\"so-panel widget widget_sow-image panel-first-child panel-last-child\" data-index=\"1\" ><div\n\t\t\t\n\t\t\tclass=\"so-widget-sow-image so-widget-sow-image-default-8b5b6f678277-102\"\n\t\t\t\n\t\t>\n<div class=\"sow-image-container\">\n\t\t\t<a href=\"https:\/\/www.costabrava-wandern.de\/wp-content\/uploads\/Hotel-Cluc-in-Begur-stilvolle-Zimmer-in-einer-ruhigen-Seitengasse-der-Altstadt.jpg\">\n\t\t\t<img \n\tsrc=\"https:\/\/www.costabrava-wandern.de\/wp-content\/uploads\/Hotel-Cluc-in-Begur-stilvolle-Zimmer-in-einer-ruhigen-Seitengasse-der-Altstadt.jpg\" width=\"800\" height=\"1067\" srcset=\"https:\/\/www.costabrava-wandern.de\/wp-content\/uploads\/Hotel-Cluc-in-Begur-stilvolle-Zimmer-in-einer-ruhigen-Seitengasse-der-Altstadt.jpg 800w, https:\/\/www.costabrava-wandern.de\/wp-content\/uploads\/Hotel-Cluc-in-Begur-stilvolle-Zimmer-in-einer-ruhigen-Seitengasse-der-Altstadt-112x150.jpg 112w, https:\/\/www.costabrava-wandern.de\/wp-content\/uploads\/Hotel-Cluc-in-Begur-stilvolle-Zimmer-in-einer-ruhigen-Seitengasse-der-Altstadt-225x300.jpg 225w, https:\/\/www.costabrava-wandern.de\/wp-content\/uploads\/Hotel-Cluc-in-Begur-stilvolle-Zimmer-in-einer-ruhigen-Seitengasse-der-Altstadt-768x1024.jpg 768w\" sizes=\"(max-width: 800px) 100vw, 800px\" title=\"Hotel Cluc a Begur - habitacions elegants en un carrer lateral tranquil del nucli antic\" alt=\"\" \t\tclass=\"so-widget-image\"\/>\n\t\t\t<\/a><\/div>\n\n<h3 class=\"widget-title\">Hotel Cluc a Begur - habitacions elegants en un carrer lateral tranquil del nucli antic<\/h3><\/div><\/div><\/div><div id=\"pgc-102-0-2\"  class=\"panel-grid-cell\" ><div id=\"panel-102-0-2-0\" class=\"so-panel widget widget_sow-image panel-first-child panel-last-child\" data-index=\"2\" ><div\n\t\t\t\n\t\t\tclass=\"so-widget-sow-image so-widget-sow-image-default-8b5b6f678277-102\"\n\t\t\t\n\t\t>\n<div class=\"sow-image-container\">\n\t\t\t<a href=\"https:\/\/www.costabrava-wandern.de\/wp-content\/uploads\/Hotel-Cluc-in-Begur-die-Bibliothek-l\u00e4dt-zum-Schm\u00f6kern-ein.jpg\">\n\t\t\t<img \n\tsrc=\"https:\/\/www.costabrava-wandern.de\/wp-content\/uploads\/Hotel-Cluc-in-Begur-die-Bibliothek-l\u00e4dt-zum-Schm\u00f6kern-ein.jpg\" width=\"800\" height=\"1067\" srcset=\"https:\/\/www.costabrava-wandern.de\/wp-content\/uploads\/Hotel-Cluc-in-Begur-die-Bibliothek-l\u00e4dt-zum-Schm\u00f6kern-ein.jpg 800w, https:\/\/www.costabrava-wandern.de\/wp-content\/uploads\/Hotel-Cluc-in-Begur-die-Bibliothek-l\u00e4dt-zum-Schm\u00f6kern-ein-112x150.jpg 112w, https:\/\/www.costabrava-wandern.de\/wp-content\/uploads\/Hotel-Cluc-in-Begur-die-Bibliothek-l\u00e4dt-zum-Schm\u00f6kern-ein-225x300.jpg 225w, https:\/\/www.costabrava-wandern.de\/wp-content\/uploads\/Hotel-Cluc-in-Begur-die-Bibliothek-l\u00e4dt-zum-Schm\u00f6kern-ein-768x1024.jpg 768w\" sizes=\"(max-width: 800px) 100vw, 800px\" title=\"Hotel Cluc de Begur - la biblioteca us convida a navegar\" alt=\"\" \t\tclass=\"so-widget-image\"\/>\n\t\t\t<\/a><\/div>\n\n<h3 class=\"widget-title\">Hotel Cluc de Begur - la biblioteca us convida a navegar<\/h3><\/div><\/div><\/div><\/div><\/div>","protected":false},"excerpt":{"rendered":"<p>Unsere Empfehlung f\u00fcr eine \u00dcbernachtung mit einzigartigem Fr\u00fchst\u00fcck in Begur ist das Hotel Cluc. Der Name des Hotels leitet sich vom Katalanischen Begriff f\u00fcr &#8222;Augenzwinkern&#8220;\u00a0ab. Wie wir finden tr\u00e4gt das Hotel diesen Namen zurecht: wir haben einen sehr herzlichen Empfang erlebt! Das kleine, privat gef\u00fchrte Boutique-Hotel bietet wundersch\u00f6ne Zimmer, gro\u00dfz\u00fcgige Aufenthaltsr\u00e4ume, eine auf Vertrauensbasis gef\u00fchrte [&hellip;]<\/p>\n","protected":false},"author":1,"featured_media":1208,"comment_status":"closed","ping_status":"open","sticky":false,"template":"","format":"standard","meta":{"footnotes":""},"categories":[4],"tags":[],"class_list":{"0":"post-102","1":"post","2":"type-post","3":"status-publish","4":"format-standard","5":"has-post-thumbnail","6":"hentry","7":"category-gr-92-unterkuenfte","9":"post-with-thumbnail","10":"post-with-thumbnail-large"},"_links":{"self":[{"href":"https:\/\/www.costabrava-wandern.de\/ca\/wp-json\/wp\/v2\/posts\/102","targetHints":{"allow":["GET"]}}],"collection":[{"href":"https:\/\/www.costabrava-wandern.de\/ca\/wp-json\/wp\/v2\/posts"}],"about":[{"href":"https:\/\/www.costabrava-wandern.de\/ca\/wp-json\/wp\/v2\/types\/post"}],"author":[{"embeddable":true,"href":"https:\/\/www.costabrava-wandern.de\/ca\/wp-json\/wp\/v2\/users\/1"}],"replies":[{"embeddable":true,"href":"https:\/\/www.costabrava-wandern.de\/ca\/wp-json\/wp\/v2\/comments?post=102"}],"version-history":[{"count":7,"href":"https:\/\/www.costabrava-wandern.de\/ca\/wp-json\/wp\/v2\/posts\/102\/revisions"}],"predecessor-version":[{"id":31549,"href":"https:\/\/www.costabrava-wandern.de\/ca\/wp-json\/wp\/v2\/posts\/102\/revisions\/31549"}],"wp:featuredmedia":[{"embeddable":true,"href":"https:\/\/www.costabrava-wandern.de\/ca\/wp-json\/wp\/v2\/media\/1208"}],"wp:attachment":[{"href":"https:\/\/www.costabrava-wandern.de\/ca\/wp-json\/wp\/v2\/media?parent=102"}],"wp:term":[{"taxonomy":"category","embeddable":true,"href":"https:\/\/www.costabrava-wandern.de\/ca\/wp-json\/wp\/v2\/categories?post=102"},{"taxonomy":"post_tag","embeddable":true,"href":"https:\/\/www.costabrava-wandern.de\/ca\/wp-json\/wp\/v2\/tags?post=102"}],"curies":[{"name":"wp","href":"https:\/\/api.w.org\/{rel}","templated":true}]}}