{"id":1222,"date":"2017-03-18T21:43:40","date_gmt":"2017-03-18T20:43:40","guid":{"rendered":"https:\/\/www.costabrava-wandern.de\/?p=1222"},"modified":"2021-11-06T09:58:08","modified_gmt":"2021-11-06T08:58:08","slug":"arribada-allotjament-a-barcelona","status":"publish","type":"post","link":"https:\/\/www.costabrava-wandern.de\/ca\/anreise-unterkunft-in-barcelona\/","title":{"rendered":"Arribada: Allotjament a Barcelona"},"content":{"rendered":"<div id=\"pl-1222\"  class=\"panel-layout\" ><div id=\"pg-1222-0\"  class=\"panel-grid panel-no-style\" ><div id=\"pgc-1222-0-0\"  class=\"panel-grid-cell\" ><div id=\"panel-1222-0-0-0\" class=\"so-panel widget widget_sow-editor panel-first-child panel-last-child\" data-index=\"0\" ><div\n\t\t\t\n\t\t\tclass=\"so-widget-sow-editor so-widget-sow-editor-base\"\n\t\t\t\n\t\t><h3 class=\"widget-title\">Allotjament a Barcelona (a l&#039;arribada)<\/h3>\n<div class=\"siteorigin-widget-tinymce textwidget\">\n\t<p>Si nom\u00e9s aterreu a Barcelona a la tarda, heu de planificar una nit abans del primer dia d&#039;excursi\u00f3.\u00a0\u00a0<a class=\"booking-link\" href=\"http:\/\/www.booking.com\/hotel\/es\/ecozentric.html?aid=947820&amp;label=text\" target=\"_blank\" rel=\"noopener\">Us recomanem la Pensi\u00f3 Ecocentric de Barcelona<\/a>. Aquesta casa d&#039;hostes recentment modernitzada t\u00e9 una ubicaci\u00f3 molt c\u00e8ntrica i molt a prop de l&#039;estaci\u00f3 de tren que va cap a Portbou.<\/p>\n<p>L&#039;oferta d&#039;hotels i allotjaments a Barcelona \u00e9s for\u00e7a cara durant tot l&#039;any, des del nostre punt de vista la Pension Ecocentric ofereix una molt bona relaci\u00f3 qualitat-preu.<\/p>\n<\/div>\n<\/div><\/div><\/div><div id=\"pgc-1222-0-1\"  class=\"panel-grid-cell\" ><div id=\"panel-1222-0-1-0\" class=\"so-panel widget widget_sow-image panel-first-child panel-last-child\" data-index=\"1\" ><div\n\t\t\t\n\t\t\tclass=\"so-widget-sow-image so-widget-sow-image-default-8b5b6f678277-1222\"\n\t\t\t\n\t\t>\n<div class=\"sow-image-container\">\n\t\t\t<a href=\"https:\/\/www.costabrava-wandern.de\/wp-content\/uploads\/Ecozentric-hochwertige-Pension-in-Barcelona-sch\u00f6ne-Zimmer-im-Jugendstil-Palast.jpg\">\n\t\t\t<img \n\tsrc=\"https:\/\/www.costabrava-wandern.de\/wp-content\/uploads\/Ecozentric-hochwertige-Pension-in-Barcelona-sch\u00f6ne-Zimmer-im-Jugendstil-Palast.jpg\" width=\"1200\" height=\"1200\" srcset=\"https:\/\/www.costabrava-wandern.de\/wp-content\/uploads\/Ecozentric-hochwertige-Pension-in-Barcelona-sch\u00f6ne-Zimmer-im-Jugendstil-Palast.jpg 1200w, https:\/\/www.costabrava-wandern.de\/wp-content\/uploads\/Ecozentric-hochwertige-Pension-in-Barcelona-sch\u00f6ne-Zimmer-im-Jugendstil-Palast-150x150.jpg 150w, https:\/\/www.costabrava-wandern.de\/wp-content\/uploads\/Ecozentric-hochwertige-Pension-in-Barcelona-sch\u00f6ne-Zimmer-im-Jugendstil-Palast-300x300.jpg 300w, https:\/\/www.costabrava-wandern.de\/wp-content\/uploads\/Ecozentric-hochwertige-Pension-in-Barcelona-sch\u00f6ne-Zimmer-im-Jugendstil-Palast-1024x1024.jpg 1024w\" sizes=\"(max-width: 1200px) 100vw, 1200px\" title=\"Les habitacions de l&#039;Ecocentric estan moblades elegantment i combinen l&#039;arquitectura hist\u00f2rica modernista amb molts elements moderns.\" alt=\"\" \t\tclass=\"so-widget-image\"\/>\n\t\t\t<\/a><\/div>\n\n<h3 class=\"widget-title\">Les habitacions de l&#039;Ecocentric estan moblades elegantment i combinen l&#039;arquitectura hist\u00f2rica modernista amb molts elements moderns.<\/h3><\/div><\/div><\/div><\/div><\/div>","protected":false},"excerpt":{"rendered":"<p>Wer erst am Nachmittag in Barcelona landet, muss vor dem ersten Wandertag auf jeden Fall eine \u00dcbernachtung einplanen.\u00a0\u00a0Wir empfehlen daf\u00fcr die Pension Ecozentric in Barcelona. Diese\u00a0erst vor kurzem modernisierte Pension liegt sehr zentral und ganz in der N\u00e4he der Zugstation in Richtung Portbou. Das Hotel- und \u00dcbernachtungsangebot in Barcelona ist ganzj\u00e4hrig recht teuer,\u00a0die Pension Ecozentric\u00a0bietet [&hellip;]<\/p>\n","protected":false},"author":1,"featured_media":1224,"comment_status":"closed","ping_status":"open","sticky":false,"template":"","format":"standard","meta":{"footnotes":""},"categories":[4],"tags":[],"class_list":{"0":"post-1222","1":"post","2":"type-post","3":"status-publish","4":"format-standard","5":"has-post-thumbnail","6":"hentry","7":"category-gr-92-unterkuenfte","9":"post-with-thumbnail","10":"post-with-thumbnail-large"},"_links":{"self":[{"href":"https:\/\/www.costabrava-wandern.de\/ca\/wp-json\/wp\/v2\/posts\/1222","targetHints":{"allow":["GET"]}}],"collection":[{"href":"https:\/\/www.costabrava-wandern.de\/ca\/wp-json\/wp\/v2\/posts"}],"about":[{"href":"https:\/\/www.costabrava-wandern.de\/ca\/wp-json\/wp\/v2\/types\/post"}],"author":[{"embeddable":true,"href":"https:\/\/www.costabrava-wandern.de\/ca\/wp-json\/wp\/v2\/users\/1"}],"replies":[{"embeddable":true,"href":"https:\/\/www.costabrava-wandern.de\/ca\/wp-json\/wp\/v2\/comments?post=1222"}],"version-history":[{"count":3,"href":"https:\/\/www.costabrava-wandern.de\/ca\/wp-json\/wp\/v2\/posts\/1222\/revisions"}],"predecessor-version":[{"id":31544,"href":"https:\/\/www.costabrava-wandern.de\/ca\/wp-json\/wp\/v2\/posts\/1222\/revisions\/31544"}],"wp:featuredmedia":[{"embeddable":true,"href":"https:\/\/www.costabrava-wandern.de\/ca\/wp-json\/wp\/v2\/media\/1224"}],"wp:attachment":[{"href":"https:\/\/www.costabrava-wandern.de\/ca\/wp-json\/wp\/v2\/media?parent=1222"}],"wp:term":[{"taxonomy":"category","embeddable":true,"href":"https:\/\/www.costabrava-wandern.de\/ca\/wp-json\/wp\/v2\/categories?post=1222"},{"taxonomy":"post_tag","embeddable":true,"href":"https:\/\/www.costabrava-wandern.de\/ca\/wp-json\/wp\/v2\/tags?post=1222"}],"curies":[{"name":"wp","href":"https:\/\/api.w.org\/{rel}","templated":true}]}}