{"id":166,"date":"2015-04-23T06:56:47","date_gmt":"2015-04-23T06:56:47","guid":{"rendered":"https:\/\/www.costabrava-wandern.de\/?p=166"},"modified":"2019-12-16T10:24:38","modified_gmt":"2019-12-16T09:24:38","slug":"gr-92-etapa-7-direccions","status":"publish","type":"post","link":"https:\/\/www.costabrava-wandern.de\/ca\/gr-92-etappe-7-wegbeschreibung\/","title":{"rendered":"Etapa 7: Indicacions"},"content":{"rendered":"<div id=\"pl-166\"  class=\"panel-layout\" ><div id=\"pg-166-0\"  class=\"panel-grid panel-no-style\" ><div id=\"pgc-166-0-0\"  class=\"panel-grid-cell\" ><div id=\"panel-166-0-0-0\" class=\"so-panel widget widget_metaslider_widget panel-first-child panel-last-child\" data-index=\"0\" ><div id=\"metaslider-id-1023\" style=\"width: 100%;\" class=\"ml-slider-3-108-0 metaslider metaslider-flex metaslider-1023 ml-slider has-dots-nav ms-theme-simply-dark\" role=\"region\" aria-label=\"etapa 7\" data-height=\"500\" data-width=\"1200\">\n    <div id=\"metaslider_container_1023\">\n        <div id=\"metaslider_1023\">\n            <ul class='slides'>\n                <li style=\"display: block; width: 100%;\" class=\"slide-1026 ms-image\" aria-roledescription=\"slide\" data-date=\"2017-01-08 11:25:10\" data-filename=\"GR-92-Etappe-7-Begur-Tamariu-Palafrugell-Palamos-Bild-5-1200x500.jpg\" data-slide-type=\"image\"><img loading=\"lazy\" decoding=\"async\" src=\"https:\/\/www.costabrava-wandern.de\/wp-content\/uploads\/GR-92-Etappe-7-Begur-Tamariu-Palafrugell-Palamos-Bild-5-1200x500.jpg\" height=\"500\" width=\"1200\" alt=\"\" class=\"slider-1023 slide-1026 msDefaultImage\" \/><div class=\"caption-wrap\"><div class=\"caption\">Vista des del Cap de Sant Sebasti\u00e0 en direcci\u00f3 sud. Ja ho podeu endevinar: l&#039;etapa 7 continua d&#039;una manera igualment pintoresca<\/div><\/div><\/li>\n                <li style=\"display: none; width: 100%;\" class=\"slide-1024 ms-image\" aria-roledescription=\"slide\" data-date=\"2017-01-08 11:25:01\" data-filename=\"GR-92-Etappe-7-Begur-Tamariu-Palafrugell-Palamos-Bild-1-1200x500.jpg\" data-slide-type=\"image\"><img loading=\"lazy\" decoding=\"async\" src=\"https:\/\/www.costabrava-wandern.de\/wp-content\/uploads\/GR-92-Etappe-7-Begur-Tamariu-Palafrugell-Palamos-Bild-1-1200x500.jpg\" height=\"500\" width=\"1200\" alt=\"\" class=\"slider-1023 slide-1024 msDefaultImage\" \/><div class=\"caption-wrap\"><div class=\"caption\">La badia de Tamariu \u00e9s la primera de moltes badies molt pintoresques de l&#039;etapa 7 del &quot;Cam\u00ed de Ronda&quot;<\/div><\/div><\/li>\n                <li style=\"display: none; width: 100%;\" class=\"slide-1025 ms-image\" aria-roledescription=\"slide\" data-date=\"2017-01-08 11:25:06\" data-filename=\"GR-92-Etappe-7-Begur-Tamariu-Palafrugell-Palamos-Bild-2.jpg\" data-slide-type=\"image\"><img loading=\"lazy\" decoding=\"async\" src=\"https:\/\/www.costabrava-wandern.de\/wp-content\/uploads\/GR-92-Etappe-7-Begur-Tamariu-Palafrugell-Palamos-Bild-2.jpg\" height=\"500\" width=\"1200\" alt=\"\" class=\"slider-1023 slide-1025 msDefaultImage\" \/><div class=\"caption-wrap\"><div class=\"caption\">Petits vaixells blancs sobre aig\u00fces blaves profundes: l&#039;etapa 7 \u00e9s constantment molt pintoresca.<\/div><\/div><\/li>\n            <\/ul>\n        <\/div>\n        \n    <\/div>\n<\/div><\/div><\/div><\/div><div id=\"pg-166-1\"  class=\"panel-grid panel-no-style\" ><div id=\"pgc-166-1-0\"  class=\"panel-grid-cell\" ><div id=\"panel-166-1-0-0\" class=\"so-panel widget widget_sow-editor panel-first-child panel-last-child\" data-index=\"1\" ><div\n\t\t\t\n\t\t\tclass=\"so-widget-sow-editor so-widget-sow-editor-base\"\n\t\t\t\n\t\t><h3 class=\"widget-title\">En un cam\u00ed costaner molt bonic de Begur a Palam\u00f3s<\/h3>\n<div class=\"siteorigin-widget-tinymce textwidget\">\n\t<p>L&#039;etapa d&#039;avui del Cam\u00ed de Ronda transcorre de manera molt pintoresca per la costa des de Tamariu. Sortim de Begur en direcci\u00f3 sud. Un cop superades les \u00faltimes cases del poble, el GR-92 es desvia de la carretera a l&#039;esquerra i es converteix en una ruta de senderisme. Caminem lleugerament en baixada per una zona boscosa i finalment arribem al poble costaner de Tamariu amb la seva pintoresca badia.<\/p>\n<p>Durant els propers quil\u00f2metres caminarem directament per la costa i podem gaudir de la vista del mar blau profund i de les nombroses barques blanques. Passem per cales d&#039;aigua tan clara que podem veure clarament el fons mar\u00ed. Avui definitivament haur\u00edeu de fer una pausa per al bany o dues.<\/p>\n<p>El mirador m\u00e9s cridaner de l&#039;etapa d&#039;avui \u00e9s el cap de Sant Sebasti\u00e0: des de l&#039;esgl\u00e9sia &quot;Ermita de Sant Sebasti\u00e0&quot; es t\u00e9 una gran vista del mar i del far a pocs metres al capdamunt del cap. El mirador \u00e9s una destinaci\u00f3 popular amb un hotel i un restaurant annex.<\/p>\n<p>Abans de baixar a la seg\u00fcent poblaci\u00f3, podem gaudir de la vista cap al sud i fer-nos una idea del curs posterior de la ruta: La nostra ruta ens porta per les estacions de platja de Llafranc i Calella de Palafrugell - molts catalans adinerats passen de vacances. cases i cases de cap de setmana aqu\u00ed. Pot estar molt concorregut aqu\u00ed a l&#039;estiu, per\u00f2 fora de temporada \u00e9s tranquil i tranquil. Despr\u00e9s de deixar enrere aquests pobles amb les seves precioses badies, el GR-92 es bifurca a l&#039;interior lleugerament bosc\u00f3s i muntany\u00f3s. El punt m\u00e9s alt d&#039;aquest tram \u00e9s el &quot;Puig del Terme&quot; a 132 m.<\/p>\n<p>A la platja &quot;Platja del Castell Palam\u00f3s&quot; retrobem la costa, l&#039;\u00faltima i molt valuosa oportunitat de bany del dia. La resta de l&#039;etapa d&#039;avui transcorre per la costa fins a Palam\u00f3s, el nostre dest\u00ed avui. Palam\u00f3s t\u00e9 poc en com\u00fa amb les pintoresques localitats que hem viscut fins ara en el nostre recorregut: Palam\u00f3s \u00e9s una ciutat de fins a 100.000 habitants temporalment. L&#039;elecci\u00f3 d&#039;allotjaments tur\u00edstics \u00e9s corresponentment \u00e0mplia, <a href=\"https:\/\/www.costabrava-wandern.de\/ca\/etapa-7-la-nit-palamos\/\">us recomanem un hotel lluny del bullici<\/a>.<\/p>\n<\/div>\n<\/div><\/div><\/div><div id=\"pgc-166-1-1\"  class=\"panel-grid-cell\" ><div id=\"panel-166-1-1-0\" class=\"so-panel widget widget_text panel-first-child\" data-index=\"2\" ><h3 class=\"widget-title\">Fets sobre l&#039;etapa 7<\/h3>\t\t\t<div class=\"textwidget\"><p><b>Altitud:<\/b> 470 m de pujada \/ 660 m de baixada<br \/>\n<b>Ruta:<\/b> 22,5 km<br \/>\n<b>Durada:<\/b> 7:00 a.m. (sense pauses)<br \/>\n<b>Pernoctaci\u00f3:<\/b> <a href=\"https:\/\/www.costabrava-wandern.de\/ca\/etapa-7-la-nit-palamos\/\">Hotels i pensions a Palam\u00f3s<\/a><\/p>\n<\/div>\n\t\t<\/div><div id=\"panel-166-1-1-1\" class=\"so-panel widget widget_edd_product_details\" data-index=\"3\" ><h3 class=\"widget-title\">Desc\u00e0rrega de la ruta - GR92 etapa 7 (fitxer GPX)<\/h3>\t<form id=\"edd_purchase_352\" class=\"edd_download_purchase_form edd_purchase_352\" method=\"post\" action=\"\">\n\n\t\t\n\t\t<div class=\"edd_purchase_submit_wrapper\">\n\t\t\t<button class=\"edd-add-to-cart button orange edd-submit\" data-nonce=\"c7d74fd9d3\" data-timestamp=\"1777610900\" data-token=\"8536cb0f324a814405d2f24f73f5f4454fdb0147ce6588566d32763c939a2817\" data-action=\"edd_add_to_cart\" data-download-id=\"352\" data-variable-price=\"no\" data-price-mode=\"single\" data-price=\"0.00\" ><span class=\"edd-add-to-cart-label\">Gratu\u00eft - Afegeix a la cistella<\/span> <span class=\"edd-loading\" aria-label=\"Carregant\"><\/span><\/button><input type=\"submit\" class=\"edd-add-to-cart edd-no-js button orange edd-submit\" name=\"edd_purchase_download\" value=\"Gratu\u00eft - Afegeix a la cistella\" data-action=\"edd_add_to_cart\" data-download-id=\"352\" data-variable-price=\"no\" data-price-mode=\"single\" \/><a href=\"https:\/\/www.costabrava-wandern.de\/ca\/checkout\/?nocache=true\" class=\"edd_go_to_checkout button orange edd-submit\" style=\"display:none;\">Veure la cistella de la compra<\/a>\n\t\t\t\t\t\t\t<span class=\"edd-cart-ajax-alert\" aria-live=\"assertive\">\n\t\t\t\t\t<span class=\"edd-cart-added-alert\" style=\"display: none;\">\n\t\t\t\t\t\t<svg class=\"edd-icon edd-icon-check\" xmlns=\"http:\/\/www.w3.org\/2000\/svg\" width=\"28\" height=\"28\" viewbox=\"0 0 28 28\" aria-hidden=\"true\">\n\t\t\t\t\t\t\t<path d=\"M26.11 8.844c0 .39-.157.78-.44 1.062L12.234 23.344c-.28.28-.672.438-1.062.438s-.78-.156-1.06-.438l-7.782-7.78c-.28-.282-.438-.673-.438-1.063s.156-.78.438-1.06l2.125-2.126c.28-.28.672-.438 1.062-.438s.78.156 1.062.438l4.594 4.61L21.42 5.656c.282-.28.673-.438 1.063-.438s.78.155 1.062.437l2.125 2.125c.28.28.438.672.438 1.062z\"\/>\n\t\t\t\t\t\t<\/svg>\n\t\t\t\t\t\tAfegit al carret\t\t\t\t\t<\/span>\n\t\t\t\t<\/span>\n\t\t\t\t\t\t\t\t<\/div><!--end .edd_purchase_submit_wrapper-->\n\n\t\t<input type=\"hidden\" name=\"download_id\" value=\"352\">\n\t\t\t\t\t\t\t<input type=\"hidden\" name=\"edd_action\" class=\"edd_action_input\" value=\"add_to_cart\">\n\t\t\n\t\t\n\t\t\n\t\t\n\t<input type=\"hidden\" name=\"trp-form-language\" value=\"ca\"\/><\/form><!--end #edd_purchase_352-->\n\t<\/div><div id=\"panel-166-1-1-2\" class=\"so-panel widget widget_text panel-last-child\" data-index=\"4\" >\t\t\t<div class=\"textwidget\"><p>Totes les altres desc\u00e0rregues es poden trobar a <a href=\"https:\/\/www.costabrava-wandern.de\/ca\/descarregues-de-material-de-mapes\/\">mapes<\/a>.<\/p>\n<\/div>\n\t\t<\/div><\/div><\/div><div id=\"pg-166-2\"  class=\"panel-grid panel-no-style\" ><div id=\"pgc-166-2-0\"  class=\"panel-grid-cell\" ><div id=\"panel-166-2-0-0\" class=\"so-panel widget widget_sow-editor panel-first-child\" data-index=\"5\" ><div\n\t\t\t\n\t\t\tclass=\"so-widget-sow-editor so-widget-sow-editor-base\"\n\t\t\t\n\t\t><h3 class=\"widget-title\">Galeria d&#039;imatges de l&#039;etapa 7<\/h3>\n<div class=\"siteorigin-widget-tinymce textwidget\">\n\t<style type=\"text\/css\">\n#foogallery-gallery-21794.fg-justified .fg-item { margin-right: 1px; margin-bottom: 1px; }\n#foogallery-gallery-21794.fg-justified .fg-image { height: 150px; }<\/style>\n<div class=\"foogallery foogallery-container foogallery-justified foogallery-lightbox-none fg-justified fg-ready fg-light fg-loading-default fg-loaded-fade-in fg-caption-hover fg-hover-fade fg-hover-zoom\" id=\"foogallery-gallery-21794\" data-foogallery=\"{&quot;item&quot;:{&quot;showCaptionTitle&quot;:true,&quot;showCaptionDescription&quot;:true},&quot;lazy&quot;:true,&quot;template&quot;:{&quot;rowHeight&quot;:150,&quot;maxRowHeight&quot;:300,&quot;margins&quot;:1,&quot;align&quot;:&quot;center&quot;,&quot;lastRow&quot;:&quot;smart&quot;}}\" style=\"--fg-title-line-clamp: 0; --fg-description-line-clamp: 0;\" >\n<div class=\"fg-item fg-type-image fg-idle\">\n<figure class=\"fg-item-inner\"><a href=\"https:\/\/www.costabrava-wandern.de\/wp-content\/uploads\/GR-92-Etappe-7-Begur-Tamariu-Palafrugell-Palamos-Bild-1.jpg\" data-caption-title=\"Die Bucht von Tamariu ist die erste von vielen sehr malerischen Buchten auf Etappe 7 des &quot;Cam\u00ed de Ronda&quot;\" data-attachment-id=\"1024\" data-type=\"image\" class=\"fg-thumb\"><span class=\"fg-image-wrap\"><img fetchpriority=\"high\" decoding=\"async\" title=\"La badia de Tamariu \u00e9s la primera de moltes badies molt pintoresques de l&#039;etapa 7 del &quot;Cam\u00ed de Ronda&quot;\" height=\"300\" width=\"719\" class=\"skip-lazy fg-image\" data-src-fg=\"https:\/\/www.costabrava-wandern.de\/wp-content\/uploads\/cache\/GR-92-Etappe-7-Begur-Tamariu-Palafrugell-Palamos-Bild-1\/2632396913.jpg\" src=\"data:image\/svg+xml,%3Csvg%20xmlns%3D%22http%3A%2F%2Fwww.w3.org%2F2000%2Fsvg%22%20width%3D%22719%22%20height%3D%22300%22%20viewBox%3D%220%200%20719%20300%22%3E%3C%2Fsvg%3E\" loading=\"eager\"><\/span><span class=\"fg-image-overlay\"><\/span><\/a><figcaption class=\"fg-caption\">\n<div class=\"fg-caption-inner\">\n<div class=\"fg-caption-title\">La badia de Tamariu \u00e9s la primera de moltes badies molt pintoresques de l&#039;etapa 7 del &quot;Cam\u00ed de Ronda&quot;<\/div>\n<\/div>\n<\/figcaption><\/figure>\n<div class=\"fg-loader\"><\/div>\n<\/div>\n<div class=\"fg-item fg-type-image fg-idle\">\n<figure class=\"fg-item-inner\"><a href=\"https:\/\/www.costabrava-wandern.de\/wp-content\/uploads\/GR-92-Etappe-7-Begur-Tamariu-Palafrugell-Palamos-Bild-2.jpg\" data-caption-title=\"Kleine wei\u00dfe Boote auf tiefblauem Wasser: Etappe 7 ist durchg\u00e4ngig sehr pittoresk.\" data-attachment-id=\"1025\" data-type=\"image\" class=\"fg-thumb\"><span class=\"fg-image-wrap\"><img decoding=\"async\" title=\"Petits vaixells blancs sobre aig\u00fces blaves profundes: l&#039;etapa 7 \u00e9s constantment molt pintoresca.\" height=\"300\" width=\"720\" class=\"skip-lazy fg-image\" data-src-fg=\"https:\/\/www.costabrava-wandern.de\/wp-content\/uploads\/cache\/GR-92-Etappe-7-Begur-Tamariu-Palafrugell-Palamos-Bild-2\/2901706340.jpg\" src=\"data:image\/svg+xml,%3Csvg%20xmlns%3D%22http%3A%2F%2Fwww.w3.org%2F2000%2Fsvg%22%20width%3D%22720%22%20height%3D%22300%22%20viewBox%3D%220%200%20720%20300%22%3E%3C%2Fsvg%3E\" loading=\"eager\"><\/span><span class=\"fg-image-overlay\"><\/span><\/a><figcaption class=\"fg-caption\">\n<div class=\"fg-caption-inner\">\n<div class=\"fg-caption-title\">Petits vaixells blancs sobre aig\u00fces blaves profundes: l&#039;etapa 7 \u00e9s constantment molt pintoresca.<\/div>\n<\/div>\n<\/figcaption><\/figure>\n<div class=\"fg-loader\"><\/div>\n<\/div>\n<div class=\"fg-item fg-type-image fg-idle\">\n<figure class=\"fg-item-inner\"><a href=\"https:\/\/www.costabrava-wandern.de\/wp-content\/uploads\/GR-92-Etappe-7-Begur-Tamariu-Palafrugell-Palamos-Bild-5.jpg\" data-caption-title=\"Blick vom Cap de Sant Sebasti\u00e0 in Richtung S\u00fcden. Man ahnt schon: Etappe 7 geht \u00e4hnlich pittoresk weiter\" data-attachment-id=\"1026\" data-type=\"image\" class=\"fg-thumb\"><span class=\"fg-image-wrap\"><img decoding=\"async\" title=\"Vista des del Cap de Sant Sebasti\u00e0 en direcci\u00f3 sud. Ja ho podeu endevinar: l&#039;etapa 7 continua d&#039;una manera igualment pintoresca\" height=\"300\" width=\"662\" class=\"skip-lazy fg-image\" data-src-fg=\"https:\/\/www.costabrava-wandern.de\/wp-content\/uploads\/cache\/GR-92-Etappe-7-Begur-Tamariu-Palafrugell-Palamos-Bild-5\/3202702118.jpg\" src=\"data:image\/svg+xml,%3Csvg%20xmlns%3D%22http%3A%2F%2Fwww.w3.org%2F2000%2Fsvg%22%20width%3D%22662%22%20height%3D%22300%22%20viewBox%3D%220%200%20662%20300%22%3E%3C%2Fsvg%3E\" loading=\"eager\"><\/span><span class=\"fg-image-overlay\"><\/span><\/a><figcaption class=\"fg-caption\">\n<div class=\"fg-caption-inner\">\n<div class=\"fg-caption-title\">Vista des del Cap de Sant Sebasti\u00e0 en direcci\u00f3 sud. Ja ho podeu endevinar: l&#039;etapa 7 continua d&#039;una manera igualment pintoresca<\/div>\n<\/div>\n<\/figcaption><\/figure>\n<div class=\"fg-loader\"><\/div>\n<\/div>\n<div class=\"fg-item fg-type-image fg-idle\">\n<figure class=\"fg-item-inner\"><a href=\"https:\/\/www.costabrava-wandern.de\/wp-content\/uploads\/GR-92-Etappe-7-Begur-Tamariu-Palafrugell-Palamos-Bild-8.jpg\" data-caption-title=\"Blick zur\u00fcck auf Calella de Palafrugell\" data-attachment-id=\"1027\" data-type=\"image\" class=\"fg-thumb\"><span class=\"fg-image-wrap\"><img decoding=\"async\" title=\"Mirant enrere a Calella de Palafrugell\" height=\"300\" width=\"841\" class=\"skip-lazy fg-image\" data-src-fg=\"https:\/\/www.costabrava-wandern.de\/wp-content\/uploads\/cache\/GR-92-Etappe-7-Begur-Tamariu-Palafrugell-Palamos-Bild-8\/2608660225.jpg\" src=\"data:image\/svg+xml,%3Csvg%20xmlns%3D%22http%3A%2F%2Fwww.w3.org%2F2000%2Fsvg%22%20width%3D%22841%22%20height%3D%22300%22%20viewBox%3D%220%200%20841%20300%22%3E%3C%2Fsvg%3E\" loading=\"eager\"><\/span><span class=\"fg-image-overlay\"><\/span><\/a><figcaption class=\"fg-caption\">\n<div class=\"fg-caption-inner\">\n<div class=\"fg-caption-title\">Mirant enrere a Calella de Palafrugell<\/div>\n<\/div>\n<\/figcaption><\/figure>\n<div class=\"fg-loader\"><\/div>\n<\/div>\n<div class=\"fg-item fg-type-image fg-idle\">\n<figure class=\"fg-item-inner\"><a href=\"https:\/\/www.costabrava-wandern.de\/wp-content\/uploads\/GR-92-Etappe-7-Begur-Tamariu-Palafrugell-Palamos-Bild-9.jpg\" data-caption-title=\"Nach &quot;Calella de Palafrugell&quot; f\u00fchrt der GR 92 ein gutes St\u00fcck durchs einsame Hinterland.\" data-attachment-id=\"1028\" data-type=\"image\" class=\"fg-thumb\"><span class=\"fg-image-wrap\"><img decoding=\"async\" title=\"Despr\u00e9s de &quot;Calella de Palafrugell&quot; el GR 92 condueix un bon cam\u00ed per l&#039;interior solitari.\" height=\"300\" width=\"853\" class=\"skip-lazy fg-image\" data-src-fg=\"https:\/\/www.costabrava-wandern.de\/wp-content\/uploads\/cache\/GR-92-Etappe-7-Begur-Tamariu-Palafrugell-Palamos-Bild-9\/743537320.jpg\" src=\"data:image\/svg+xml,%3Csvg%20xmlns%3D%22http%3A%2F%2Fwww.w3.org%2F2000%2Fsvg%22%20width%3D%22853%22%20height%3D%22300%22%20viewBox%3D%220%200%20853%20300%22%3E%3C%2Fsvg%3E\" loading=\"eager\"><\/span><span class=\"fg-image-overlay\"><\/span><\/a><figcaption class=\"fg-caption\">\n<div class=\"fg-caption-inner\">\n<div class=\"fg-caption-title\">Despr\u00e9s de &quot;Calella de Palafrugell&quot; el GR 92 condueix un bon cam\u00ed per l&#039;interior solitari.<\/div>\n<\/div>\n<\/figcaption><\/figure>\n<div class=\"fg-loader\"><\/div>\n<\/div>\n<div class=\"fg-item fg-type-image fg-idle\">\n<figure class=\"fg-item-inner\"><a href=\"https:\/\/www.costabrava-wandern.de\/wp-content\/uploads\/GR-92-Etappe-7-Begur-Tamariu-Palafrugell-Palamos-Bild-3.jpg\" data-caption-title=\"Ein kurzes St\u00fcck Steilk\u00fcste beim Aussichtspunkt an der &quot;Ermita de Sant Sebasti\u00e0&quot;\" data-attachment-id=\"1029\" data-type=\"image\" class=\"fg-thumb\"><span class=\"fg-image-wrap\"><img decoding=\"async\" title=\"Un petit tros de penya-segat al mirador de l&#039;Ermita de Sant Sebasti\u00e0\" height=\"300\" width=\"225\" class=\"skip-lazy fg-image\" data-src-fg=\"https:\/\/www.costabrava-wandern.de\/wp-content\/uploads\/cache\/GR-92-Etappe-7-Begur-Tamariu-Palafrugell-Palamos-Bild-3\/51238806.jpg\" data-srcset-fg=\"https:\/\/www.costabrava-wandern.de\/wp-content\/uploads\/cache\/GR-92-Etappe-7-Begur-Tamariu-Palafrugell-Palamos-Bild-3\/2794014533.jpg 2x\" src=\"data:image\/svg+xml,%3Csvg%20xmlns%3D%22http%3A%2F%2Fwww.w3.org%2F2000%2Fsvg%22%20width%3D%22225%22%20height%3D%22300%22%20viewBox%3D%220%200%20225%20300%22%3E%3C%2Fsvg%3E\" loading=\"eager\"><\/span><span class=\"fg-image-overlay\"><\/span><\/a><figcaption class=\"fg-caption\">\n<div class=\"fg-caption-inner\">\n<div class=\"fg-caption-title\">Un petit tros de penya-segat al mirador de l&#039;Ermita de Sant Sebasti\u00e0<\/div>\n<\/div>\n<\/figcaption><\/figure>\n<div class=\"fg-loader\"><\/div>\n<\/div>\n<div class=\"fg-item fg-type-image fg-idle\">\n<figure class=\"fg-item-inner\"><a href=\"https:\/\/www.costabrava-wandern.de\/wp-content\/uploads\/GR-92-Etappe-7-Begur-Tamariu-Palafrugell-Palamos-Bild-4.jpg\" data-caption-title=\"Das Cap de Sant Sebasti\u00e0 wird von einem Leuchtturm bewacht und ist zugleich bliebtes Ausflugsziel mit Hotel und Restaurant\" data-attachment-id=\"1030\" data-type=\"image\" class=\"fg-thumb\"><span class=\"fg-image-wrap\"><img decoding=\"async\" title=\"El Cap de Sant Sebasti\u00e0 est\u00e0 custodiat per un far i tamb\u00e9 \u00e9s una destinaci\u00f3 popular amb un hotel i restaurant\" height=\"300\" width=\"992\" class=\"skip-lazy fg-image\" data-src-fg=\"https:\/\/www.costabrava-wandern.de\/wp-content\/uploads\/cache\/GR-92-Etappe-7-Begur-Tamariu-Palafrugell-Palamos-Bild-4\/394672278.jpg\" src=\"data:image\/svg+xml,%3Csvg%20xmlns%3D%22http%3A%2F%2Fwww.w3.org%2F2000%2Fsvg%22%20width%3D%22992%22%20height%3D%22300%22%20viewBox%3D%220%200%20992%20300%22%3E%3C%2Fsvg%3E\" loading=\"eager\"><\/span><span class=\"fg-image-overlay\"><\/span><\/a><figcaption class=\"fg-caption\">\n<div class=\"fg-caption-inner\">\n<div class=\"fg-caption-title\">El Cap de Sant Sebasti\u00e0 est\u00e0 custodiat per un far i tamb\u00e9 \u00e9s una destinaci\u00f3 popular amb un hotel i restaurant<\/div>\n<\/div>\n<\/figcaption><\/figure>\n<div class=\"fg-loader\"><\/div>\n<\/div>\n<div class=\"fg-item fg-type-image fg-idle\">\n<figure class=\"fg-item-inner\"><a href=\"https:\/\/www.costabrava-wandern.de\/wp-content\/uploads\/GR-92-Etappe-7-Begur-Tamariu-Palafrugell-Palamos-Bild-6.jpg\" data-caption-title=\"Blick auf den h\u00fcbschen K\u00fcstenort Llafranc\" data-attachment-id=\"1031\" data-type=\"image\" class=\"fg-thumb\"><span class=\"fg-image-wrap\"><img decoding=\"async\" title=\"Vista de la bonica poblaci\u00f3 marinera de Llafranc\" height=\"300\" width=\"400\" class=\"skip-lazy fg-image\" data-src-fg=\"https:\/\/www.costabrava-wandern.de\/wp-content\/uploads\/cache\/GR-92-Etappe-7-Begur-Tamariu-Palafrugell-Palamos-Bild-6\/3946810909.jpg\" src=\"data:image\/svg+xml,%3Csvg%20xmlns%3D%22http%3A%2F%2Fwww.w3.org%2F2000%2Fsvg%22%20width%3D%22400%22%20height%3D%22300%22%20viewBox%3D%220%200%20400%20300%22%3E%3C%2Fsvg%3E\" loading=\"eager\"><\/span><span class=\"fg-image-overlay\"><\/span><\/a><figcaption class=\"fg-caption\">\n<div class=\"fg-caption-inner\">\n<div class=\"fg-caption-title\">Vista de la bonica poblaci\u00f3 marinera de Llafranc<\/div>\n<\/div>\n<\/figcaption><\/figure>\n<div class=\"fg-loader\"><\/div>\n<\/div>\n<div class=\"fg-item fg-type-image fg-idle\">\n<figure class=\"fg-item-inner\"><a href=\"https:\/\/www.costabrava-wandern.de\/wp-content\/uploads\/GR-92-Etappe-7-Begur-Tamariu-Palafrugell-Palamos-Bild-7.jpg\" data-caption-title=\"Kurz vor Calella de Palafrugell: Ein weiterer, sehr herausgeputzter Ort an der Costa Brava\" data-attachment-id=\"1032\" data-type=\"image\" class=\"fg-thumb\"><span class=\"fg-image-wrap\"><img decoding=\"async\" title=\"Just abans de Calella de Palafrugell: Un altre lloc de la Costa Brava molt arreglat\" height=\"300\" width=\"911\" class=\"skip-lazy fg-image\" data-src-fg=\"https:\/\/www.costabrava-wandern.de\/wp-content\/uploads\/cache\/GR-92-Etappe-7-Begur-Tamariu-Palafrugell-Palamos-Bild-7\/1061247704.jpg\" src=\"data:image\/svg+xml,%3Csvg%20xmlns%3D%22http%3A%2F%2Fwww.w3.org%2F2000%2Fsvg%22%20width%3D%22911%22%20height%3D%22300%22%20viewBox%3D%220%200%20911%20300%22%3E%3C%2Fsvg%3E\" loading=\"eager\"><\/span><span class=\"fg-image-overlay\"><\/span><\/a><figcaption class=\"fg-caption\">\n<div class=\"fg-caption-inner\">\n<div class=\"fg-caption-title\">Just abans de Calella de Palafrugell: Un altre lloc de la Costa Brava molt arreglat<\/div>\n<\/div>\n<\/figcaption><\/figure>\n<div class=\"fg-loader\"><\/div>\n<\/div>\n<div class=\"fg-item fg-type-image fg-idle\">\n<figure class=\"fg-item-inner\"><a href=\"https:\/\/www.costabrava-wandern.de\/wp-content\/uploads\/GR-92-Etappe-7-Begur-Tamariu-Palafrugell-Palamos-Bild-10.jpg\" data-caption-title=\"Kurz vor dem Ende von Etappe 7: Der Strand &quot;Platja Del Castell Palam\u00f3s&quot; l\u00e4dt zu einer letzten Rast mit Badepause ein\" data-attachment-id=\"1033\" data-type=\"image\" class=\"fg-thumb\"><span class=\"fg-image-wrap\"><img decoding=\"async\" title=\"Poc abans de finalitzar l&#039;etapa 7: La platja &quot;Platja del Castell Palam\u00f3s&quot; us convida a fer un \u00faltim descans amb un bany.\" height=\"300\" width=\"855\" class=\"skip-lazy fg-image\" data-src-fg=\"https:\/\/www.costabrava-wandern.de\/wp-content\/uploads\/cache\/GR-92-Etappe-7-Begur-Tamariu-Palafrugell-Palamos-Bild-10\/1305311713.jpg\" src=\"data:image\/svg+xml,%3Csvg%20xmlns%3D%22http%3A%2F%2Fwww.w3.org%2F2000%2Fsvg%22%20width%3D%22855%22%20height%3D%22300%22%20viewBox%3D%220%200%20855%20300%22%3E%3C%2Fsvg%3E\" loading=\"eager\"><\/span><span class=\"fg-image-overlay\"><\/span><\/a><figcaption class=\"fg-caption\">\n<div class=\"fg-caption-inner\">\n<div class=\"fg-caption-title\">Poc abans de finalitzar l&#039;etapa 7: La platja &quot;Platja del Castell Palam\u00f3s&quot; us convida a fer un \u00faltim descans amb un bany.<\/div>\n<\/div>\n<\/figcaption><\/figure>\n<div class=\"fg-loader\"><\/div>\n<\/div>\n<div class=\"fg-item fg-type-image fg-idle\">\n<figure class=\"fg-item-inner\"><a href=\"https:\/\/www.costabrava-wandern.de\/wp-content\/uploads\/GR-92-Etappe-7-Begur-Tamariu-Palafrugell-Palamos-Bild-11.jpg\" data-caption-title=\"Das Wasser an der Costa Brava ist so klar, dass man gut erkennen kann, wie die Boote im Wasser &quot;schweben&quot;.\" data-attachment-id=\"1034\" data-type=\"image\" class=\"fg-thumb\"><span class=\"fg-image-wrap\"><img decoding=\"async\" title=\"L&#039;aigua de la Costa Brava \u00e9s tan clara que es veu clarament com les barques &quot;floten&quot; a l&#039;aigua.\" height=\"300\" width=\"400\" class=\"skip-lazy fg-image\" data-src-fg=\"https:\/\/www.costabrava-wandern.de\/wp-content\/uploads\/cache\/GR-92-Etappe-7-Begur-Tamariu-Palafrugell-Palamos-Bild-11\/4147383798.jpg\" src=\"data:image\/svg+xml,%3Csvg%20xmlns%3D%22http%3A%2F%2Fwww.w3.org%2F2000%2Fsvg%22%20width%3D%22400%22%20height%3D%22300%22%20viewBox%3D%220%200%20400%20300%22%3E%3C%2Fsvg%3E\" loading=\"eager\"><\/span><span class=\"fg-image-overlay\"><\/span><\/a><figcaption class=\"fg-caption\">\n<div class=\"fg-caption-inner\">\n<div class=\"fg-caption-title\">L&#039;aigua de la Costa Brava \u00e9s tan clara que es veu clarament com les barques &quot;floten&quot; a l&#039;aigua.<\/div>\n<\/div>\n<\/figcaption><\/figure>\n<div class=\"fg-loader\"><\/div>\n<\/div>\n<\/div>\n<\/div>\n<\/div><\/div><div id=\"panel-166-2-0-1\" class=\"so-panel widget widget_lsow-portfolio panel-last-child\" data-index=\"6\" ><div\n\t\t\t\n\t\t\tclass=\"so-widget-lsow-portfolio so-widget-lsow-portfolio-default-1398c7c9e37b-166\"\n\t\t\t\n\t\t><h3 class=\"widget-title\">Hotels i pensions recomanats<\/h3><div class=\"lsow-portfolio-wrap lsow-gapless-grid\"><div id=\"lsow-portfolio-69f43094ee07f\" class=\"lsow-portfolio js-isotope lsow-fitRows lsow-grid-container  lsow-grid-desktop-2 lsow-grid-tablet-2 lsow-grid-mobile-1\" data-isotope-options='{ \"itemSelector\": \".lsow-portfolio-item\", \"layoutMode\": \"fitRows\"}'><div data-id=\"id-100\" class=\"lsow-grid-item lsow-portfolio-item  term-4\"><article id=\"post-100\" class=\"post-100 post type-post status-publish format-standard has-post-thumbnail hentry category-gr-92-unterkuenfte post-with-thumbnail post-with-thumbnail-large\"><div class=\"lsow-project-image\"><a href=\"https:\/\/www.costabrava-wandern.de\/ca\/etappe-7-uebernachtung-palamos\/\" target=\"_self\"><img decoding=\"async\" width=\"720\" height=\"288\" src=\"https:\/\/www.costabrava-wandern.de\/wp-content\/uploads\/Hotel-Sant-Joan-in-Palamos-Pool-und-gr\u00fcner-Garten-in-der-Abendsonne-1024x410.jpg\" class=\"lsow-image skip-lazy no-lazyload exclude-me a3-notlazy wp-post-image\" alt=\"\" data-no-lazy=\"1\" loading=\"eager\" srcset=\"\" sizes=\"(max-width: 720px) 100vw, 720px\" data-srcset=\"\" \/><\/a><div class=\"lsow-image-info\"><div class=\"lsow-entry-info\"><h3 class=\"lsow-post-title\"><a href=\"https:\/\/www.costabrava-wandern.de\/ca\/etappe-7-uebernachtung-palamos\/\" title=\"Etapa 7: Pernocta a Palam\u00f3s\" target=\"_self\" rel=\"bookmark\">Etapa 7: Pernocta a Palam\u00f3s<\/a><\/h3><\/div><\/div><!-- .lsow-image-info --><\/div><\/article><!-- .hentry --><\/div><\/div><!-- .lsow-portfolio --><\/div><!-- .lsow-portfolio-wrap --><\/div><\/div><\/div><\/div><\/div>","protected":false},"excerpt":{"rendered":"<p>Die heutige Etappe des Cam\u00ed de Ronda verl\u00e4uft ab Tamariu sehr pittoresk an der K\u00fcste entlang. Wir verlassen Begur in s\u00fcdlicher Richtung. Sobald wir die letzten H\u00e4user des Ortes hinter uns gelassen haben, zweigt der GR-92\u00a0von der Stra\u00dfe nach links ab und wird zu einem Wanderweg. Wir laufen leicht bergab durch bewaldetes Gebiet und erreichen [&hellip;]<\/p>\n","protected":false},"author":1,"featured_media":0,"comment_status":"closed","ping_status":"open","sticky":false,"template":"","format":"standard","meta":{"footnotes":""},"categories":[9,15],"tags":[],"class_list":["post-166","post","type-post","status-publish","format-standard","hentry","category-gr92-etappe-4-bis-7-von-roses-oder-empuriabrava-bis-palamos","category-etappe-7"],"_links":{"self":[{"href":"https:\/\/www.costabrava-wandern.de\/ca\/wp-json\/wp\/v2\/posts\/166","targetHints":{"allow":["GET"]}}],"collection":[{"href":"https:\/\/www.costabrava-wandern.de\/ca\/wp-json\/wp\/v2\/posts"}],"about":[{"href":"https:\/\/www.costabrava-wandern.de\/ca\/wp-json\/wp\/v2\/types\/post"}],"author":[{"embeddable":true,"href":"https:\/\/www.costabrava-wandern.de\/ca\/wp-json\/wp\/v2\/users\/1"}],"replies":[{"embeddable":true,"href":"https:\/\/www.costabrava-wandern.de\/ca\/wp-json\/wp\/v2\/comments?post=166"}],"version-history":[{"count":0,"href":"https:\/\/www.costabrava-wandern.de\/ca\/wp-json\/wp\/v2\/posts\/166\/revisions"}],"wp:attachment":[{"href":"https:\/\/www.costabrava-wandern.de\/ca\/wp-json\/wp\/v2\/media?parent=166"}],"wp:term":[{"taxonomy":"category","embeddable":true,"href":"https:\/\/www.costabrava-wandern.de\/ca\/wp-json\/wp\/v2\/categories?post=166"},{"taxonomy":"post_tag","embeddable":true,"href":"https:\/\/www.costabrava-wandern.de\/ca\/wp-json\/wp\/v2\/tags?post=166"}],"curies":[{"name":"wp","href":"https:\/\/api.w.org\/{rel}","templated":true}]}}