{"id":168,"date":"2015-05-23T06:57:35","date_gmt":"2015-05-23T06:57:35","guid":{"rendered":"https:\/\/www.costabrava-wandern.de\/?p=168"},"modified":"2019-12-16T10:23:40","modified_gmt":"2019-12-16T09:23:40","slug":"gr-92-etapa-6-direccions","status":"publish","type":"post","link":"https:\/\/www.costabrava-wandern.de\/ca\/gr-92-etappe-6-wegbeschreibung\/","title":{"rendered":"Etapa 6: Indicacions"},"content":{"rendered":"<div id=\"pl-168\"  class=\"panel-layout\" ><div id=\"pg-168-0\"  class=\"panel-grid panel-no-style\" ><div id=\"pgc-168-0-0\"  class=\"panel-grid-cell\" ><div id=\"panel-168-0-0-0\" class=\"so-panel widget widget_metaslider_widget panel-first-child panel-last-child\" data-index=\"0\" ><div id=\"metaslider-id-766\" style=\"width: 100%;\" class=\"ml-slider-3-108-0 metaslider metaslider-flex metaslider-766 ml-slider has-dots-nav ms-theme-simply-dark\" role=\"region\" aria-label=\"etapa 6\" data-height=\"450\" data-width=\"1200\">\n    <div id=\"metaslider_container_766\">\n        <div id=\"metaslider_766\">\n            <ul class='slides'>\n                <li style=\"display: block; width: 100%;\" class=\"slide-959 ms-image\" aria-roledescription=\"slide\" data-date=\"2016-12-11 18:11:19\" data-filename=\"GR-92-Etappe6-von-Torroella-de-Montgr\u00ed-nach-Begur-1-1200x450.jpg\" data-slide-type=\"image\"><img loading=\"lazy\" decoding=\"async\" src=\"https:\/\/www.costabrava-wandern.de\/wp-content\/uploads\/GR-92-Etappe6-von-Torroella-de-Montgr\u00ed-nach-Begur-1-1200x450.jpg\" height=\"450\" width=\"1200\" alt=\"\" class=\"slider-766 slide-959 msDefaultImage\" \/><div class=\"caption-wrap\"><div class=\"caption\">El castell &quot;Castello del Montgr\u00ed&quot; tamb\u00e9 \u00e9s un motiu fotogr\u00e0fic impressionant a l&#039;escenari 6<\/div><\/div><\/li>\n                <li style=\"display: none; width: 100%;\" class=\"slide-961 ms-image\" aria-roledescription=\"slide\" data-date=\"2016-12-11 18:11:32\" data-filename=\"GR-92-Etappe6-von-Torroella-de-Montgr\u00ed-nach-Begur-2-1200x450.jpg\" data-slide-type=\"image\"><img loading=\"lazy\" decoding=\"async\" src=\"https:\/\/www.costabrava-wandern.de\/wp-content\/uploads\/GR-92-Etappe6-von-Torroella-de-Montgr\u00ed-nach-Begur-2-1200x450.jpg\" height=\"450\" width=\"1200\" alt=\"\" class=\"slider-766 slide-961 msDefaultImage\" \/><div class=\"caption-wrap\"><div class=\"caption\">El poble circular de &quot;Palau-Sator&quot; es troba al mig de l&#039;etapa d&#039;avui<\/div><\/div><\/li>\n                <li style=\"display: none; width: 100%;\" class=\"slide-960 ms-image\" aria-roledescription=\"slide\" data-date=\"2016-12-11 18:11:29\" data-filename=\"GR-92-Etappe6-von-Torroella-de-Montgr\u00ed-nach-Begur-8-1200x450.jpg\" data-slide-type=\"image\"><img loading=\"lazy\" decoding=\"async\" src=\"https:\/\/www.costabrava-wandern.de\/wp-content\/uploads\/GR-92-Etappe6-von-Torroella-de-Montgr\u00ed-nach-Begur-8-1200x450.jpg\" height=\"450\" width=\"1200\" alt=\"\" class=\"slider-766 slide-960 msDefaultImage\" \/><div class=\"caption-wrap\"><div class=\"caption\">Al final de l&#039;etapa 6, val la pena una visita al Castell de Begur: un moment molt especial, sobretot sota el sol del vespre.<\/div><\/div><\/li>\n            <\/ul>\n        <\/div>\n        \n    <\/div>\n<\/div><\/div><\/div><\/div><div id=\"pg-168-1\"  class=\"panel-grid panel-no-style\" ><div id=\"pgc-168-1-0\"  class=\"panel-grid-cell\" ><div id=\"panel-168-1-0-0\" class=\"so-panel widget widget_sow-editor panel-first-child panel-last-child\" data-index=\"1\" ><div\n\t\t\t\n\t\t\tclass=\"so-widget-sow-editor so-widget-sow-editor-base\"\n\t\t\t\n\t\t><h3 class=\"widget-title\">Des de Toroella de Montgr\u00ed fins a Begur pel preci\u00f3s interior<\/h3>\n<div class=\"siteorigin-widget-tinymce textwidget\">\n\t<p>L&#039;etapa d&#039;avui \u00e9s for\u00e7a relaxada i ens porta per l&#039;encantador interior. Sortim de Toroella de Montgr\u00ed i anem cap al sud per camins de terra i carreteres. Val la pena mirar enrere: el castell del &quot;Castello del Montgr\u00ed&quot;, que va ser a l&#039;escenari d&#039;ahir, est\u00e0 entronitzat a la cadena de turons i tamb\u00e9 \u00e9s un motiu fotogr\u00e0fic impressionant de lluny.<\/p>\n<p>Avui fem senderisme per una zona agr\u00edcola, passant per horts i camps, de vegades hem d&#039;evitar un tractor. Al llarg del cam\u00ed hi ha uns quants pobles petits i molt bonics, com el poble circular de Palau-Sator.<\/p>\n<p>La pintoresca ciutat de Pals val la pena una visita, ja que el seu nucli antic medieval dalt d&#039;un tur\u00f3 \u00e9s un edifici catalogat. No debades que el lloc sigui molt popular entre molts turistes. Des de Pals continuem en direcci\u00f3 est i tornem a apropar-nos a la costa. Les rutes de senderisme ben tra\u00e7ades porten lleugerament baixant i pujant de nou fins a Begur, dest\u00ed de l&#039;etapa d&#039;avui. <a href=\"https:\/\/www.costabrava-wandern.de\/ca\/etapa-6-pernocta-a-begur\/\">Hi ha diverses opcions d&#039;allotjament a Begur, algunes de les quals s\u00f3n molt agradables<\/a>.<\/p>\n<p>El nucli hist\u00f2ric de Begur est\u00e0 situat en un tur\u00f3, al cim del qual es veuen de lluny les ru\u00efnes d&#039;un castell medieval. Si no esteu massa cansats de l&#039;excursi\u00f3, segur que haur\u00edeu de pujar al castell: la vista des de dalt sobre l&#039;interior i la costa \u00e9s impressionant!<\/p>\n<\/div>\n<\/div><\/div><\/div><div id=\"pgc-168-1-1\"  class=\"panel-grid-cell\" ><div id=\"panel-168-1-1-0\" class=\"so-panel widget widget_text panel-first-child\" data-index=\"2\" ><h3 class=\"widget-title\">Fets sobre l&#039;etapa 6<\/h3>\t\t\t<div class=\"textwidget\"><p><b>Altitud:<\/b> 390 m de pujada \/ 210 m de baixada<br \/>\n<b>Ruta:<\/b> 21,5 km<br \/>\n<b>Durada:<\/b> 6:30 h (sense pauses)<br \/>\n<b>Pernoctaci\u00f3:<\/b> <a href=\"https:\/\/www.costabrava-wandern.de\/ca\/etapa-6-pernocta-a-begur\/\">Hotels i pensions a Begur<\/a><\/p>\n<\/div>\n\t\t<\/div><div id=\"panel-168-1-1-1\" class=\"so-panel widget widget_edd_product_details\" data-index=\"3\" ><h3 class=\"widget-title\">Desc\u00e0rrega de la ruta - GR92 etapa 6 (fitxer GPX)<\/h3>\t<form id=\"edd_purchase_350\" class=\"edd_download_purchase_form edd_purchase_350\" method=\"post\" action=\"\">\n\n\t\t\n\t\t<div class=\"edd_purchase_submit_wrapper\">\n\t\t\t<button class=\"edd-add-to-cart button orange edd-submit\" data-nonce=\"4ec84d41ec\" data-timestamp=\"1777534416\" data-token=\"906df0420e8b9a3a1fabd7d6d97cd4ba73c8d5e4d270808ef79ec074303f7571\" data-action=\"edd_add_to_cart\" data-download-id=\"350\" data-variable-price=\"no\" data-price-mode=\"single\" data-price=\"0.00\" ><span class=\"edd-add-to-cart-label\">Gratu\u00eft - Afegeix a la cistella<\/span> <span class=\"edd-loading\" aria-label=\"Carregant\"><\/span><\/button><input type=\"submit\" class=\"edd-add-to-cart edd-no-js button orange edd-submit\" name=\"edd_purchase_download\" value=\"Gratu\u00eft - Afegeix a la cistella\" data-action=\"edd_add_to_cart\" data-download-id=\"350\" data-variable-price=\"no\" data-price-mode=\"single\" \/><a href=\"https:\/\/www.costabrava-wandern.de\/ca\/checkout\/?nocache=true\" class=\"edd_go_to_checkout button orange edd-submit\" style=\"display:none;\">Veure la cistella de la compra<\/a>\n\t\t\t\t\t\t\t<span class=\"edd-cart-ajax-alert\" aria-live=\"assertive\">\n\t\t\t\t\t<span class=\"edd-cart-added-alert\" style=\"display: none;\">\n\t\t\t\t\t\t<svg class=\"edd-icon edd-icon-check\" xmlns=\"http:\/\/www.w3.org\/2000\/svg\" width=\"28\" height=\"28\" viewbox=\"0 0 28 28\" aria-hidden=\"true\">\n\t\t\t\t\t\t\t<path d=\"M26.11 8.844c0 .39-.157.78-.44 1.062L12.234 23.344c-.28.28-.672.438-1.062.438s-.78-.156-1.06-.438l-7.782-7.78c-.28-.282-.438-.673-.438-1.063s.156-.78.438-1.06l2.125-2.126c.28-.28.672-.438 1.062-.438s.78.156 1.062.438l4.594 4.61L21.42 5.656c.282-.28.673-.438 1.063-.438s.78.155 1.062.437l2.125 2.125c.28.28.438.672.438 1.062z\"\/>\n\t\t\t\t\t\t<\/svg>\n\t\t\t\t\t\tAfegit al carret\t\t\t\t\t<\/span>\n\t\t\t\t<\/span>\n\t\t\t\t\t\t\t\t<\/div><!--end .edd_purchase_submit_wrapper-->\n\n\t\t<input type=\"hidden\" name=\"download_id\" value=\"350\">\n\t\t\t\t\t\t\t<input type=\"hidden\" name=\"edd_action\" class=\"edd_action_input\" value=\"add_to_cart\">\n\t\t\n\t\t\n\t\t\n\t\t\n\t<input type=\"hidden\" name=\"trp-form-language\" value=\"ca\"\/><\/form><!--end #edd_purchase_350-->\n\t<\/div><div id=\"panel-168-1-1-2\" class=\"so-panel widget widget_text panel-last-child\" data-index=\"4\" >\t\t\t<div class=\"textwidget\"><p>Totes les altres desc\u00e0rregues es poden trobar a <a href=\"https:\/\/www.costabrava-wandern.de\/ca\/descarregues-de-material-de-mapes\/\">mapes<\/a>.<\/p>\n<\/div>\n\t\t<\/div><\/div><\/div><div id=\"pg-168-2\"  class=\"panel-grid panel-no-style\" ><div id=\"pgc-168-2-0\"  class=\"panel-grid-cell\" ><div id=\"panel-168-2-0-0\" class=\"so-panel widget widget_sow-editor panel-first-child\" data-index=\"5\" ><div\n\t\t\t\n\t\t\tclass=\"so-widget-sow-editor so-widget-sow-editor-base\"\n\t\t\t\n\t\t>\n<div class=\"siteorigin-widget-tinymce textwidget\">\n\t<style type=\"text\/css\">\n#foogallery-gallery-21796.fg-justified .fg-item { margin-right: 1px; margin-bottom: 1px; }\n#foogallery-gallery-21796.fg-justified .fg-image { height: 150px; }<\/style>\n<div class=\"foogallery foogallery-container foogallery-justified foogallery-lightbox-none fg-justified fg-ready fg-light fg-loading-default fg-loaded-fade-in fg-caption-hover fg-hover-fade fg-hover-zoom\" id=\"foogallery-gallery-21796\" data-foogallery=\"{&quot;item&quot;:{&quot;showCaptionTitle&quot;:true,&quot;showCaptionDescription&quot;:true},&quot;lazy&quot;:true,&quot;template&quot;:{&quot;rowHeight&quot;:150,&quot;maxRowHeight&quot;:300,&quot;margins&quot;:1,&quot;align&quot;:&quot;center&quot;,&quot;lastRow&quot;:&quot;smart&quot;}}\" style=\"--fg-title-line-clamp: 0; --fg-description-line-clamp: 0;\" >\n<div class=\"fg-item fg-type-image fg-idle\">\n<figure class=\"fg-item-inner\"><a href=\"https:\/\/www.costabrava-wandern.de\/wp-content\/uploads\/GR-92-Etappe6-von-Torroella-de-Montgr\u00ed-nach-Begur-1.jpg\" data-caption-title=\"Die Burg &quot;Castello del Montgr\u00ed&quot; ist auch auf Etappe 6 ein imposantes Fotomotiv\" data-attachment-id=\"959\" data-type=\"image\" class=\"fg-thumb\"><span class=\"fg-image-wrap\"><img fetchpriority=\"high\" decoding=\"async\" title=\"El castell &quot;Castello del Montgr\u00ed&quot; tamb\u00e9 \u00e9s un motiu fotogr\u00e0fic impressionant a l&#039;escenari 6\" height=\"300\" width=\"813\" class=\"skip-lazy fg-image\" data-src-fg=\"https:\/\/www.costabrava-wandern.de\/wp-content\/uploads\/cache\/GR-92-Etappe6-von-Torroella-de-Montgr\u00ed-nach-Begur-1\/105895387.jpg\" src=\"data:image\/svg+xml,%3Csvg%20xmlns%3D%22http%3A%2F%2Fwww.w3.org%2F2000%2Fsvg%22%20width%3D%22813%22%20height%3D%22300%22%20viewBox%3D%220%200%20813%20300%22%3E%3C%2Fsvg%3E\" loading=\"eager\"><\/span><span class=\"fg-image-overlay\"><\/span><\/a><figcaption class=\"fg-caption\">\n<div class=\"fg-caption-inner\">\n<div class=\"fg-caption-title\">El castell &quot;Castello del Montgr\u00ed&quot; tamb\u00e9 \u00e9s un motiu fotogr\u00e0fic impressionant a l&#039;escenari 6<\/div>\n<\/div>\n<\/figcaption><\/figure>\n<div class=\"fg-loader\"><\/div>\n<\/div>\n<div class=\"fg-item fg-type-image fg-idle\">\n<figure class=\"fg-item-inner\"><a href=\"https:\/\/www.costabrava-wandern.de\/wp-content\/uploads\/GR-92-Etappe6-von-Torroella-de-Montgr\u00ed-nach-Begur-2.jpg\" data-caption-title=\"Der kreisrunde Ort &quot;Palau-Sator&quot; liegt in der Mitte unserer heutigen Etappe\" data-attachment-id=\"961\" data-type=\"image\" class=\"fg-thumb\"><span class=\"fg-image-wrap\"><img decoding=\"async\" title=\"El poble circular de &quot;Palau-Sator&quot; es troba al mig de l&#039;etapa d&#039;avui\" height=\"300\" width=\"853\" class=\"skip-lazy fg-image\" data-src-fg=\"https:\/\/www.costabrava-wandern.de\/wp-content\/uploads\/cache\/GR-92-Etappe6-von-Torroella-de-Montgr\u00ed-nach-Begur-2\/1864401177.jpg\" src=\"data:image\/svg+xml,%3Csvg%20xmlns%3D%22http%3A%2F%2Fwww.w3.org%2F2000%2Fsvg%22%20width%3D%22853%22%20height%3D%22300%22%20viewBox%3D%220%200%20853%20300%22%3E%3C%2Fsvg%3E\" loading=\"eager\"><\/span><span class=\"fg-image-overlay\"><\/span><\/a><figcaption class=\"fg-caption\">\n<div class=\"fg-caption-inner\">\n<div class=\"fg-caption-title\">El poble circular de &quot;Palau-Sator&quot; es troba al mig de l&#039;etapa d&#039;avui<\/div>\n<\/div>\n<\/figcaption><\/figure>\n<div class=\"fg-loader\"><\/div>\n<\/div>\n<div class=\"fg-item fg-type-image fg-idle\">\n<figure class=\"fg-item-inner\"><a href=\"https:\/\/www.costabrava-wandern.de\/wp-content\/uploads\/GR-92-Etappe6-von-Torroella-de-Montgr\u00ed-nach-Begur-3.jpg\" data-caption-title=\"Manchmal eignet sich auch eine Pf\u00fctze als Fotomotiv\" data-attachment-id=\"962\" data-type=\"image\" class=\"fg-thumb\"><span class=\"fg-image-wrap\"><img decoding=\"async\" title=\"De vegades, un bassal tamb\u00e9 \u00e9s adequat com a motiu fotogr\u00e0fic\" height=\"300\" width=\"400\" class=\"skip-lazy fg-image\" data-src-fg=\"https:\/\/www.costabrava-wandern.de\/wp-content\/uploads\/cache\/GR-92-Etappe6-von-Torroella-de-Montgr\u00ed-nach-Begur-3\/1557012047.jpg\" src=\"data:image\/svg+xml,%3Csvg%20xmlns%3D%22http%3A%2F%2Fwww.w3.org%2F2000%2Fsvg%22%20width%3D%22400%22%20height%3D%22300%22%20viewBox%3D%220%200%20400%20300%22%3E%3C%2Fsvg%3E\" loading=\"eager\"><\/span><span class=\"fg-image-overlay\"><\/span><\/a><figcaption class=\"fg-caption\">\n<div class=\"fg-caption-inner\">\n<div class=\"fg-caption-title\">De vegades, un bassal tamb\u00e9 \u00e9s adequat com a motiu fotogr\u00e0fic<\/div>\n<\/div>\n<\/figcaption><\/figure>\n<div class=\"fg-loader\"><\/div>\n<\/div>\n<div class=\"fg-item fg-type-image fg-idle\">\n<figure class=\"fg-item-inner\"><a href=\"https:\/\/www.costabrava-wandern.de\/wp-content\/uploads\/GR-92-Etappe6-von-Torroella-de-Montgr\u00ed-nach-Begur-4.jpg\" data-caption-title=\"Auf Etappe 6 wandern wir zur Abwechslung mal durch Obstplantagen\" data-attachment-id=\"963\" data-type=\"image\" class=\"fg-thumb\"><span class=\"fg-image-wrap\"><img decoding=\"async\" title=\"A l&#039;etapa 6 fem una caminada per horts per variar\" height=\"300\" width=\"400\" class=\"skip-lazy fg-image\" data-src-fg=\"https:\/\/www.costabrava-wandern.de\/wp-content\/uploads\/cache\/GR-92-Etappe6-von-Torroella-de-Montgr\u00ed-nach-Begur-4\/3051855825.jpg\" src=\"data:image\/svg+xml,%3Csvg%20xmlns%3D%22http%3A%2F%2Fwww.w3.org%2F2000%2Fsvg%22%20width%3D%22400%22%20height%3D%22300%22%20viewBox%3D%220%200%20400%20300%22%3E%3C%2Fsvg%3E\" loading=\"eager\"><\/span><span class=\"fg-image-overlay\"><\/span><\/a><figcaption class=\"fg-caption\">\n<div class=\"fg-caption-inner\">\n<div class=\"fg-caption-title\">A l&#039;etapa 6 fem una caminada per horts per variar<\/div>\n<\/div>\n<\/figcaption><\/figure>\n<div class=\"fg-loader\"><\/div>\n<\/div>\n<div class=\"fg-item fg-type-image fg-idle\">\n<figure class=\"fg-item-inner\"><a href=\"https:\/\/www.costabrava-wandern.de\/wp-content\/uploads\/GR-92-Etappe6-von-Torroella-de-Montgr\u00ed-nach-Begur-5.jpg\" data-caption-title=\"Heute ist der Wanderweg deutlich lieblicher als gestern\" data-attachment-id=\"964\" data-type=\"image\" class=\"fg-thumb\"><span class=\"fg-image-wrap\"><img decoding=\"async\" title=\"Avui el cam\u00ed \u00e9s molt m\u00e9s bonic que ahir\" height=\"300\" width=\"400\" class=\"skip-lazy fg-image\" data-src-fg=\"https:\/\/www.costabrava-wandern.de\/wp-content\/uploads\/cache\/GR-92-Etappe6-von-Torroella-de-Montgr\u00ed-nach-Begur-5\/3210292761.jpg\" src=\"data:image\/svg+xml,%3Csvg%20xmlns%3D%22http%3A%2F%2Fwww.w3.org%2F2000%2Fsvg%22%20width%3D%22400%22%20height%3D%22300%22%20viewBox%3D%220%200%20400%20300%22%3E%3C%2Fsvg%3E\" loading=\"eager\"><\/span><span class=\"fg-image-overlay\"><\/span><\/a><figcaption class=\"fg-caption\">\n<div class=\"fg-caption-inner\">\n<div class=\"fg-caption-title\">Avui el cam\u00ed \u00e9s molt m\u00e9s bonic que ahir<\/div>\n<\/div>\n<\/figcaption><\/figure>\n<div class=\"fg-loader\"><\/div>\n<\/div>\n<div class=\"fg-item fg-type-image fg-idle\">\n<figure class=\"fg-item-inner\"><a href=\"https:\/\/www.costabrava-wandern.de\/wp-content\/uploads\/GR-92-Etappe6-von-Torroella-de-Montgr\u00ed-nach-Begur-10.jpg\" data-caption-title=\"Etappe 6 f\u00fchrt durch Pals - eine kleine Stadt mit denkmalgesch\u00fctztem mittelalterlichen Ortskern.\" data-attachment-id=\"1014\" data-type=\"image\" class=\"fg-thumb\"><span class=\"fg-image-wrap\"><img decoding=\"async\" title=\"L&#039;etapa 6 passa per Pals, un petit poble amb un nucli medieval catalogat.\" height=\"300\" width=\"1059\" class=\"skip-lazy fg-image\" data-src-fg=\"https:\/\/www.costabrava-wandern.de\/wp-content\/uploads\/cache\/GR-92-Etappe6-von-Torroella-de-Montgr\u00ed-nach-Begur-10\/2286702480.jpg\" src=\"data:image\/svg+xml,%3Csvg%20xmlns%3D%22http%3A%2F%2Fwww.w3.org%2F2000%2Fsvg%22%20width%3D%221059%22%20height%3D%22300%22%20viewBox%3D%220%200%201059%20300%22%3E%3C%2Fsvg%3E\" loading=\"eager\"><\/span><span class=\"fg-image-overlay\"><\/span><\/a><figcaption class=\"fg-caption\">\n<div class=\"fg-caption-inner\">\n<div class=\"fg-caption-title\">L&#039;etapa 6 passa per Pals, un petit poble amb un nucli medieval catalogat.<\/div>\n<\/div>\n<\/figcaption><\/figure>\n<div class=\"fg-loader\"><\/div>\n<\/div>\n<div class=\"fg-item fg-type-image fg-idle\">\n<figure class=\"fg-item-inner\"><a href=\"https:\/\/www.costabrava-wandern.de\/wp-content\/uploads\/GR-92-Etappe6-von-Torroella-de-Montgr\u00ed-nach-Begur-8.jpg\" data-caption-title=\"Am Ende von Etappe 6 lohnt ein Besuch der Burg von Begur: Gerade in der Abendsonne ein ganz besonderer Moment\" data-attachment-id=\"960\" data-type=\"image\" class=\"fg-thumb\"><span class=\"fg-image-wrap\"><img decoding=\"async\" title=\"Al final de l&#039;etapa 6, val la pena una visita al Castell de Begur: un moment molt especial, sobretot sota el sol del vespre.\" height=\"300\" width=\"978\" class=\"skip-lazy fg-image\" data-src-fg=\"https:\/\/www.costabrava-wandern.de\/wp-content\/uploads\/cache\/GR-92-Etappe6-von-Torroella-de-Montgr\u00ed-nach-Begur-8\/487331158.jpg\" src=\"data:image\/svg+xml,%3Csvg%20xmlns%3D%22http%3A%2F%2Fwww.w3.org%2F2000%2Fsvg%22%20width%3D%22978%22%20height%3D%22300%22%20viewBox%3D%220%200%20978%20300%22%3E%3C%2Fsvg%3E\" loading=\"eager\"><\/span><span class=\"fg-image-overlay\"><\/span><\/a><figcaption class=\"fg-caption\">\n<div class=\"fg-caption-inner\">\n<div class=\"fg-caption-title\">Al final de l&#039;etapa 6, val la pena una visita al Castell de Begur: un moment molt especial, sobretot sota el sol del vespre.<\/div>\n<\/div>\n<\/figcaption><\/figure>\n<div class=\"fg-loader\"><\/div>\n<\/div>\n<div class=\"fg-item fg-type-image fg-idle\">\n<figure class=\"fg-item-inner\"><a href=\"https:\/\/www.costabrava-wandern.de\/wp-content\/uploads\/GR-92-Etappe6-von-Torroella-de-Montgr\u00ed-nach-Begur-9.jpg\" data-caption-title=\"Abendstimmung auf der Burg von Begur\" data-attachment-id=\"965\" data-type=\"image\" class=\"fg-thumb\"><span class=\"fg-image-wrap\"><img decoding=\"async\" title=\"Ambient de tarda al Castell de Begur\" height=\"300\" width=\"558\" class=\"skip-lazy fg-image\" data-src-fg=\"https:\/\/www.costabrava-wandern.de\/wp-content\/uploads\/cache\/GR-92-Etappe6-von-Torroella-de-Montgr\u00ed-nach-Begur-9\/186299345.jpg\" data-srcset-fg=\"https:\/\/www.costabrava-wandern.de\/wp-content\/uploads\/cache\/GR-92-Etappe6-von-Torroella-de-Montgr\u00ed-nach-Begur-9\/426748695.jpg 2x\" src=\"data:image\/svg+xml,%3Csvg%20xmlns%3D%22http%3A%2F%2Fwww.w3.org%2F2000%2Fsvg%22%20width%3D%22558%22%20height%3D%22300%22%20viewBox%3D%220%200%20558%20300%22%3E%3C%2Fsvg%3E\" loading=\"eager\"><\/span><span class=\"fg-image-overlay\"><\/span><\/a><figcaption class=\"fg-caption\">\n<div class=\"fg-caption-inner\">\n<div class=\"fg-caption-title\">Ambient de tarda al Castell de Begur<\/div>\n<\/div>\n<\/figcaption><\/figure>\n<div class=\"fg-loader\"><\/div>\n<\/div>\n<\/div>\n<\/div>\n<\/div><\/div><div id=\"panel-168-2-0-1\" class=\"so-panel widget widget_lsow-portfolio panel-last-child\" data-index=\"6\" ><div\n\t\t\t\n\t\t\tclass=\"so-widget-lsow-portfolio so-widget-lsow-portfolio-default-1398c7c9e37b-168\"\n\t\t\t\n\t\t><h3 class=\"widget-title\">Hotels i pensions recomanats<\/h3><div class=\"lsow-portfolio-wrap lsow-gapless-grid\"><div id=\"lsow-portfolio-69f305d0a14ea\" class=\"lsow-portfolio js-isotope lsow-fitRows lsow-grid-container  lsow-grid-desktop-2 lsow-grid-tablet-2 lsow-grid-mobile-1\" data-isotope-options='{ \"itemSelector\": \".lsow-portfolio-item\", \"layoutMode\": \"fitRows\"}'><div data-id=\"id-102\" class=\"lsow-grid-item lsow-portfolio-item  term-4\"><article id=\"post-102\" class=\"post-102 post type-post status-publish format-standard has-post-thumbnail hentry category-gr-92-unterkuenfte post-with-thumbnail post-with-thumbnail-large\"><div class=\"lsow-project-image\"><a href=\"https:\/\/www.costabrava-wandern.de\/ca\/etappe-6-uebernachtung-in-begur\/\" target=\"_self\"><img decoding=\"async\" width=\"720\" height=\"223\" src=\"https:\/\/www.costabrava-wandern.de\/wp-content\/uploads\/Hotel-Cluc-in-Begur-Ausblick-von-der-s\u00fcdlichen-Terrasse-1024x317.jpg\" class=\"lsow-image skip-lazy no-lazyload exclude-me a3-notlazy wp-post-image\" alt=\"\" data-no-lazy=\"1\" loading=\"eager\" srcset=\"https:\/\/www.costabrava-wandern.de\/wp-content\/uploads\/Hotel-Cluc-in-Begur-Ausblick-von-der-s\u00fcdlichen-Terrasse-1024x317.jpg 1024w, https:\/\/www.costabrava-wandern.de\/wp-content\/uploads\/Hotel-Cluc-in-Begur-Ausblick-von-der-s\u00fcdlichen-Terrasse-150x47.jpg 150w, https:\/\/www.costabrava-wandern.de\/wp-content\/uploads\/Hotel-Cluc-in-Begur-Ausblick-von-der-s\u00fcdlichen-Terrasse-300x93.jpg 300w, https:\/\/www.costabrava-wandern.de\/wp-content\/uploads\/Hotel-Cluc-in-Begur-Ausblick-von-der-s\u00fcdlichen-Terrasse.jpg 1200w\" sizes=\"(max-width: 720px) 100vw, 720px\" \/><\/a><div class=\"lsow-image-info\"><div class=\"lsow-entry-info\"><h3 class=\"lsow-post-title\"><a href=\"https:\/\/www.costabrava-wandern.de\/ca\/etappe-6-uebernachtung-in-begur\/\" title=\"Etapa 6: Pernocta a Begur\" target=\"_self\" rel=\"bookmark\">Etapa 6: Pernocta a Begur<\/a><\/h3><\/div><\/div><!-- .lsow-image-info --><\/div><\/article><!-- .hentry --><\/div><\/div><!-- .lsow-portfolio --><\/div><!-- .lsow-portfolio-wrap --><\/div><\/div><\/div><\/div><\/div>","protected":false},"excerpt":{"rendered":"<p>Die heutige Etappe ist recht entspannt und f\u00fchrt uns durch das liebliche Hinterland. Wir verlassen\u00a0Toroella de Montgr\u00ed und laufen \u00fcber Feldwege und kleine Stra\u00dfen in s\u00fcdlicher Richtung. Der Blick zur\u00fcck lohnt sich: Die Burg &#8222;Castello del Montgr\u00ed&#8220;, die\u00a0auf unserer gestrigen Etappe lag, thront auf der H\u00fcgelkette und ist auch von Ferne ein imposantes Fotomotiv. Heute [&hellip;]<\/p>\n","protected":false},"author":1,"featured_media":0,"comment_status":"closed","ping_status":"open","sticky":false,"template":"","format":"standard","meta":{"footnotes":""},"categories":[9,16],"tags":[],"class_list":["post-168","post","type-post","status-publish","format-standard","hentry","category-gr92-etappe-4-bis-7-von-roses-oder-empuriabrava-bis-palamos","category-etappe-6"],"_links":{"self":[{"href":"https:\/\/www.costabrava-wandern.de\/ca\/wp-json\/wp\/v2\/posts\/168","targetHints":{"allow":["GET"]}}],"collection":[{"href":"https:\/\/www.costabrava-wandern.de\/ca\/wp-json\/wp\/v2\/posts"}],"about":[{"href":"https:\/\/www.costabrava-wandern.de\/ca\/wp-json\/wp\/v2\/types\/post"}],"author":[{"embeddable":true,"href":"https:\/\/www.costabrava-wandern.de\/ca\/wp-json\/wp\/v2\/users\/1"}],"replies":[{"embeddable":true,"href":"https:\/\/www.costabrava-wandern.de\/ca\/wp-json\/wp\/v2\/comments?post=168"}],"version-history":[{"count":0,"href":"https:\/\/www.costabrava-wandern.de\/ca\/wp-json\/wp\/v2\/posts\/168\/revisions"}],"wp:attachment":[{"href":"https:\/\/www.costabrava-wandern.de\/ca\/wp-json\/wp\/v2\/media?parent=168"}],"wp:term":[{"taxonomy":"category","embeddable":true,"href":"https:\/\/www.costabrava-wandern.de\/ca\/wp-json\/wp\/v2\/categories?post=168"},{"taxonomy":"post_tag","embeddable":true,"href":"https:\/\/www.costabrava-wandern.de\/ca\/wp-json\/wp\/v2\/tags?post=168"}],"curies":[{"name":"wp","href":"https:\/\/api.w.org\/{rel}","templated":true}]}}