{"id":2266,"date":"2017-06-30T17:19:26","date_gmt":"2017-06-30T15:19:26","guid":{"rendered":"https:\/\/www.costabrava-wandern.de\/?p=2266"},"modified":"2023-08-12T13:16:43","modified_gmt":"2023-08-12T11:16:43","slug":"girona-aeroport-connexio-a-transport-public","status":"publish","type":"post","link":"https:\/\/www.costabrava-wandern.de\/ca\/flughafen-girona-anbindung-an-den-oeffentlichen-nahverkehr\/","title":{"rendered":"Aeroport de Girona: connexi\u00f3 amb transport p\u00fablic"},"content":{"rendered":"<div id=\"pl-2266\"  class=\"panel-layout\" ><div id=\"pg-2266-0\"  class=\"panel-grid panel-no-style\" ><div id=\"pgc-2266-0-0\"  class=\"panel-grid-cell\" ><div id=\"panel-2266-0-0-0\" class=\"so-panel widget widget_sow-editor panel-first-child panel-last-child\" data-index=\"0\" ><div\n\t\t\t\n\t\t\tclass=\"so-widget-sow-editor so-widget-sow-editor-base\"\n\t\t\t\n\t\t>\n<div class=\"siteorigin-widget-tinymce textwidget\">\n\t<p>Al petit aeroport regional de Girona s&#039;acosta la companyia d&#039;autobusos Sagal\u00e9s, que gestiona el seu propi portal d&#039;informaci\u00f3 multiling\u00fce per a les seves l\u00ednies aeroportu\u00e0ries: <a href=\"https:\/\/www.sagalesairportline.com\/en\" target=\"_blank\" rel=\"noopener\">https:\/\/www.sagalesairportline.com\/en<\/a>. Totes les l\u00ednies d&#039;autob\u00fas que van directament a l&#039;aeroport de Girona les trobareu al seg\u00fcent enlla\u00e7:\u00a0<a href=\"https:\/\/www.sagalesairportline.com\/en\/timetables-and-lines\/girona\" target=\"_blank\" rel=\"noopener\">https:\/\/www.sagalesairportline.com\/en\/timetables-and-lines\/girona<\/a>.<\/p>\n<p>A partir del juny de 2017, la l\u00ednia d&#039;autob\u00fas n\u00fam. 607 circula aproximadament cada hora entre el centre de Girona i l&#039;aeroport. Hi ha una estaci\u00f3 de tren a la mateixa Girona. Es troba a la l\u00ednia de ferrocarril Barcelona - Girona - Figueres - Llan\u00e7\u00e0 - Portbou. Portbou, al seu torn, \u00e9s el punt de partida de l&#039;etapa 1 - vegeu tamb\u00e9 informaci\u00f3 a l&#039;apartat &quot;Connexi\u00f3 de trens regionals&quot; a continuaci\u00f3\u00a0<a href=\"https:\/\/www.costabrava-wandern.de\/ca\/arribada-a-la-costa-brava\/\">Arribada des de Barcelona<\/a>). Si voleu comen\u00e7ar l&#039;excursi\u00f3 amb una etapa diferent, heu de canviar als autobusos Sarfa\/Moventis a l&#039;estaci\u00f3 de tren de Figueres. Des de Figueres, aquests donen servei a gaireb\u00e9 totes les poblacions costaneres del nord de la Costa Brava.<\/p>\n<p>En resum, hi ha connexions directes o connexions amb (de vegades m\u00faltiples) canvis des de l&#039;aeroport de Girona a les seg\u00fcents ubicacions:<\/p>\n<ul>\n<li>al centre de la ciutat de Girona o a l&#039;estaci\u00f3 de tren local (autob\u00fas veure informaci\u00f3 m\u00e9s amunt)<\/li>\n<li>fins a Llan\u00e7\u00e0 i Portbou (en tren des de Girona, punts de sortida de les etapes 1 i 2)<\/li>\n<li>a Figueres (en tren des de Girona). Des de Figueres seguir amb les l\u00ednies d&#039;autob\u00fas des de\u00a0<a href=\"https:\/\/compras.moventis.es\/\" target=\"_blank\" rel=\"noopener\">Sarfa\/Moventis<\/a>\u00a0als llocs seg\u00fcents:\n<ul>\n<li>fins a Cadaqu\u00e9s (cada 1 o 2 hores, punt d&#039;inici de l&#039;etapa 3)<\/li>\n<li>a Roses i Empuriabrava (diverses cops per hora, punt d&#039;inici de l&#039;etapa 4)<\/li>\n<li>fins a l&#039;Escala (cada 1 o 2 hores, punt d&#039;inici de l&#039;etapa 5)<\/li>\n<li>fins a Torroella de Montgr\u00ed (cada 1 o 2 hores, punt d&#039;inici de l&#039;etapa 6)<\/li>\n<\/ul>\n<\/li>\n<li>a Lloret de Mar (directament des de l&#039;aeroport de Girona, per a aquells que vulguin fer el recorregut al rev\u00e9s)<\/li>\n<li>a Barcelona (directament des de l&#039;aeroport de Girona)<\/li>\n<\/ul>\n<\/div>\n<\/div><\/div><\/div><\/div><\/div>","protected":false},"excerpt":{"rendered":"<p>Der kleine Regionalflughafen von Girona wird von der Busgesellschaft Sagal\u00e9s angefahren, die f\u00fcr ihre Airport-Linien ein eigenes, mehrsprachiges Infoportal betreibt: https:\/\/www.sagalesairportline.com\/en.\u00a0Alle Buslinien, die den Flughafen Girona direkt anfahren, sind unter folgendem Link zu finden:\u00a0https:\/\/www.sagalesairportline.com\/en\/timetables-and-lines\/girona. Die Buslinie Nr. 607 verkehrt Stand Juni 2017 ungef\u00e4hr st\u00fcndlich zwischen der Innenstadt von Girona und dem Flughafen. In Girona selbst [&hellip;]<\/p>\n","protected":false},"author":1,"featured_media":0,"comment_status":"closed","ping_status":"open","sticky":false,"template":"","format":"standard","meta":{"footnotes":""},"categories":[5],"tags":[],"class_list":["post-2266","post","type-post","status-publish","format-standard","hentry","category-gr-92-anreise"],"_links":{"self":[{"href":"https:\/\/www.costabrava-wandern.de\/ca\/wp-json\/wp\/v2\/posts\/2266","targetHints":{"allow":["GET"]}}],"collection":[{"href":"https:\/\/www.costabrava-wandern.de\/ca\/wp-json\/wp\/v2\/posts"}],"about":[{"href":"https:\/\/www.costabrava-wandern.de\/ca\/wp-json\/wp\/v2\/types\/post"}],"author":[{"embeddable":true,"href":"https:\/\/www.costabrava-wandern.de\/ca\/wp-json\/wp\/v2\/users\/1"}],"replies":[{"embeddable":true,"href":"https:\/\/www.costabrava-wandern.de\/ca\/wp-json\/wp\/v2\/comments?post=2266"}],"version-history":[{"count":2,"href":"https:\/\/www.costabrava-wandern.de\/ca\/wp-json\/wp\/v2\/posts\/2266\/revisions"}],"predecessor-version":[{"id":38636,"href":"https:\/\/www.costabrava-wandern.de\/ca\/wp-json\/wp\/v2\/posts\/2266\/revisions\/38636"}],"wp:attachment":[{"href":"https:\/\/www.costabrava-wandern.de\/ca\/wp-json\/wp\/v2\/media?parent=2266"}],"wp:term":[{"taxonomy":"category","embeddable":true,"href":"https:\/\/www.costabrava-wandern.de\/ca\/wp-json\/wp\/v2\/categories?post=2266"},{"taxonomy":"post_tag","embeddable":true,"href":"https:\/\/www.costabrava-wandern.de\/ca\/wp-json\/wp\/v2\/tags?post=2266"}],"curies":[{"name":"wp","href":"https:\/\/api.w.org\/{rel}","templated":true}]}}