{"id":35,"date":"2016-02-18T07:12:01","date_gmt":"2016-02-18T07:12:01","guid":{"rendered":"https:\/\/www.costabrava-wandern.de\/?p=35"},"modified":"2023-06-21T18:11:20","modified_gmt":"2023-06-21T16:11:20","slug":"arribada-a-la-costa-brava","status":"publish","type":"post","link":"https:\/\/www.costabrava-wandern.de\/ca\/anreise-an-die-costa-brava\/","title":{"rendered":"Arribada a la Costa Brava"},"content":{"rendered":"<div id=\"pl-35\"  class=\"panel-layout\" ><div id=\"pg-35-0\"  class=\"panel-grid panel-no-style\" ><div id=\"pgc-35-0-0\"  class=\"panel-grid-cell\" ><div id=\"panel-35-0-0-0\" class=\"so-panel widget widget_text panel-first-child panel-last-child\" data-index=\"0\" ><h3 class=\"widget-title\">aeroports<\/h3>\t\t\t<div class=\"textwidget\"><p>Els que arribin amb avi\u00f3 per fer el GR 92 poden triar, segons el seu punt de sortida, si volen a Barcelona (al sud del GR 92) o es dirigeixen a l&#039;aeroport m\u00e9s petit de Girona (a l&#039;interior del GR 92). Actualment, Girona nom\u00e9s \u00e9s servida per RyanAir des d&#039;Alemanya (<a href=\"https:\/\/www.costabrava-wandern.de\/ca\/girona-aeroport-connexio-a-transport-public\/\">Informaci\u00f3 sobre com connectar l&#039;aeroport de Girona amb el transport p\u00fablic<\/a>).<br \/>\nSi viatja per Barcelona de totes maneres, la caminada costanera pel GR 92 es pot combinar amb una excursi\u00f3 posterior a una de les ciutats m\u00e9s interessants d&#039;Europa.<\/p>\n<\/div>\n\t\t<\/div><\/div><\/div><div id=\"pg-35-1\"  class=\"panel-grid panel-no-style\" ><div id=\"pgc-35-1-0\"  class=\"panel-grid-cell\" ><div id=\"panel-35-1-0-0\" class=\"so-panel widget widget_sow-editor panel-first-child panel-last-child\" data-index=\"1\" ><div\n\t\t\t\n\t\t\tclass=\"so-widget-sow-editor so-widget-sow-editor-base\"\n\t\t\t\n\t\t><h3 class=\"widget-title\">Des de l&#039;aeroport de Barcelona fins al centre de la ciutat<\/h3>\n<div class=\"siteorigin-widget-tinymce textwidget\">\n\t<p>Si arribeu per l&#039;aeroport de Barcelona i voleu anar directament a l&#039;inici del GR 92 a Portbou, primer heu d&#039;anar al centre de la ciutat per arribar a una de les estacions de tren. La millor manera de fer-ho \u00e9s amb el servei de trasllat a l&#039;aeroport &quot;Aerobus&quot;, que va a les dues terminals de l&#039;aeroport (L\u00ednia A1 a la Terminal 1, L\u00ednia A2 a la Terminal 2, Enlla\u00e7: <a href=\"https:\/\/aerobusbarcelona.es\/\" target=\"_blank\" rel=\"noopener\">aerobusbarcelona.es<\/a>). Per fer el trasllat al tren direcci\u00f3 Portbou, la soluci\u00f3 ideal \u00e9s agafar l&#039;Aerob\u00fas fins a la terminal de pla\u00e7a de Catalunya (<a href=\"https:\/\/goo.gl\/maps\/2qNCmbYzU5y\" target=\"_blank\" rel=\"noopener\">veure la ubicaci\u00f3 a Google Maps<\/a>). Des d&#039;all\u00e0 nom\u00e9s hi ha uns centenars de metres fins a l&#039;estaci\u00f3 de metro de Passeig de Gr\u00e0cia (<a href=\"https:\/\/www.google.de\/maps\/dir\/Barcelona-Passeig+de+Gr%C3%A0cia\/41.387681,2.1706558\/@41.3899255,2.1655918,17z\/data=!3m1!4b1!4m9!4m8!1m5!1m1!1s0x12a4a2ed35b844dd:0x59085f5b8dcd26e!2m2!1d2.1650446!2d41.3922472!1m0!3e2\" target=\"_blank\" rel=\"noopener\">veure la ubicaci\u00f3 a Google Maps<\/a>). Les consignes d&#039;equipatges de &quot;LockerBarcelona&quot; tamb\u00e9 es poden trobar a prop (<a href=\"http:\/\/www.lockerbarcelona.com\/\" target=\"_blank\" rel=\"noopener\">www.lockerbarcelona.com<\/a>).<\/p>\n<p>Depenent de l&#039;hora del vol, pot tenir sentit planificar una nit a Barcelona (vegeu tamb\u00e9 <a href=\"https:\/\/www.costabrava-wandern.de\/ca\/arribada-allotjament-a-barcelona\/\">Arribada: Allotjament a Barcelona<\/a>). Com que la primera etapa del GR 92 de Portbou a Llan\u00e7\u00e0 \u00e9s nom\u00e9s una caminada de mig dia, no hi ha res de dolent a agafar el tren fins a la frontera francesa l&#039;endem\u00e0.<\/p>\n<\/div>\n<\/div><\/div><\/div><div id=\"pgc-35-1-1\"  class=\"panel-grid-cell\" ><div id=\"panel-35-1-1-0\" class=\"so-panel widget widget_sow-image panel-first-child panel-last-child\" data-index=\"2\" ><div\n\t\t\t\n\t\t\tclass=\"so-widget-sow-image so-widget-sow-image-default-8b5b6f678277-35\"\n\t\t\t\n\t\t>\n<div class=\"sow-image-container\">\n\t\t\t<a href=\"https:\/\/www.costabrava-wandern.de\/wp-content\/uploads\/mit-dem-Flughafenbus-in-die-Innenstadt-BCN-Bus-Transfer.jpg\">\n\t\t\t<img \n\tsrc=\"https:\/\/www.costabrava-wandern.de\/wp-content\/uploads\/mit-dem-Flughafenbus-in-die-Innenstadt-BCN-Bus-Transfer.jpg\" width=\"1200\" height=\"458\" srcset=\"https:\/\/www.costabrava-wandern.de\/wp-content\/uploads\/mit-dem-Flughafenbus-in-die-Innenstadt-BCN-Bus-Transfer.jpg 1200w, https:\/\/www.costabrava-wandern.de\/wp-content\/uploads\/mit-dem-Flughafenbus-in-die-Innenstadt-BCN-Bus-Transfer-150x57.jpg 150w, https:\/\/www.costabrava-wandern.de\/wp-content\/uploads\/mit-dem-Flughafenbus-in-die-Innenstadt-BCN-Bus-Transfer-300x115.jpg 300w, https:\/\/www.costabrava-wandern.de\/wp-content\/uploads\/mit-dem-Flughafenbus-in-die-Innenstadt-BCN-Bus-Transfer-1024x391.jpg 1024w\" sizes=\"(max-width: 1200px) 100vw, 1200px\" title=\"L&#039;Aerob\u00fas \u00e9s la connexi\u00f3 m\u00e9s r\u00e0pida des de l&#039;aeroport BCN fins al centre de la ciutat i viceversa.\" alt=\"\" \t\tclass=\"so-widget-image\"\/>\n\t\t\t<\/a><\/div>\n\n<h3 class=\"widget-title\">L&#039;Aerob\u00fas \u00e9s la connexi\u00f3 m\u00e9s r\u00e0pida des de l&#039;aeroport BCN fins al centre de la ciutat i viceversa.<\/h3><\/div><\/div><\/div><\/div><div id=\"pg-35-2\"  class=\"panel-grid panel-no-style\" ><div id=\"pgc-35-2-0\"  class=\"panel-grid-cell\" ><div id=\"panel-35-2-0-0\" class=\"so-panel widget widget_sow-image panel-first-child panel-last-child\" data-index=\"3\" ><div\n\t\t\t\n\t\t\tclass=\"so-widget-sow-image so-widget-sow-image-default-8b5b6f678277-35\"\n\t\t\t\n\t\t>\n<div class=\"sow-image-container\">\n\t\t\t<a href=\"https:\/\/www.costabrava-wandern.de\/wp-content\/uploads\/sch\u00f6ne-Aussicht-bei-der-Zugfahrt-nach-Portbou.jpg\">\n\t\t\t<img \n\tsrc=\"https:\/\/www.costabrava-wandern.de\/wp-content\/uploads\/sch\u00f6ne-Aussicht-bei-der-Zugfahrt-nach-Portbou.jpg\" width=\"1200\" height=\"527\" srcset=\"https:\/\/www.costabrava-wandern.de\/wp-content\/uploads\/sch\u00f6ne-Aussicht-bei-der-Zugfahrt-nach-Portbou.jpg 1200w, https:\/\/www.costabrava-wandern.de\/wp-content\/uploads\/sch\u00f6ne-Aussicht-bei-der-Zugfahrt-nach-Portbou-150x66.jpg 150w, https:\/\/www.costabrava-wandern.de\/wp-content\/uploads\/sch\u00f6ne-Aussicht-bei-der-Zugfahrt-nach-Portbou-300x132.jpg 300w, https:\/\/www.costabrava-wandern.de\/wp-content\/uploads\/sch\u00f6ne-Aussicht-bei-der-Zugfahrt-nach-Portbou-1024x450.jpg 1024w\" sizes=\"(max-width: 1200px) 100vw, 1200px\" title=\"Bonica vista del viatge en tren fins a Portbou.\" alt=\"\" \t\tclass=\"so-widget-image\"\/>\n\t\t\t<\/a><\/div>\n\n<h3 class=\"widget-title\">Bonica vista del viatge en tren fins a Portbou.<\/h3><\/div><\/div><\/div><\/div><div id=\"pg-35-3\"  class=\"panel-grid panel-no-style\" ><div id=\"pgc-35-3-0\"  class=\"panel-grid-cell\" ><div id=\"panel-35-3-0-0\" class=\"so-panel widget widget_sow-editor panel-first-child\" data-index=\"4\" ><div\n\t\t\t\n\t\t\tclass=\"so-widget-sow-editor so-widget-sow-editor-base\"\n\t\t\t\n\t\t><h3 class=\"widget-title\">En tren fins al punt de partida<\/h3>\n<div class=\"siteorigin-widget-tinymce textwidget\">\n\t<p>Els trens regionals solen circular cada dues hores entre Barcelona i Portbou (connexi\u00f3 directa sense canvi de tren, temps de trajecte aprox. 2:30 h). A m\u00e9s de l&#039;estaci\u00f3 principal de tren (estaci\u00f3 de Barcelona Sants), aquests trens tamb\u00e9 van a l&#039;estaci\u00f3 molt m\u00e9s c\u00e8ntrica del Passeig de Gr\u00e0cia. Aquesta estaci\u00f3 de metro tamb\u00e9 es troba a pocs centenars de metres de la terminal d&#039;autobusos de l&#039;aeroport.<\/p>\n<p>Atenci\u00f3: L&#039;estaci\u00f3 de tren regional &quot;Passeig de Gr\u00e0cia&quot; (marcada amb R) no s&#039;ha de confondre amb l&#039;estaci\u00f3 de metro del mateix nom (marcada M). La manera m\u00e9s segura d&#039;arribar a l&#039;andana del tren regional sense perdre&#039;s en l&#039;embolic de tubs de connexi\u00f3 subterranis \u00e9s la ruta a\u00e8ria: l&#039;entrada de l&#039;estaci\u00f3 de tren regional &quot;Passeig de Gr\u00e0cia&quot; es troba just davant de la mundialment famosa &quot;Casa Battl\u00f3&quot;. , una casa dels Arquitectes Gaud\u00ed - vegeu tamb\u00e9 aquesta vista del <a href=\"https:\/\/www.google.de\/maps\/@41.3919103,2.1655088,3a,75y,278.66h,92.98t\/data=!3m6!1e1!3m4!1sNjo4YWa8xzLx254oXZiLfA!2e0!7i13312!8i6656\" target=\"_blank\" rel=\"noopener\">Estaci\u00f3 del Passeig de Gr\u00e0cia a Google Street View<\/a>.<\/p>\n<p>L&#039;horari del tren tamb\u00e9 est\u00e0 disponible habitualment a trav\u00e9s de la p\u00e0gina <a href=\"http:\/\/www.bahn.de\" target=\"_blank\" rel=\"noopener\">tren alemany<\/a> recuperable (entrar: estaci\u00f3 de sortida Barcelona P.Gr\u00e0cia, estaci\u00f3 de destinaci\u00f3 Port Bou):<\/p>\n<\/div>\n<\/div><\/div><div id=\"panel-35-3-0-1\" class=\"so-panel widget widget_sow-image\" data-index=\"5\" ><div\n\t\t\t\n\t\t\tclass=\"so-widget-sow-image so-widget-sow-image-default-8b5b6f678277-35\"\n\t\t\t\n\t\t>\n<div class=\"sow-image-container\">\n\t\t\t<a href=\"https:\/\/www.costabrava-wandern.de\/wp-content\/uploads\/Fahrplan-Barcelona-nach-Portbou-bei-der-Deutschen-Bahn.jpg\">\n\t\t\t<img \n\tsrc=\"https:\/\/www.costabrava-wandern.de\/wp-content\/uploads\/Fahrplan-Barcelona-nach-Portbou-bei-der-Deutschen-Bahn.jpg\" width=\"1689\" height=\"620\" srcset=\"https:\/\/www.costabrava-wandern.de\/wp-content\/uploads\/Fahrplan-Barcelona-nach-Portbou-bei-der-Deutschen-Bahn.jpg 1689w, https:\/\/www.costabrava-wandern.de\/wp-content\/uploads\/Fahrplan-Barcelona-nach-Portbou-bei-der-Deutschen-Bahn-150x55.jpg 150w, https:\/\/www.costabrava-wandern.de\/wp-content\/uploads\/Fahrplan-Barcelona-nach-Portbou-bei-der-Deutschen-Bahn-300x110.jpg 300w, https:\/\/www.costabrava-wandern.de\/wp-content\/uploads\/Fahrplan-Barcelona-nach-Portbou-bei-der-Deutschen-Bahn-1024x376.jpg 1024w\" sizes=\"(max-width: 1689px) 100vw, 1689px\" title=\"Horari de Barcelona a Portbou amb Deutsche Bahn\" alt=\"\" \t\tclass=\"so-widget-image\"\/>\n\t\t\t<\/a><\/div>\n\n<\/div><\/div><div id=\"panel-35-3-0-2\" class=\"so-panel widget widget_sow-editor\" data-index=\"6\" ><div\n\t\t\t\n\t\t\tclass=\"so-widget-sow-editor so-widget-sow-editor-base\"\n\t\t\t\n\t\t>\n<div class=\"siteorigin-widget-tinymce textwidget\">\n\t<p>De tant en tant, per\u00f2, Deutsche Bahn nom\u00e9s mostra les cares connexions de llarga dist\u00e0ncia, que tamb\u00e9 suposen un desviament per Fran\u00e7a (canviar de tren a Perpiny\u00e0). A partir del 22 de mar\u00e7 de 2019, malauradament es van ometre els trens regionals esmentats anteriorment. A partir del 26 d&#039;abril de 2019, es tornar\u00e0 a mostrar. Si aquest problema es torna a produir, haur\u00edeu d&#039;anar a la p\u00e0gina web de Ferrocarrils Espanyols a <a href=\"https:\/\/www.renfe.com\/es\/en\" target=\"_blank\" rel=\"noopener\">www.renfe.com<\/a> informaci\u00f3 sobre les connexions actuals del tren o, alternativament, al web del transport p\u00fablic catal\u00e0 <a href=\"https:\/\/mou-te.gencat.cat\/itinerary\" target=\"_blank\" rel=\"noopener\">https:\/\/mou-te.gencat.cat\/itinerary<\/a>\u00a0(tamb\u00e9 disponible en angl\u00e8s).<\/p>\n<p>A continuaci\u00f3 es mostra un exemple de vista general de la connexi\u00f3 (horari a partir del 22.03.2019, sense garantia). Preus a partir de 13,50 \u20ac:<\/p>\n<\/div>\n<\/div><\/div><div id=\"panel-35-3-0-3\" class=\"so-panel widget widget_sow-image panel-last-child\" data-index=\"7\" ><div\n\t\t\t\n\t\t\tclass=\"so-widget-sow-image so-widget-sow-image-default-8b5b6f678277-35\"\n\t\t\t\n\t\t>\n<div class=\"sow-image-container\">\n\t\t\t<a href=\"https:\/\/www.costabrava-wandern.de\/wp-content\/uploads\/Zugverbindungen-2019-Barcelona-Portbou-800px.jpg\">\n\t\t\t<img \n\tsrc=\"https:\/\/www.costabrava-wandern.de\/wp-content\/uploads\/Zugverbindungen-2019-Barcelona-Portbou-800px.jpg\" width=\"800\" height=\"767\" srcset=\"https:\/\/www.costabrava-wandern.de\/wp-content\/uploads\/Zugverbindungen-2019-Barcelona-Portbou-800px.jpg 800w, https:\/\/www.costabrava-wandern.de\/wp-content\/uploads\/Zugverbindungen-2019-Barcelona-Portbou-800px-150x144.jpg 150w, https:\/\/www.costabrava-wandern.de\/wp-content\/uploads\/Zugverbindungen-2019-Barcelona-Portbou-800px-300x288.jpg 300w\" sizes=\"(max-width: 800px) 100vw, 800px\" title=\"Connexi\u00f3 de tren Barcelona - Portbou (font: http:\/\/www.renfe.com\/viajeros\/)\" alt=\"\" \t\tclass=\"so-widget-image\"\/>\n\t\t\t<\/a><\/div>\n\n<h3 class=\"widget-title\">Connexi\u00f3 de tren Barcelona - Portbou (font: http:\/\/www.renfe.com\/viajeros\/)<\/h3><\/div><\/div><\/div><div id=\"pgc-35-3-1\"  class=\"panel-grid-cell\" ><div id=\"panel-35-3-1-0\" class=\"so-panel widget widget_sow-image panel-first-child\" data-index=\"8\" ><div\n\t\t\t\n\t\t\tclass=\"so-widget-sow-image so-widget-sow-image-default-8b5b6f678277-35\"\n\t\t\t\n\t\t>\n<div class=\"sow-image-container\">\n\t\t\t<a href=\"https:\/\/www.costabrava-wandern.de\/wp-content\/uploads\/Rodalies-Nahverkehrz\u00fcge-in-Catalunya.jpg\">\n\t\t\t<img \n\tsrc=\"https:\/\/www.costabrava-wandern.de\/wp-content\/uploads\/Rodalies-Nahverkehrz\u00fcge-in-Catalunya.jpg\" width=\"800\" height=\"600\" srcset=\"https:\/\/www.costabrava-wandern.de\/wp-content\/uploads\/Rodalies-Nahverkehrz\u00fcge-in-Catalunya.jpg 800w, https:\/\/www.costabrava-wandern.de\/wp-content\/uploads\/Rodalies-Nahverkehrz\u00fcge-in-Catalunya-150x113.jpg 150w, https:\/\/www.costabrava-wandern.de\/wp-content\/uploads\/Rodalies-Nahverkehrz\u00fcge-in-Catalunya-300x225.jpg 300w\" sizes=\"(max-width: 800px) 100vw, 800px\" title=\"La R \u00e9s el logotip dels trens locals. \" alt=\"\" \t\tclass=\"so-widget-image\"\/>\n\t\t\t<\/a><\/div>\n\n<h3 class=\"widget-title\">La R \u00e9s el logotip dels trens locals. <\/h3><\/div><\/div><div id=\"panel-35-3-1-1\" class=\"so-panel widget widget_sow-image panel-last-child\" data-index=\"9\" ><div\n\t\t\t\n\t\t\tclass=\"so-widget-sow-image so-widget-sow-image-default-8b5b6f678277-35\"\n\t\t\t\n\t\t>\n<div class=\"sow-image-container\">\n\t\t\t<a href=\"https:\/\/www.costabrava-wandern.de\/wp-content\/uploads\/beispielhafte-Zugverbindung-Barcelona-Portbou-800px.jpg\">\n\t\t\t<img \n\tsrc=\"https:\/\/www.costabrava-wandern.de\/wp-content\/uploads\/beispielhafte-Zugverbindung-Barcelona-Portbou-800px.jpg\" width=\"577\" height=\"800\" srcset=\"https:\/\/www.costabrava-wandern.de\/wp-content\/uploads\/beispielhafte-Zugverbindung-Barcelona-Portbou-800px.jpg 577w, https:\/\/www.costabrava-wandern.de\/wp-content\/uploads\/beispielhafte-Zugverbindung-Barcelona-Portbou-800px-108x150.jpg 108w, https:\/\/www.costabrava-wandern.de\/wp-content\/uploads\/beispielhafte-Zugverbindung-Barcelona-Portbou-800px-216x300.jpg 216w\" sizes=\"(max-width: 577px) 100vw, 577px\" title=\"Una connexi\u00f3 de tren regional t\u00edpica amb totes les parades interm\u00e8dies (font: http:\/\/www.renfe.com\/viajeros\/)\" alt=\"\" \t\tclass=\"so-widget-image\"\/>\n\t\t\t<\/a><\/div>\n\n<h3 class=\"widget-title\">Una connexi\u00f3 de tren regional t\u00edpica amb totes les parades interm\u00e8dies (font: http:\/\/www.renfe.com\/viajeros\/)<\/h3><\/div><\/div><\/div><\/div><div id=\"pg-35-4\"  class=\"panel-grid panel-no-style\" ><div id=\"pgc-35-4-0\"  class=\"panel-grid-cell\" ><div id=\"panel-35-4-0-0\" class=\"so-panel widget widget_sow-editor panel-first-child panel-last-child\" data-index=\"10\" ><div\n\t\t\t\n\t\t\tclass=\"so-widget-sow-editor so-widget-sow-editor-base\"\n\t\t\t\n\t\t><h3 class=\"widget-title\">Connexi\u00f3 d&#039;autob\u00fas de tornada a Barcelona<\/h3>\n<div class=\"siteorigin-widget-tinymce textwidget\">\n\t<p><a name=\"bus-lloret\"><\/a><\/p>\n<p>Nom\u00e9s es pot arribar amb tren a molt pocs llocs de la Costa Brava, per aix\u00f2 gaireb\u00e9 totes les ciutats m\u00e9s grans tenen una estaci\u00f3 d&#039;autobusos des de la qual circulen regularment autobusos c\u00f2modes.<\/p>\n<ul>\n<li><strong>Possibilitat n\u00famero 1:<\/strong> Connexi\u00f3 directa d&#039;autob\u00fas sense canviar de tren a Barcelona (depenent del punt de sortida de vegades nom\u00e9s 1 o 2 vegades al dia).<\/li>\n<li><strong>Possibilitat 2:<\/strong> Connexi\u00f3 de transfer\u00e8ncia a una de les estacions al llarg de la ruta del tren del viatge d&#039;anada, normalment canviant al tren d&#039;entrada\u00a0<em>Figueres<\/em> o <em>Girona<\/em>. Els autobusos circulen amb molta m\u00e9s freq\u00fc\u00e8ncia aqu\u00ed, de vegades fins i tot cada 30 minuts.<\/li>\n<\/ul>\n<p>Atenci\u00f3: els bitllets d&#039;autob\u00fas s&#039;han de comprar amb antelaci\u00f3, els seients de l&#039;autob\u00fas estan numerats i cal reserva. Podeu consultar els horaris de l&#039;autob\u00fas a: <a href=\"https:\/\/compras.moventis.es\/online\/\" target=\"_blank\" rel=\"noopener\">https:\/\/compras.moventis.es\/online\/<\/a>. Tamb\u00e9 hi ha entrades en l\u00ednia. A Barcelona s&#039;acostuma a acostar-se primer a l&#039;estaci\u00f3 d&#039;autobusos &quot;Estacio del Nord&quot; i despr\u00e9s a l&#039;aeroport.<\/p>\n<p>Si la informaci\u00f3 dels horaris del prove\u00efdor d&#039;autobusos \u00e9s massa complicada per a tu, tamb\u00e9 pots buscar-la a Moovitapp.com i obtenir-hi una visi\u00f3 general (enlla\u00e7: <a href=\"https:\/\/moovitapp.com\/?from=Begur&amp;to=Barcelona,%20Estacio%20del%20Nord&amp;fll=41.952728_3.205969&amp;tll=41.394983_2.18327&amp;customerId=4908&amp;metroId=362&amp;lang=de&amp;ref=5&amp;t=1\" target=\"_blank\" rel=\"noopener\">Moovitapp.com<\/a>). Tamb\u00e9 s&#039;hi mostren les connexions de transfer\u00e8ncia d&#039;autob\u00fas a tren a trav\u00e9s de diversos prove\u00efdors. Tanmateix, els bitllets d&#039;autob\u00fas i tren normalment s&#039;han de comprar per separat per a cada prove\u00efdor!<\/p>\n<p>Consell: si teniu previst pujar a l&#039;autob\u00fas a Lloret de Mar a la tarda al final de l&#039;etapa 10, haur\u00edeu de comprar un bitllet d&#039;autob\u00fas per a la tarda a l&#039;estaci\u00f3 d&#039;autobusos de Tossa de Mar al mat\u00ed!<\/p>\n<\/div>\n<\/div><\/div><\/div><div id=\"pgc-35-4-1\"  class=\"panel-grid-cell\" ><div id=\"panel-35-4-1-0\" class=\"so-panel widget widget_sow-image panel-first-child panel-last-child\" data-index=\"11\" ><div\n\t\t\t\n\t\t\tclass=\"so-widget-sow-image so-widget-sow-image-default-8b5b6f678277-35\"\n\t\t\t\n\t\t>\n<div class=\"sow-image-container\">\n\t\t\t<a href=\"https:\/\/www.costabrava-wandern.de\/wp-content\/uploads\/GR-92-Etappe-10-Tossa-de-Mar-Lloret-de-Mar-Bild-11.jpg\">\n\t\t\t<img \n\tsrc=\"https:\/\/www.costabrava-wandern.de\/wp-content\/uploads\/GR-92-Etappe-10-Tossa-de-Mar-Lloret-de-Mar-Bild-11.jpg\" width=\"800\" height=\"800\" srcset=\"https:\/\/www.costabrava-wandern.de\/wp-content\/uploads\/GR-92-Etappe-10-Tossa-de-Mar-Lloret-de-Mar-Bild-11.jpg 800w, https:\/\/www.costabrava-wandern.de\/wp-content\/uploads\/GR-92-Etappe-10-Tossa-de-Mar-Lloret-de-Mar-Bild-11-150x150.jpg 150w, https:\/\/www.costabrava-wandern.de\/wp-content\/uploads\/GR-92-Etappe-10-Tossa-de-Mar-Lloret-de-Mar-Bild-11-300x300.jpg 300w\" sizes=\"(max-width: 800px) 100vw, 800px\" title=\"L&#039;autob\u00fas cap a Barcelona para davant d&#039;aquest hotel. Les entrades s&#039;han de comprar amb antelaci\u00f3.\" alt=\"\" \t\tclass=\"so-widget-image\"\/>\n\t\t\t<\/a><\/div>\n\n<h3 class=\"widget-title\">L&#039;autob\u00fas cap a Barcelona para davant d&#039;aquest hotel. Les entrades s&#039;han de comprar amb antelaci\u00f3.<\/h3><\/div><\/div><\/div><\/div><\/div>","protected":false},"excerpt":{"rendered":"<p>Wer mit dem Flugzeug anreist, um den GR 92 zu bewandern, hat je nach Abflugsort die Wahl, ob er nach Barcelona fliegt (s\u00fcdlich des GR 92) oder den kleineren Flughafen in Girona ansteuert (im Hinterland des GR 92). Derzeit wird Girona von Deutschland aus aber nur von RyanAir angesteuert (Infos zur Anbindung des Flughafen Girona [&hellip;]<\/p>\n","protected":false},"author":1,"featured_media":12524,"comment_status":"closed","ping_status":"open","sticky":false,"template":"","format":"standard","meta":{"footnotes":""},"categories":[5],"tags":[],"class_list":{"0":"post-35","1":"post","2":"type-post","3":"status-publish","4":"format-standard","5":"has-post-thumbnail","6":"hentry","7":"category-gr-92-anreise","9":"post-with-thumbnail","10":"post-with-thumbnail-large"},"_links":{"self":[{"href":"https:\/\/www.costabrava-wandern.de\/ca\/wp-json\/wp\/v2\/posts\/35","targetHints":{"allow":["GET"]}}],"collection":[{"href":"https:\/\/www.costabrava-wandern.de\/ca\/wp-json\/wp\/v2\/posts"}],"about":[{"href":"https:\/\/www.costabrava-wandern.de\/ca\/wp-json\/wp\/v2\/types\/post"}],"author":[{"embeddable":true,"href":"https:\/\/www.costabrava-wandern.de\/ca\/wp-json\/wp\/v2\/users\/1"}],"replies":[{"embeddable":true,"href":"https:\/\/www.costabrava-wandern.de\/ca\/wp-json\/wp\/v2\/comments?post=35"}],"version-history":[{"count":14,"href":"https:\/\/www.costabrava-wandern.de\/ca\/wp-json\/wp\/v2\/posts\/35\/revisions"}],"predecessor-version":[{"id":38629,"href":"https:\/\/www.costabrava-wandern.de\/ca\/wp-json\/wp\/v2\/posts\/35\/revisions\/38629"}],"wp:featuredmedia":[{"embeddable":true,"href":"https:\/\/www.costabrava-wandern.de\/ca\/wp-json\/wp\/v2\/media\/12524"}],"wp:attachment":[{"href":"https:\/\/www.costabrava-wandern.de\/ca\/wp-json\/wp\/v2\/media?parent=35"}],"wp:term":[{"taxonomy":"category","embeddable":true,"href":"https:\/\/www.costabrava-wandern.de\/ca\/wp-json\/wp\/v2\/categories?post=35"},{"taxonomy":"post_tag","embeddable":true,"href":"https:\/\/www.costabrava-wandern.de\/ca\/wp-json\/wp\/v2\/tags?post=35"}],"curies":[{"name":"wp","href":"https:\/\/api.w.org\/{rel}","templated":true}]}}