{"id":15415,"date":"2019-03-29T11:16:26","date_gmt":"2019-03-29T10:16:26","guid":{"rendered":"https:\/\/www.costabrava-wandern.de\/?p=15415"},"modified":"2025-07-30T14:08:25","modified_gmt":"2025-07-30T12:08:25","slug":"luggage-transport-on-the-cami-de-ronda","status":"publish","type":"post","link":"https:\/\/www.costabrava-wandern.de\/en\/gepaecktransport-auf-dem-cami-de-ronda\/","title":{"rendered":"Luggage transport on the Cam\u00ed de Ronda"},"content":{"rendered":"<div id=\"pl-15415\"  class=\"panel-layout\" ><div id=\"pg-15415-0\"  class=\"panel-grid panel-no-style\" ><div id=\"pgc-15415-0-0\"  class=\"panel-grid-cell\" ><div id=\"panel-15415-0-0-0\" class=\"so-panel widget widget_sow-editor panel-first-child panel-last-child\" data-index=\"0\" ><div\n\t\t\t\n\t\t\tclass=\"so-widget-sow-editor so-widget-sow-editor-base\"\n\t\t\t\n\t\t>\n<div class=\"siteorigin-widget-tinymce textwidget\">\n\t<p>The enterprise <a href=\"https:\/\/taxienroses.com\/en\/other-transfers\/luggage-transport-on-the-cami-de-ronda\/61\/1\/\" target=\"_blank\" rel=\"noopener\">https:\/\/taxienroses.com<\/a> offers luggage transport for hikers on the Cam\u00ed de Ronda (the GR 92 section on the Costa Brava). The service is even tailored to the stages we have suggested! So anyone interested in a hike with luggage transport will find what they are looking for. The taxi company based in Roses (stage destination of <a href=\"https:\/\/www.costabrava-wandern.de\/en\/category\/gr-92-stages\/gr-92-stage-1-to-3-from-portbou-to-roses-or-empuriabrava\/stage-3\/\" target=\"_blank\" rel=\"noopener\">Stage 3<\/a>) has many years of experience with luggage transport and hikers on the Cam\u00ed de Ronda and is operated in several languages (including English and German).<\/p>\n<p><strong>Hint:<\/strong> Until 2024, this service was offered by costabravataxi.de, but the business division has since been sold and has been operating on the Costa Brava since 2025 under a different name, but with the same concept and some of the same drivers.<\/p>\n<p>So you can plan your hike completely individually, book hotels and guesthouses according to your taste and from now on you also have the option of booking luggage transport. A few tips and restrictions on what you should consider when transporting luggage:<\/p>\n<\/div>\n<\/div><\/div><\/div><div id=\"pgc-15415-0-1\"  class=\"panel-grid-cell\" ><div id=\"panel-15415-0-1-0\" class=\"so-panel widget widget_sow-image panel-first-child panel-last-child\" data-index=\"1\" ><div\n\t\t\t\n\t\t\tclass=\"so-widget-sow-image so-widget-sow-image-default-8b5b6f678277-15415\"\n\t\t\t\n\t\t>\n<div class=\"sow-image-container\">\n\t\t\t<a href=\"https:\/\/taxienroses.com\/en\/other-transfers\/luggage-transport-on-the-cami-de-ronda\/61\/1\/\" target=\"_blank\" rel=\"noopener noreferrer\">\n\t\t\t<img \n\tsrc=\"https:\/\/www.costabrava-wandern.de\/wp-content\/uploads\/Taxi-en-Roses-Gepaecktransport.jpg\" width=\"1200\" height=\"801\" srcset=\"https:\/\/www.costabrava-wandern.de\/wp-content\/uploads\/Taxi-en-Roses-Gepaecktransport.jpg 1200w, https:\/\/www.costabrava-wandern.de\/wp-content\/uploads\/Taxi-en-Roses-Gepaecktransport-300x200.jpg 300w, https:\/\/www.costabrava-wandern.de\/wp-content\/uploads\/Taxi-en-Roses-Gepaecktransport-1024x684.jpg 1024w, https:\/\/www.costabrava-wandern.de\/wp-content\/uploads\/Taxi-en-Roses-Gepaecktransport-150x100.jpg 150w, https:\/\/www.costabrava-wandern.de\/wp-content\/uploads\/Taxi-en-Roses-Gepaecktransport-18x12.jpg 18w, https:\/\/www.costabrava-wandern.de\/wp-content\/uploads\/Taxi-en-Roses-Gepaecktransport-272x182.jpg 272w\" sizes=\"(max-width: 1200px) 100vw, 1200px\" title=\"Taxi en Roses \u2013 Luggage transport\" alt=\"\" \t\tclass=\"so-widget-image\"\/>\n\t\t\t<\/a><\/div>\n\n<\/div><\/div><\/div><\/div><div id=\"pg-15415-1\"  class=\"panel-grid panel-no-style\" ><div id=\"pgc-15415-1-0\"  class=\"panel-grid-cell\" ><div id=\"panel-15415-1-0-0\" class=\"so-panel widget widget_sow-editor panel-first-child panel-last-child\" data-index=\"2\" ><div\n\t\t\t\n\t\t\tclass=\"so-widget-sow-editor so-widget-sow-editor-base\"\n\t\t\t\n\t\t>\n<div class=\"siteorigin-widget-tinymce textwidget\">\n\t<ul>\n<li>Luggage transport generally takes place during the day (pick-up after breakfast) from hotel to hotel. When you arrive at the hotel, you should inform them immediately that the suitcases will be picked up by Taxi-en-Roses the next day and also inform the next hotel that the suitcases will arrive before you. As a rule, you will not even see the taxi drivers.<\/li>\n<li>When booking overnight stays, you should avoid accommodations without a reception desk that is open 24 hours a day - otherwise there may be problems with luggage collection or delivery. It is therefore better not to book apartments or AirBnB rooms! And inform every accommodation that Taxi-en-Roses will collect or deliver the luggage.<\/li>\n<li>A clear labeling of the luggage with details of the next destination hotel is recommended to prevent misunderstandings.<\/li>\n<li>When planning the stage, it must be taken into account that an overnight stay at the starting point of the first stage must be planned. Otherwise it will be difficult to hand over the luggage. In concrete terms, this means: you spend the night before stage 1 in Portbou and only hike to Llan\u00e7\u00e0 the next day. On the other hand, if you are traveling without transporting your luggage, you could also arrive in Portbou in the morning and start hiking straight away (half-day hike). Unfortunately, this is not possible with luggage transport.<\/li>\n<li>In our stage descriptions we have mentioned various variants in several places - but Taxi-en-Roses does not cover all variants. In concrete terms, the following restrictions must therefore be taken into account:\n<ul>\n<li>After stage 3 you have to spend the night in Roses - the variant &quot;Overnight stay in Empuriabrava&quot; is not possible. For this, the luggage transport for stage 4 (from Roses to L&#039;Escala) is calculated in such a way that the taxi driver picks up your luggage and you in Roses and drives a short detour to bring you to the starting point of stage 4 in Empuriabrava.<\/li>\n<li>An overnight stay in the Hotel Cala Joncols on stage 3 is not possible.<\/li>\n<li>However, it is entirely possible to spend two nights in Cadaqu\u00e9s.<\/li>\n<li><del>Stage 10 is not covered by luggage transport. The final destination for luggage transport is Tossa de Mar.<\/del> Stage 10 can now be booked separately.<\/li>\n<\/ul>\n<\/li>\n<li>The prices calculated by Taxi-en-Roses refer to the capacity of one taxi, so it is possible to share the luggage transport with several people without any problems (assuming the same accommodation, max. 5 medium-sized suitcases + 5x hand luggage)<\/li>\n<\/ul>\n<p>Bookings are made using the form below <a class=\"costabrava-taxi-link\" href=\"https:\/\/taxienroses.com\/en\/other-transfers\/luggage-transport-on-the-cami-de-ronda\/61\/1\/\" target=\"_blank\" rel=\"noopener\">https:\/\/taxienroses.com\/en\/other-transfers\/luggage-transport-on-the-cami-de-ronda\/61\/1\/<\/a> . A lead time of at least one week is requested. In addition, all accommodation must be confirmed at the time of booking luggage transport. By the way, airport transfers are also available there.<\/p>\n<p>We would be happy to receive feedback on luggage transport!<\/p>\n<\/div>\n<\/div><\/div><\/div><\/div><\/div>","protected":false},"excerpt":{"rendered":"<p>Das Unternehmen https:\/\/taxienroses.com bietet einen Gep\u00e4cktransport f\u00fcr Wanderer auf dem Cam\u00ed de Ronda an (also auf dem GR 92-Abschnitt an der Costa Brava). Der Service ist sogar auf die von uns vorgeschlagenen Etappen abgestimmt! Wer also Interesse an einer Wanderung mit Gep\u00e4cktransport hat, wird dort ab sofort f\u00fcndig. Das Taxi-Unternehmen mit Sitz in Roses (Etappenziel [&hellip;]<\/p>\n","protected":false},"author":1,"featured_media":14918,"comment_status":"open","ping_status":"closed","sticky":false,"template":"","format":"standard","meta":{"footnotes":""},"categories":[1],"tags":[],"class_list":{"0":"post-15415","1":"post","2":"type-post","3":"status-publish","4":"format-standard","5":"has-post-thumbnail","6":"hentry","7":"category-uncategorized","9":"post-with-thumbnail","10":"post-with-thumbnail-large"},"_links":{"self":[{"href":"https:\/\/www.costabrava-wandern.de\/en\/wp-json\/wp\/v2\/posts\/15415","targetHints":{"allow":["GET"]}}],"collection":[{"href":"https:\/\/www.costabrava-wandern.de\/en\/wp-json\/wp\/v2\/posts"}],"about":[{"href":"https:\/\/www.costabrava-wandern.de\/en\/wp-json\/wp\/v2\/types\/post"}],"author":[{"embeddable":true,"href":"https:\/\/www.costabrava-wandern.de\/en\/wp-json\/wp\/v2\/users\/1"}],"replies":[{"embeddable":true,"href":"https:\/\/www.costabrava-wandern.de\/en\/wp-json\/wp\/v2\/comments?post=15415"}],"version-history":[{"count":6,"href":"https:\/\/www.costabrava-wandern.de\/en\/wp-json\/wp\/v2\/posts\/15415\/revisions"}],"predecessor-version":[{"id":38720,"href":"https:\/\/www.costabrava-wandern.de\/en\/wp-json\/wp\/v2\/posts\/15415\/revisions\/38720"}],"wp:featuredmedia":[{"embeddable":true,"href":"https:\/\/www.costabrava-wandern.de\/en\/wp-json\/wp\/v2\/media\/14918"}],"wp:attachment":[{"href":"https:\/\/www.costabrava-wandern.de\/en\/wp-json\/wp\/v2\/media?parent=15415"}],"wp:term":[{"taxonomy":"category","embeddable":true,"href":"https:\/\/www.costabrava-wandern.de\/en\/wp-json\/wp\/v2\/categories?post=15415"},{"taxonomy":"post_tag","embeddable":true,"href":"https:\/\/www.costabrava-wandern.de\/en\/wp-json\/wp\/v2\/tags?post=15415"}],"curies":[{"name":"wp","href":"https:\/\/api.w.org\/{rel}","templated":true}]}}