{"id":38,"date":"2015-10-02T09:53:13","date_gmt":"2015-10-02T09:53:13","guid":{"rendered":"https:\/\/www.costabrava-wandern.de\/?p=38"},"modified":"2021-11-06T09:51:51","modified_gmt":"2021-11-06T08:51:51","slug":"stage-1-night-llanca","status":"publish","type":"post","link":"https:\/\/www.costabrava-wandern.de\/en\/etappe-1-uebernachtung-llanca\/","title":{"rendered":"Stage 1: Overnight stay in Llan\u00e7a"},"content":{"rendered":"<div id=\"pl-38\"  class=\"panel-layout\" ><div id=\"pg-38-0\"  class=\"panel-grid panel-no-style\" ><div id=\"pgc-38-0-0\"  class=\"panel-grid-cell\" ><div id=\"panel-38-0-0-0\" class=\"so-panel widget widget_sow-editor panel-first-child\" data-index=\"0\" ><div\n\t\t\t\n\t\t\tclass=\"so-widget-sow-editor so-widget-sow-editor-base\"\n\t\t\t\n\t\t>\n<div class=\"siteorigin-widget-tinymce textwidget\">\n\t<p>There is a wide range of accommodation in Llan\u00e7a, of which we can recommend the following, among others:<\/p>\n<p><a class=\"booking-link\" href=\"http:\/\/www.booking.com\/hotel\/es\/grifeu.html?aid=947820&amp;label=text_etappe1\" target=\"_blank\" rel=\"noopener\">The 3-star hotel \"Grifeu\" impresses above all with its location directly by the sea. <\/a>\u00a0From the street side, the hotel is rather inconspicuous, but a real highlight is the terrace facing the sea. Since the hotel is also directly on the GR-92, you are spared a diversion.<\/p>\n<p><a class=\"booking-link\" href=\"http:\/\/www.booking.com\/hotel\/es\/carbonell.html?aid=947820&amp;label=text_etappe1\" target=\"_blank\" rel=\"noopener\">The 2-star Hotel Carbonell, on the other hand, is located in the historic centre of Llan\u00e7a.<\/a> . This means an additional 20 min walk inland, but the diversions is worth it: Llan\u00e7a has a beautiful medieval centre and is very lively in the evenings thanks to numerous bars and restaurants.<\/p>\n<\/div>\n<\/div><\/div><div id=\"panel-38-0-0-1\" class=\"so-panel widget widget_sow-image panel-last-child\" data-index=\"1\" ><div\n\t\t\t\n\t\t\tclass=\"so-widget-sow-image so-widget-sow-image-default-8b5b6f678277-38\"\n\t\t\t\n\t\t>\n<div class=\"sow-image-container\">\n\t\t\t<a href=\"https:\/\/www.costabrava-wandern.de\/wp-content\/uploads\/Im-Zentrum-von-Llanca.jpg\">\n\t\t\t<img \n\tsrc=\"https:\/\/www.costabrava-wandern.de\/wp-content\/uploads\/Im-Zentrum-von-Llanca.jpg\" width=\"1200\" height=\"900\" srcset=\"https:\/\/www.costabrava-wandern.de\/wp-content\/uploads\/Im-Zentrum-von-Llanca.jpg 1200w, https:\/\/www.costabrava-wandern.de\/wp-content\/uploads\/Im-Zentrum-von-Llanca-150x113.jpg 150w, https:\/\/www.costabrava-wandern.de\/wp-content\/uploads\/Im-Zentrum-von-Llanca-300x225.jpg 300w, https:\/\/www.costabrava-wandern.de\/wp-content\/uploads\/Im-Zentrum-von-Llanca-1024x768.jpg 1024w\" sizes=\"(max-width: 1200px) 100vw, 1200px\" title=\"The historic centre of Llan\u00e7a has an imposing tower.\" alt=\"\" \t\tclass=\"so-widget-image\"\/>\n\t\t\t<\/a><\/div>\n\n<h3 class=\"widget-title\">The historic centre of Llan\u00e7a has an imposing tower.<\/h3><\/div><\/div><\/div><div id=\"pgc-38-0-1\"  class=\"panel-grid-cell\" ><div id=\"panel-38-0-1-0\" class=\"so-panel widget widget_sow-image panel-first-child\" data-index=\"2\" ><div\n\t\t\t\n\t\t\tclass=\"so-widget-sow-image so-widget-sow-image-default-8b5b6f678277-38\"\n\t\t\t\n\t\t>\n<div class=\"sow-image-container\">\n\t\t\t<a href=\"https:\/\/www.costabrava-wandern.de\/wp-content\/uploads\/Kleine-aber-saubere-Zimmer-im-Hotel-Carbonell.jpg\">\n\t\t\t<img \n\tsrc=\"https:\/\/www.costabrava-wandern.de\/wp-content\/uploads\/Kleine-aber-saubere-Zimmer-im-Hotel-Carbonell.jpg\" width=\"1200\" height=\"675\" srcset=\"https:\/\/www.costabrava-wandern.de\/wp-content\/uploads\/Kleine-aber-saubere-Zimmer-im-Hotel-Carbonell.jpg 1200w, https:\/\/www.costabrava-wandern.de\/wp-content\/uploads\/Kleine-aber-saubere-Zimmer-im-Hotel-Carbonell-150x84.jpg 150w, https:\/\/www.costabrava-wandern.de\/wp-content\/uploads\/Kleine-aber-saubere-Zimmer-im-Hotel-Carbonell-300x169.jpg 300w, https:\/\/www.costabrava-wandern.de\/wp-content\/uploads\/Kleine-aber-saubere-Zimmer-im-Hotel-Carbonell-1024x576.jpg 1024w\" sizes=\"(max-width: 1200px) 100vw, 1200px\" title=\"Small but clean rooms at the Hotel Carbonell\" alt=\"\" \t\tclass=\"so-widget-image\"\/>\n\t\t\t<\/a><\/div>\n\n<h3 class=\"widget-title\">Small but clean rooms at the Hotel Carbonell<\/h3><\/div><\/div><div id=\"panel-38-0-1-1\" class=\"so-panel widget widget_sow-image panel-last-child\" data-index=\"3\" ><div\n\t\t\t\n\t\t\tclass=\"so-widget-sow-image so-widget-sow-image-default-8b5b6f678277-38\"\n\t\t\t\n\t\t>\n<div class=\"sow-image-container\">\n\t\t\t<a href=\"https:\/\/www.costabrava-wandern.de\/wp-content\/uploads\/Das-Hotel-Carbonell-verf\u00fcgt-\u00fcber-eine-Dachterrasse.jpg\">\n\t\t\t<img \n\tsrc=\"https:\/\/www.costabrava-wandern.de\/wp-content\/uploads\/Das-Hotel-Carbonell-verf\u00fcgt-\u00fcber-eine-Dachterrasse.jpg\" width=\"1200\" height=\"675\" srcset=\"https:\/\/www.costabrava-wandern.de\/wp-content\/uploads\/Das-Hotel-Carbonell-verf\u00fcgt-\u00fcber-eine-Dachterrasse.jpg 1200w, https:\/\/www.costabrava-wandern.de\/wp-content\/uploads\/Das-Hotel-Carbonell-verf\u00fcgt-\u00fcber-eine-Dachterrasse-150x84.jpg 150w, https:\/\/www.costabrava-wandern.de\/wp-content\/uploads\/Das-Hotel-Carbonell-verf\u00fcgt-\u00fcber-eine-Dachterrasse-300x169.jpg 300w, https:\/\/www.costabrava-wandern.de\/wp-content\/uploads\/Das-Hotel-Carbonell-verf\u00fcgt-\u00fcber-eine-Dachterrasse-1024x576.jpg 1024w\" sizes=\"(max-width: 1200px) 100vw, 1200px\" title=\"The Hotel Carbonell has a roof terrace and is located in the historic centre of Llanca, a bit inland \" alt=\"\" \t\tclass=\"so-widget-image\"\/>\n\t\t\t<\/a><\/div>\n\n<h3 class=\"widget-title\">The Hotel Carbonell has a roof terrace and is located in the historic centre of Llanca, a bit inland <\/h3><\/div><\/div><\/div><\/div><\/div>","protected":false},"excerpt":{"rendered":"<p>In Llan\u00e7a gibt es eine Vielzahl an Unterk\u00fcnften, von denen wir unter anderem die folgenden empfehlen k\u00f6nnen: Das 3-Sterne-Hotel &#8222;Grifeu&#8220; besticht vor allem durch seine Lage direkt am Meer. \u00a0Von der Stra\u00dfenseite ist das Hotel eher unscheinbar, ein echtes Highlight ist jedoch die zum Meer hin liegende Terrasse. Da das Hotel au\u00dferdem direkt am GR-92 [&hellip;]<\/p>\n","protected":false},"author":1,"featured_media":834,"comment_status":"closed","ping_status":"open","sticky":false,"template":"","format":"standard","meta":{"footnotes":""},"categories":[4],"tags":[],"class_list":{"0":"post-38","1":"post","2":"type-post","3":"status-publish","4":"format-standard","5":"has-post-thumbnail","6":"hentry","7":"category-gr-92-unterkuenfte","9":"post-with-thumbnail","10":"post-with-thumbnail-large"},"_links":{"self":[{"href":"https:\/\/www.costabrava-wandern.de\/en\/wp-json\/wp\/v2\/posts\/38","targetHints":{"allow":["GET"]}}],"collection":[{"href":"https:\/\/www.costabrava-wandern.de\/en\/wp-json\/wp\/v2\/posts"}],"about":[{"href":"https:\/\/www.costabrava-wandern.de\/en\/wp-json\/wp\/v2\/types\/post"}],"author":[{"embeddable":true,"href":"https:\/\/www.costabrava-wandern.de\/en\/wp-json\/wp\/v2\/users\/1"}],"replies":[{"embeddable":true,"href":"https:\/\/www.costabrava-wandern.de\/en\/wp-json\/wp\/v2\/comments?post=38"}],"version-history":[{"count":5,"href":"https:\/\/www.costabrava-wandern.de\/en\/wp-json\/wp\/v2\/posts\/38\/revisions"}],"predecessor-version":[{"id":31533,"href":"https:\/\/www.costabrava-wandern.de\/en\/wp-json\/wp\/v2\/posts\/38\/revisions\/31533"}],"wp:featuredmedia":[{"embeddable":true,"href":"https:\/\/www.costabrava-wandern.de\/en\/wp-json\/wp\/v2\/media\/834"}],"wp:attachment":[{"href":"https:\/\/www.costabrava-wandern.de\/en\/wp-json\/wp\/v2\/media?parent=38"}],"wp:term":[{"taxonomy":"category","embeddable":true,"href":"https:\/\/www.costabrava-wandern.de\/en\/wp-json\/wp\/v2\/categories?post=38"},{"taxonomy":"post_tag","embeddable":true,"href":"https:\/\/www.costabrava-wandern.de\/en\/wp-json\/wp\/v2\/tags?post=38"}],"curies":[{"name":"wp","href":"https:\/\/api.w.org\/{rel}","templated":true}]}}