{"id":160,"date":"2015-01-03T06:54:39","date_gmt":"2015-01-03T06:54:39","guid":{"rendered":"https:\/\/www.costabrava-wandern.de\/?p=160"},"modified":"2022-11-09T18:01:34","modified_gmt":"2022-11-09T17:01:34","slug":"gr-92-etapa-10-direcciones","status":"publish","type":"post","link":"https:\/\/www.costabrava-wandern.de\/es\/gr-92-etappe-10-wegbeschreibung\/","title":{"rendered":"Etapa 10: Direcciones"},"content":{"rendered":"<div id=\"pl-160\"  class=\"panel-layout\" ><div id=\"pg-160-0\"  class=\"panel-grid panel-no-style\" ><div id=\"pgc-160-0-0\"  class=\"panel-grid-cell\" ><div id=\"panel-160-0-0-0\" class=\"so-panel widget widget_metaslider_widget panel-first-child panel-last-child\" data-index=\"0\" ><div id=\"metaslider-id-1105\" style=\"width: 100%;\" class=\"ml-slider-3-108-0 metaslider metaslider-flex metaslider-1105 ml-slider has-dots-nav ms-theme-simply-dark\" role=\"region\" aria-label=\"Etapa 10\" data-height=\"415\" data-width=\"1200\">\n    <div id=\"metaslider_container_1105\">\n        <div id=\"metaslider_1105\">\n            <ul class='slides'>\n                <li style=\"display: block; width: 100%;\" class=\"slide-1092 ms-image\" aria-roledescription=\"slide\" data-date=\"2017-01-24 20:45:09\" data-filename=\"GR-92-Etappe-10-Tossa-de-Mar-Lloret-de-Mar-Bild-1.jpg\" data-slide-type=\"image\"><img loading=\"lazy\" decoding=\"async\" src=\"https:\/\/www.costabrava-wandern.de\/wp-content\/uploads\/GR-92-Etappe-10-Tossa-de-Mar-Lloret-de-Mar-Bild-1.jpg\" height=\"415\" width=\"1200\" alt=\"\" class=\"slider-1105 slide-1092 msDefaultImage\" \/><div class=\"caption-wrap\"><div class=\"caption\">Sobre el casco antiguo de Tossa de Mar<\/div><\/div><\/li>\n                <li style=\"display: none; width: 100%;\" class=\"slide-1095 ms-image\" aria-roledescription=\"slide\" data-date=\"2017-01-24 20:45:23\" data-filename=\"GR-92-Etappe-10-Tossa-de-Mar-Lloret-de-Mar-Bild-4-1200x415.jpg\" data-slide-type=\"image\"><img loading=\"lazy\" decoding=\"async\" src=\"https:\/\/www.costabrava-wandern.de\/wp-content\/uploads\/GR-92-Etappe-10-Tossa-de-Mar-Lloret-de-Mar-Bild-4-1200x415.jpg\" height=\"415\" width=\"1200\" alt=\"\" class=\"slider-1105 slide-1095 msDefaultImage\" \/><div class=\"caption-wrap\"><div class=\"caption\">Un buen lugar para descansar: Restaurante en el &quot;Club N\u00e0utic Cala Canyelles&quot;<\/div><\/div><\/li>\n                <li style=\"display: none; width: 100%;\" class=\"slide-1100 ms-image\" aria-roledescription=\"slide\" data-date=\"2017-01-24 20:45:45\" data-filename=\"GR-92-Etappe-10-Tossa-de-Mar-Lloret-de-Mar-Bild-9-1200x415.jpg\" data-slide-type=\"image\"><img loading=\"lazy\" decoding=\"async\" src=\"https:\/\/www.costabrava-wandern.de\/wp-content\/uploads\/GR-92-Etappe-10-Tossa-de-Mar-Lloret-de-Mar-Bild-9-1200x415.jpg\" height=\"415\" width=\"1200\" alt=\"\" class=\"slider-1105 slide-1100 msDefaultImage\" \/><div class=\"caption-wrap\"><div class=\"caption\">Agua clara en los \u00faltimos metros del GR-92<\/div><\/div><\/li>\n            <\/ul>\n        <\/div>\n        \n    <\/div>\n<\/div><\/div><\/div><\/div><div id=\"pg-160-1\"  class=\"panel-grid panel-no-style\" ><div id=\"pgc-160-1-0\"  class=\"panel-grid-cell\" ><div id=\"panel-160-1-0-0\" class=\"so-panel widget widget_sow-editor panel-first-child panel-last-child\" data-index=\"1\" ><div\n\t\t\t\n\t\t\tclass=\"so-widget-sow-editor so-widget-sow-editor-base\"\n\t\t\t\n\t\t><h3 class=\"widget-title\">De Tossa de Mar a Lloret de Mar<\/h3>\n<div class=\"siteorigin-widget-tinymce textwidget\">\n\t<p>Podemos abordar la etapa final de nuestra caminata de manera relajada: es solo una caminata de medio d\u00eda a Lloret de Mar.<\/p>\n<p>Si no quieres pasar la noche en Lloret, que es conocido como un lugar de fiesta, pero quieres ir directamente a Barcelona en autob\u00fas,\u00a0 <a href=\"https:\/\/compras.moventis.es\/online\/\" target=\"_blank\" rel=\"noopener\">debe comprar un billete de autob\u00fas en Tossa de Mar para los autobuses Moventis\/Sarfa, que requieren reserva<\/a> (<a href=\"https:\/\/goo.gl\/maps\/EADdRhGP6V62\" target=\"_blank\" rel=\"noopener\">Billetes en la estaci\u00f3n de autobuses de Tossa de Mar<\/a>, punto de partida de nuestra etapa).<\/p>\n<p>La primera parte de la caminata de hoy nos lleva hasta un mirador que mira hacia Tossa de Mar. Poco despu\u00e9s aparecen se\u00f1ales que indican el final del Cam\u00ed de Ronda. Eso no nos molesta: seguimos el GR-92, que aqu\u00ed se desv\u00eda a la derecha. Esto nos lleva brevemente a la carretera de la costa y luego en un arco alrededor de un complejo cerrado de casas de vacaciones hasta la playa de Canyelles. En el puerto deportivo hay un peque\u00f1o y agradable restaurante con asientos justo en la pared del muelle.<\/p>\n<p>Desde aqu\u00ed sube por escaleras y otros asentamientos de casas de vacaciones hasta que bajamos por una empinada escalera serpenteante hacia el mar. All\u00ed caminamos por un hermoso camino rodeado de muros de piedra en direcci\u00f3n a Lloret de Mar, desde donde siempre nos salen al paso numerosos excursionistas. Despu\u00e9s de un tramo de costa muy pintoresco con aguas cristalinas, a m\u00e1s tardar despu\u00e9s de un peque\u00f1o t\u00fanel, el denso desarrollo de Lloret de Mar ya no puede ser ignorado.<\/p>\n<p>A unos cientos de metros de la playa, frente al Hotel Hawai, se encuentra la primera parada de autob\u00fas hacia Barcelona (ver tambi\u00e9n <a href=\"https:\/\/www.costabrava-wandern.de\/es\/llegada-a-la-costa-brava\/#bus-lloret\">Conexi\u00f3n de autob\u00fas a Barcelona<\/a>).<\/p>\n<\/div>\n<\/div><\/div><\/div><div id=\"pgc-160-1-1\"  class=\"panel-grid-cell\" ><div id=\"panel-160-1-1-0\" class=\"so-panel widget widget_text panel-first-child\" data-index=\"2\" ><h3 class=\"widget-title\">Datos sobre la etapa 10<\/h3>\t\t\t<div class=\"textwidget\"><p><b>Altitud en metros:<\/b> 380m ascenso \/ 360m descenso<br \/>\n<b>Ruta:<\/b> 13,0 km<br \/>\n<b>Duraci\u00f3n:<\/b> 4:00 h (sin descansos)<br \/>\n<b>Pasar la noche:<\/b> <a href=\"https:\/\/www.costabrava-wandern.de\/es\/llegada-alojamiento-en-barcelona\/\">Hoteles y B&amp;Bs en Barcelona<\/a><\/p>\n<\/div>\n\t\t<\/div><div id=\"panel-160-1-1-1\" class=\"so-panel widget widget_edd_product_details\" data-index=\"3\" ><h3 class=\"widget-title\">Descarga de ruta - GR92 etapa 10 (fichero GPX)<\/h3>\t<form id=\"edd_purchase_358\" class=\"edd_download_purchase_form edd_purchase_358\" method=\"post\" action=\"\">\n\n\t\t\n\t\t<div class=\"edd_purchase_submit_wrapper\">\n\t\t\t<button class=\"edd-add-to-cart button orange edd-submit\" data-nonce=\"c1603cd39d\" data-timestamp=\"1777373267\" data-token=\"1aefe0f67606f084cbdd39b39629f12b862040d13c5f6ac181ed4a15cdc510ab\" data-action=\"edd_add_to_cart\" data-download-id=\"358\" data-variable-price=\"no\" data-price-mode=\"single\" data-price=\"0.00\" ><span class=\"edd-add-to-cart-label\">Gratis \u2013 A\u00f1adir al carrito<\/span> <span class=\"edd-loading\" aria-label=\"Cargando\"><\/span><\/button><input type=\"submit\" class=\"edd-add-to-cart edd-no-js button orange edd-submit\" name=\"edd_purchase_download\" value=\"Gratis \u2013 A\u00f1adir al carrito\" data-action=\"edd_add_to_cart\" data-download-id=\"358\" data-variable-price=\"no\" data-price-mode=\"single\" \/><a href=\"https:\/\/www.costabrava-wandern.de\/es\/checkout\/?nocache=true\" class=\"edd_go_to_checkout button orange edd-submit\" style=\"display:none;\">Mostrar la cesta de la compra<\/a>\n\t\t\t\t\t\t\t<span class=\"edd-cart-ajax-alert\" aria-live=\"assertive\">\n\t\t\t\t\t<span class=\"edd-cart-added-alert\" style=\"display: none;\">\n\t\t\t\t\t\t<svg class=\"edd-icon edd-icon-check\" xmlns=\"http:\/\/www.w3.org\/2000\/svg\" width=\"28\" height=\"28\" viewbox=\"0 0 28 28\" aria-hidden=\"true\">\n\t\t\t\t\t\t\t<path d=\"M26.11 8.844c0 .39-.157.78-.44 1.062L12.234 23.344c-.28.28-.672.438-1.062.438s-.78-.156-1.06-.438l-7.782-7.78c-.28-.282-.438-.673-.438-1.063s.156-.78.438-1.06l2.125-2.126c.28-.28.672-.438 1.062-.438s.78.156 1.062.438l4.594 4.61L21.42 5.656c.282-.28.673-.438 1.063-.438s.78.155 1.062.437l2.125 2.125c.28.28.438.672.438 1.062z\"\/>\n\t\t\t\t\t\t<\/svg>\n\t\t\t\t\t\tA\u00f1adido al carrito\t\t\t\t\t<\/span>\n\t\t\t\t<\/span>\n\t\t\t\t\t\t\t\t<\/div><!--end .edd_purchase_submit_wrapper-->\n\n\t\t<input type=\"hidden\" name=\"download_id\" value=\"358\">\n\t\t\t\t\t\t\t<input type=\"hidden\" name=\"edd_action\" class=\"edd_action_input\" value=\"add_to_cart\">\n\t\t\n\t\t\n\t\t\n\t\t\n\t<input type=\"hidden\" name=\"trp-form-language\" value=\"es\"\/><\/form><!--end #edd_purchase_358-->\n\t<\/div><div id=\"panel-160-1-1-2\" class=\"so-panel widget widget_text panel-last-child\" data-index=\"4\" >\t\t\t<div class=\"textwidget\"><p>Todas las dem\u00e1s descargas se pueden encontrar en <a href=\"https:\/\/www.costabrava-wandern.de\/es\/descargas-de-material-cartografico\/\">Material cartogr\u00e1fico<\/a>.<\/p>\n<\/div>\n\t\t<\/div><\/div><\/div><div id=\"pg-160-2\"  class=\"panel-grid panel-no-style\" ><div id=\"pgc-160-2-0\"  class=\"panel-grid-cell\" ><div id=\"panel-160-2-0-0\" class=\"so-panel widget widget_sow-editor panel-first-child\" data-index=\"5\" ><div\n\t\t\t\n\t\t\tclass=\"so-widget-sow-editor so-widget-sow-editor-base\"\n\t\t\t\n\t\t><h3 class=\"widget-title\">Pasar la noche en Lloret de Mar<\/h3>\n<div class=\"siteorigin-widget-tinymce textwidget\">\n\t<p>Nosotros mismos no nos quedamos en Lloret de Mar, sino que fuimos directamente a Barcelona. Pero hay un consejo de un lector de Stefan para pasar la noche en Lloret de Mar: Se dice que el 15th Boutique Hotel es muy bueno (4 estrellas, enlace: <a class=\"booking-link\" href=\"https:\/\/www.booking.com\/hotel\/es\/hotelmundialclublloretdemar.de.html?aid=947820\" target=\"_blank\" rel=\"noopener\">15 hotel boutique<\/a>).<\/p>\n<\/div>\n<\/div><\/div><div id=\"panel-160-2-0-1\" class=\"so-panel widget widget_sow-editor panel-last-child\" data-index=\"6\" ><div\n\t\t\t\n\t\t\tclass=\"so-widget-sow-editor so-widget-sow-editor-base\"\n\t\t\t\n\t\t><h3 class=\"widget-title\">Galer\u00eda de im\u00e1genes de la etapa 10<\/h3>\n<div class=\"siteorigin-widget-tinymce textwidget\">\n\t<style type=\"text\/css\">\n#foogallery-gallery-21785.fg-justified .fg-item { margin-right: 1px; margin-bottom: 1px; }\n#foogallery-gallery-21785.fg-justified .fg-image { height: 150px; }<\/style>\n<div class=\"foogallery foogallery-container foogallery-justified foogallery-lightbox-none fg-justified fg-ready fg-light fg-loading-default fg-loaded-fade-in fg-caption-hover fg-hover-fade fg-hover-zoom\" id=\"foogallery-gallery-21785\" data-foogallery=\"{&quot;item&quot;:{&quot;showCaptionTitle&quot;:true,&quot;showCaptionDescription&quot;:true},&quot;lazy&quot;:true,&quot;template&quot;:{&quot;rowHeight&quot;:150,&quot;maxRowHeight&quot;:300,&quot;margins&quot;:1,&quot;align&quot;:&quot;center&quot;,&quot;lastRow&quot;:&quot;smart&quot;}}\" style=\"--fg-title-line-clamp: 0; --fg-description-line-clamp: 0;\" >\n<div class=\"fg-item fg-type-image fg-idle\">\n<figure class=\"fg-item-inner\"><a href=\"https:\/\/www.costabrava-wandern.de\/wp-content\/uploads\/GR-92-Etappe-10-Tossa-de-Mar-Lloret-de-Mar-Bild-1.jpg\" data-caption-title=\"\u00dcber der Altstadt von Tossa de Mar\" data-attachment-id=\"1092\" data-type=\"image\" class=\"fg-thumb\"><span class=\"fg-image-wrap\"><img fetchpriority=\"high\" decoding=\"async\" title=\"Sobre el casco antiguo de Tossa de Mar\" height=\"300\" width=\"867\" class=\"skip-lazy fg-image\" data-src-fg=\"https:\/\/www.costabrava-wandern.de\/wp-content\/uploads\/cache\/GR-92-Etappe-10-Tossa-de-Mar-Lloret-de-Mar-Bild-1\/2395797317.jpg\" src=\"data:image\/svg+xml,%3Csvg%20xmlns%3D%22http%3A%2F%2Fwww.w3.org%2F2000%2Fsvg%22%20width%3D%22867%22%20height%3D%22300%22%20viewBox%3D%220%200%20867%20300%22%3E%3C%2Fsvg%3E\" loading=\"eager\"><\/span><span class=\"fg-image-overlay\"><\/span><\/a><figcaption class=\"fg-caption\">\n<div class=\"fg-caption-inner\">\n<div class=\"fg-caption-title\">Sobre el casco antiguo de Tossa de Mar<\/div>\n<\/div>\n<\/figcaption><\/figure>\n<div class=\"fg-loader\"><\/div>\n<\/div>\n<div class=\"fg-item fg-type-image fg-idle\">\n<figure class=\"fg-item-inner\"><a href=\"https:\/\/www.costabrava-wandern.de\/wp-content\/uploads\/GR-92-Etappe-10-Tossa-de-Mar-Lloret-de-Mar-Bild-2.jpg\" data-caption-title=\"Aussichtsplattform oberhalb von Tossa de Mar\" data-attachment-id=\"1093\" data-type=\"image\" class=\"fg-thumb\"><span class=\"fg-image-wrap\"><img decoding=\"async\" title=\"Plataforma de observaci\u00f3n sobre Tossa de Mar\" height=\"300\" width=\"400\" class=\"skip-lazy fg-image\" data-src-fg=\"https:\/\/www.costabrava-wandern.de\/wp-content\/uploads\/cache\/GR-92-Etappe-10-Tossa-de-Mar-Lloret-de-Mar-Bild-2\/1751657961.jpg\" src=\"data:image\/svg+xml,%3Csvg%20xmlns%3D%22http%3A%2F%2Fwww.w3.org%2F2000%2Fsvg%22%20width%3D%22400%22%20height%3D%22300%22%20viewBox%3D%220%200%20400%20300%22%3E%3C%2Fsvg%3E\" loading=\"eager\"><\/span><span class=\"fg-image-overlay\"><\/span><\/a><figcaption class=\"fg-caption\">\n<div class=\"fg-caption-inner\">\n<div class=\"fg-caption-title\">Plataforma de observaci\u00f3n sobre Tossa de Mar<\/div>\n<\/div>\n<\/figcaption><\/figure>\n<div class=\"fg-loader\"><\/div>\n<\/div>\n<div class=\"fg-item fg-type-image fg-idle\">\n<figure class=\"fg-item-inner\"><a href=\"https:\/\/www.costabrava-wandern.de\/wp-content\/uploads\/GR-92-Etappe-10-Tossa-de-Mar-Lloret-de-Mar-Bild-3.jpg\" data-caption-title=\"Steilk\u00fcste bei Tossa de Mar\" data-attachment-id=\"1094\" data-type=\"image\" class=\"fg-thumb\"><span class=\"fg-image-wrap\"><img decoding=\"async\" title=\"Acantilados de Tossa de Mar\" height=\"300\" width=\"729\" class=\"skip-lazy fg-image\" data-src-fg=\"https:\/\/www.costabrava-wandern.de\/wp-content\/uploads\/cache\/GR-92-Etappe-10-Tossa-de-Mar-Lloret-de-Mar-Bild-3\/1734359515.jpg\" src=\"data:image\/svg+xml,%3Csvg%20xmlns%3D%22http%3A%2F%2Fwww.w3.org%2F2000%2Fsvg%22%20width%3D%22729%22%20height%3D%22300%22%20viewBox%3D%220%200%20729%20300%22%3E%3C%2Fsvg%3E\" loading=\"eager\"><\/span><span class=\"fg-image-overlay\"><\/span><\/a><figcaption class=\"fg-caption\">\n<div class=\"fg-caption-inner\">\n<div class=\"fg-caption-title\">Acantilados de Tossa de Mar<\/div>\n<\/div>\n<\/figcaption><\/figure>\n<div class=\"fg-loader\"><\/div>\n<\/div>\n<div class=\"fg-item fg-type-image fg-idle\">\n<figure class=\"fg-item-inner\"><a href=\"https:\/\/www.costabrava-wandern.de\/wp-content\/uploads\/GR-92-Etappe-10-Tossa-de-Mar-Lloret-de-Mar-Bild-5.jpg\" data-caption-title=\"Die &quot;Cala Canyelles&quot; ist eine der letzten Buchten vor Lloret de MAr\" data-attachment-id=\"1096\" data-type=\"image\" class=\"fg-thumb\"><span class=\"fg-image-wrap\"><img decoding=\"async\" title=\"La &quot;Cala Canyelles&quot; es una de las \u00faltimas calas antes de Lloret de Mar\" height=\"300\" width=\"533\" class=\"skip-lazy fg-image\" data-src-fg=\"https:\/\/www.costabrava-wandern.de\/wp-content\/uploads\/cache\/GR-92-Etappe-10-Tossa-de-Mar-Lloret-de-Mar-Bild-5\/1901628098.jpg\" data-srcset-fg=\"https:\/\/www.costabrava-wandern.de\/wp-content\/uploads\/cache\/GR-92-Etappe-10-Tossa-de-Mar-Lloret-de-Mar-Bild-5\/2029732934.jpg 2x\" src=\"data:image\/svg+xml,%3Csvg%20xmlns%3D%22http%3A%2F%2Fwww.w3.org%2F2000%2Fsvg%22%20width%3D%22533%22%20height%3D%22300%22%20viewBox%3D%220%200%20533%20300%22%3E%3C%2Fsvg%3E\" loading=\"eager\"><\/span><span class=\"fg-image-overlay\"><\/span><\/a><figcaption class=\"fg-caption\">\n<div class=\"fg-caption-inner\">\n<div class=\"fg-caption-title\">La &quot;Cala Canyelles&quot; es una de las \u00faltimas calas antes de Lloret de Mar<\/div>\n<\/div>\n<\/figcaption><\/figure>\n<div class=\"fg-loader\"><\/div>\n<\/div>\n<div class=\"fg-item fg-type-image fg-idle\">\n<figure class=\"fg-item-inner\"><a href=\"https:\/\/www.costabrava-wandern.de\/wp-content\/uploads\/GR-92-Etappe-10-Tossa-de-Mar-Lloret-de-Mar-Bild-6.jpg\" data-caption-title=\"Kurz vor Lloret de Mar: Die Hochh\u00e4user sind noch nicht zu erahnen sondern hinter dem n\u00e4chsten H\u00fcgel versteckt\" data-attachment-id=\"1097\" data-type=\"image\" class=\"fg-thumb\"><span class=\"fg-image-wrap\"><img decoding=\"async\" title=\"Poco antes de Lloret de Mar: los rascacielos a\u00fan no se adivinan, pero est\u00e1n escondidos detr\u00e1s de la siguiente colina\" height=\"300\" width=\"533\" class=\"skip-lazy fg-image\" data-src-fg=\"https:\/\/www.costabrava-wandern.de\/wp-content\/uploads\/cache\/GR-92-Etappe-10-Tossa-de-Mar-Lloret-de-Mar-Bild-6\/2549895278.jpg\" data-srcset-fg=\"https:\/\/www.costabrava-wandern.de\/wp-content\/uploads\/cache\/GR-92-Etappe-10-Tossa-de-Mar-Lloret-de-Mar-Bild-6\/2657066730.jpg 2x\" src=\"data:image\/svg+xml,%3Csvg%20xmlns%3D%22http%3A%2F%2Fwww.w3.org%2F2000%2Fsvg%22%20width%3D%22533%22%20height%3D%22300%22%20viewBox%3D%220%200%20533%20300%22%3E%3C%2Fsvg%3E\" loading=\"eager\"><\/span><span class=\"fg-image-overlay\"><\/span><\/a><figcaption class=\"fg-caption\">\n<div class=\"fg-caption-inner\">\n<div class=\"fg-caption-title\">Poco antes de Lloret de Mar: los rascacielos a\u00fan no se adivinan, pero est\u00e1n escondidos detr\u00e1s de la siguiente colina<\/div>\n<\/div>\n<\/figcaption><\/figure>\n<div class=\"fg-loader\"><\/div>\n<\/div>\n<div class=\"fg-item fg-type-image fg-idle\">\n<figure class=\"fg-item-inner\"><a href=\"https:\/\/www.costabrava-wandern.de\/wp-content\/uploads\/GR-92-Etappe-10-Tossa-de-Mar-Lloret-de-Mar-Bild-7.jpg\" data-caption-title=\"Gut ausgebaut schl\u00e4ngelt sich der K\u00fcstenwanderweg in Richtung Lloret de Mar\" data-attachment-id=\"1098\" data-type=\"image\" class=\"fg-thumb\"><span class=\"fg-image-wrap\"><img decoding=\"async\" title=\"Bien desarrollada, la ruta de senderismo costera serpentea en direcci\u00f3n a Lloret de Mar\" height=\"300\" width=\"400\" class=\"skip-lazy fg-image\" data-src-fg=\"https:\/\/www.costabrava-wandern.de\/wp-content\/uploads\/cache\/GR-92-Etappe-10-Tossa-de-Mar-Lloret-de-Mar-Bild-7\/1867031206.jpg\" src=\"data:image\/svg+xml,%3Csvg%20xmlns%3D%22http%3A%2F%2Fwww.w3.org%2F2000%2Fsvg%22%20width%3D%22400%22%20height%3D%22300%22%20viewBox%3D%220%200%20400%20300%22%3E%3C%2Fsvg%3E\" loading=\"eager\"><\/span><span class=\"fg-image-overlay\"><\/span><\/a><figcaption class=\"fg-caption\">\n<div class=\"fg-caption-inner\">\n<div class=\"fg-caption-title\">Bien desarrollada, la ruta de senderismo costera serpentea en direcci\u00f3n a Lloret de Mar<\/div>\n<\/div>\n<\/figcaption><\/figure>\n<div class=\"fg-loader\"><\/div>\n<\/div>\n<div class=\"fg-item fg-type-image fg-idle\">\n<figure class=\"fg-item-inner\"><a href=\"https:\/\/www.costabrava-wandern.de\/wp-content\/uploads\/GR-92-Etappe-10-Tossa-de-Mar-Lloret-de-Mar-Bild-4.jpg\" data-caption-title=\"Eine nette Rastm\u00f6glichkeit: Restaurant im &quot;Club N\u00e0utic Cala Canyelles&quot;\" data-attachment-id=\"1095\" data-type=\"image\" class=\"fg-thumb\"><span class=\"fg-image-wrap\"><img decoding=\"async\" title=\"Un buen lugar para descansar: Restaurante en el &quot;Club N\u00e0utic Cala Canyelles&quot;\" height=\"300\" width=\"851\" class=\"skip-lazy fg-image\" data-src-fg=\"https:\/\/www.costabrava-wandern.de\/wp-content\/uploads\/cache\/GR-92-Etappe-10-Tossa-de-Mar-Lloret-de-Mar-Bild-4\/93253005.jpg\" src=\"data:image\/svg+xml,%3Csvg%20xmlns%3D%22http%3A%2F%2Fwww.w3.org%2F2000%2Fsvg%22%20width%3D%22851%22%20height%3D%22300%22%20viewBox%3D%220%200%20851%20300%22%3E%3C%2Fsvg%3E\" loading=\"eager\"><\/span><span class=\"fg-image-overlay\"><\/span><\/a><figcaption class=\"fg-caption\">\n<div class=\"fg-caption-inner\">\n<div class=\"fg-caption-title\">Un buen lugar para descansar: Restaurante en el &quot;Club N\u00e0utic Cala Canyelles&quot;<\/div>\n<\/div>\n<\/figcaption><\/figure>\n<div class=\"fg-loader\"><\/div>\n<\/div>\n<div class=\"fg-item fg-type-image fg-idle\">\n<figure class=\"fg-item-inner\"><a href=\"https:\/\/www.costabrava-wandern.de\/wp-content\/uploads\/GR-92-Etappe-10-Tossa-de-Mar-Lloret-de-Mar-Bild-8.jpg\" data-caption-title=\"Ein letztes Mal den unverbauten Blick auf&#039;s Meer genie\u00dfen!\" data-attachment-id=\"1099\" data-type=\"image\" class=\"fg-thumb\"><span class=\"fg-image-wrap\"><img decoding=\"async\" title=\"\u00a1Disfruta de la vista despejada del mar por \u00faltima vez!\" height=\"300\" width=\"556\" class=\"skip-lazy fg-image\" data-src-fg=\"https:\/\/www.costabrava-wandern.de\/wp-content\/uploads\/cache\/GR-92-Etappe-10-Tossa-de-Mar-Lloret-de-Mar-Bild-8\/3728960837.jpg\" data-srcset-fg=\"https:\/\/www.costabrava-wandern.de\/wp-content\/uploads\/cache\/GR-92-Etappe-10-Tossa-de-Mar-Lloret-de-Mar-Bild-8\/973481885.jpg 2x\" src=\"data:image\/svg+xml,%3Csvg%20xmlns%3D%22http%3A%2F%2Fwww.w3.org%2F2000%2Fsvg%22%20width%3D%22556%22%20height%3D%22300%22%20viewBox%3D%220%200%20556%20300%22%3E%3C%2Fsvg%3E\" loading=\"eager\"><\/span><span class=\"fg-image-overlay\"><\/span><\/a><figcaption class=\"fg-caption\">\n<div class=\"fg-caption-inner\">\n<div class=\"fg-caption-title\">\u00a1Disfruta de la vista despejada del mar por \u00faltima vez!<\/div>\n<\/div>\n<\/figcaption><\/figure>\n<div class=\"fg-loader\"><\/div>\n<\/div>\n<div class=\"fg-item fg-type-image fg-idle\">\n<figure class=\"fg-item-inner\"><a href=\"https:\/\/www.costabrava-wandern.de\/wp-content\/uploads\/GR-92-Etappe-10-Tossa-de-Mar-Lloret-de-Mar-Bild-10.jpg\" data-attachment-id=\"1101\" data-type=\"image\" class=\"fg-thumb\"><span class=\"fg-image-wrap\"><img decoding=\"async\" height=\"300\" width=\"225\" class=\"skip-lazy fg-image\" data-src-fg=\"https:\/\/www.costabrava-wandern.de\/wp-content\/uploads\/cache\/GR-92-Etappe-10-Tossa-de-Mar-Lloret-de-Mar-Bild-10\/3874468297.jpg\" data-srcset-fg=\"https:\/\/www.costabrava-wandern.de\/wp-content\/uploads\/cache\/GR-92-Etappe-10-Tossa-de-Mar-Lloret-de-Mar-Bild-10\/206156314.jpg 2x\" src=\"data:image\/svg+xml,%3Csvg%20xmlns%3D%22http%3A%2F%2Fwww.w3.org%2F2000%2Fsvg%22%20width%3D%22225%22%20height%3D%22300%22%20viewBox%3D%220%200%20225%20300%22%3E%3C%2Fsvg%3E\" loading=\"eager\"><\/span><span class=\"fg-image-overlay\"><\/span><\/a><\/figure>\n<div class=\"fg-loader\"><\/div>\n<\/div>\n<div class=\"fg-item fg-type-image fg-idle\">\n<figure class=\"fg-item-inner\"><a href=\"https:\/\/www.costabrava-wandern.de\/wp-content\/uploads\/GR-92-Etappe-10-Tossa-de-Mar-Lloret-de-Mar-Bild-9.jpg\" data-caption-title=\"Klares Wasser auf den letzten Metern des GR-92\" data-attachment-id=\"1100\" data-type=\"image\" class=\"fg-thumb\"><span class=\"fg-image-wrap\"><img decoding=\"async\" title=\"Agua clara en los \u00faltimos metros del GR-92\" height=\"300\" width=\"739\" class=\"skip-lazy fg-image\" data-src-fg=\"https:\/\/www.costabrava-wandern.de\/wp-content\/uploads\/cache\/GR-92-Etappe-10-Tossa-de-Mar-Lloret-de-Mar-Bild-9\/3110671326.jpg\" src=\"data:image\/svg+xml,%3Csvg%20xmlns%3D%22http%3A%2F%2Fwww.w3.org%2F2000%2Fsvg%22%20width%3D%22739%22%20height%3D%22300%22%20viewBox%3D%220%200%20739%20300%22%3E%3C%2Fsvg%3E\" loading=\"eager\"><\/span><span class=\"fg-image-overlay\"><\/span><\/a><figcaption class=\"fg-caption\">\n<div class=\"fg-caption-inner\">\n<div class=\"fg-caption-title\">Agua clara en los \u00faltimos metros del GR-92<\/div>\n<\/div>\n<\/figcaption><\/figure>\n<div class=\"fg-loader\"><\/div>\n<\/div>\n<div class=\"fg-item fg-type-image fg-idle\">\n<figure class=\"fg-item-inner\"><a href=\"https:\/\/www.costabrava-wandern.de\/wp-content\/uploads\/GR-92-Etappe-10-Tossa-de-Mar-Lloret-de-Mar-Bild-11.jpg\" data-caption-title=\"Vor diesem Hotel h\u00e4lt der Bus in Richtung Barcelona. Tickets sind vorab zu kaufen.\" data-attachment-id=\"1102\" data-type=\"image\" class=\"fg-thumb\"><span class=\"fg-image-wrap\"><img decoding=\"async\" title=\"El autob\u00fas a Barcelona para frente a este hotel. Los billetes deben comprarse con antelaci\u00f3n.\" height=\"300\" width=\"300\" class=\"skip-lazy fg-image\" data-src-fg=\"https:\/\/www.costabrava-wandern.de\/wp-content\/uploads\/cache\/GR-92-Etappe-10-Tossa-de-Mar-Lloret-de-Mar-Bild-11\/3676909426.jpg\" data-srcset-fg=\"https:\/\/www.costabrava-wandern.de\/wp-content\/uploads\/cache\/GR-92-Etappe-10-Tossa-de-Mar-Lloret-de-Mar-Bild-11\/2023136214.jpg 2x\" src=\"data:image\/svg+xml,%3Csvg%20xmlns%3D%22http%3A%2F%2Fwww.w3.org%2F2000%2Fsvg%22%20width%3D%22300%22%20height%3D%22300%22%20viewBox%3D%220%200%20300%20300%22%3E%3C%2Fsvg%3E\" loading=\"eager\"><\/span><span class=\"fg-image-overlay\"><\/span><\/a><figcaption class=\"fg-caption\">\n<div class=\"fg-caption-inner\">\n<div class=\"fg-caption-title\">El autob\u00fas a Barcelona para frente a este hotel. Los billetes deben comprarse con antelaci\u00f3n.<\/div>\n<\/div>\n<\/figcaption><\/figure>\n<div class=\"fg-loader\"><\/div>\n<\/div>\n<\/div>\n<\/div>\n<\/div><\/div><\/div><\/div><\/div>","protected":false},"excerpt":{"rendered":"<p>Die Abschlussetappe unserer Wanderung k\u00f6nnen wir entspannt angehen: Bis Lloret de Mar ist es nur eine Halbtageswanderung. Wer heute nicht in dem als Partyort bekannten Lloret \u00fcbernachten m\u00f6chte, sondern direkt mit dem Bus weiter nach Barcelona fahren m\u00f6chte,\u00a0 sollte sich schon in Tossa de Mar ein Busticket f\u00fcr die reservierungspflichtigen Busse der Firma Moventis\/Sarfa kaufen [&hellip;]<\/p>\n","protected":false},"author":1,"featured_media":0,"comment_status":"closed","ping_status":"open","sticky":false,"template":"","format":"standard","meta":{"footnotes":""},"categories":[10,19],"tags":[],"class_list":["post-160","post","type-post","status-publish","format-standard","hentry","category-gr-92-etappe-8-bis-10-von-palamos-bis-lloret-de-mar","category-etappe-10"],"_links":{"self":[{"href":"https:\/\/www.costabrava-wandern.de\/es\/wp-json\/wp\/v2\/posts\/160","targetHints":{"allow":["GET"]}}],"collection":[{"href":"https:\/\/www.costabrava-wandern.de\/es\/wp-json\/wp\/v2\/posts"}],"about":[{"href":"https:\/\/www.costabrava-wandern.de\/es\/wp-json\/wp\/v2\/types\/post"}],"author":[{"embeddable":true,"href":"https:\/\/www.costabrava-wandern.de\/es\/wp-json\/wp\/v2\/users\/1"}],"replies":[{"embeddable":true,"href":"https:\/\/www.costabrava-wandern.de\/es\/wp-json\/wp\/v2\/comments?post=160"}],"version-history":[{"count":8,"href":"https:\/\/www.costabrava-wandern.de\/es\/wp-json\/wp\/v2\/posts\/160\/revisions"}],"predecessor-version":[{"id":38615,"href":"https:\/\/www.costabrava-wandern.de\/es\/wp-json\/wp\/v2\/posts\/160\/revisions\/38615"}],"wp:attachment":[{"href":"https:\/\/www.costabrava-wandern.de\/es\/wp-json\/wp\/v2\/media?parent=160"}],"wp:term":[{"taxonomy":"category","embeddable":true,"href":"https:\/\/www.costabrava-wandern.de\/es\/wp-json\/wp\/v2\/categories?post=160"},{"taxonomy":"post_tag","embeddable":true,"href":"https:\/\/www.costabrava-wandern.de\/es\/wp-json\/wp\/v2\/tags?post=160"}],"curies":[{"name":"wp","href":"https:\/\/api.w.org\/{rel}","templated":true}]}}