{"id":174,"date":"2015-08-23T06:59:56","date_gmt":"2015-08-23T06:59:56","guid":{"rendered":"https:\/\/www.costabrava-wandern.de\/?p=174"},"modified":"2019-12-16T10:16:09","modified_gmt":"2019-12-16T09:16:09","slug":"gr-92-etapa-3-direcciones","status":"publish","type":"post","link":"https:\/\/www.costabrava-wandern.de\/es\/gr-92-etappe-3-wegbeschreibung\/","title":{"rendered":"Etapa 3: Direcciones"},"content":{"rendered":"<div id=\"pl-174\"  class=\"panel-layout\" ><div id=\"pg-174-0\"  class=\"panel-grid panel-no-style\" ><div id=\"pgc-174-0-0\"  class=\"panel-grid-cell\" ><div id=\"panel-174-0-0-0\" class=\"so-panel widget widget_metaslider_widget panel-first-child panel-last-child\" data-index=\"0\" ><div id=\"metaslider-id-763\" style=\"width: 100%;\" class=\"ml-slider-3-108-0 metaslider metaslider-flex metaslider-763 ml-slider has-dots-nav ms-theme-simply-dark\" role=\"region\" aria-label=\"Fase 3\" data-height=\"510\" data-width=\"1200\">\n    <div id=\"metaslider_container_763\">\n        <div id=\"metaslider_763\">\n            <ul class='slides'>\n                <li style=\"display: block; width: 100%;\" class=\"slide-770 ms-image\" aria-roledescription=\"slide\" data-date=\"2016-10-30 20:14:46\" data-filename=\"GR-92-Etappe-3-von-Cadaqu\u00e9s-nach-Roses-Empuriabrava-2.jpg\" data-slide-type=\"image\"><img loading=\"lazy\" decoding=\"async\" src=\"https:\/\/www.costabrava-wandern.de\/wp-content\/uploads\/GR-92-Etappe-3-von-Cadaqu\u00e9s-nach-Roses-Empuriabrava-2.jpg\" height=\"510\" width=\"1200\" alt=\"\" class=\"slider-763 slide-770 msDefaultImage\" \/><div class=\"caption-wrap\"><div class=\"caption\">Cuando hace buen tiempo, merece la pena madrugar: Cadaqu\u00e9s a la luz de la ma\u00f1ana<\/div><\/div><\/li>\n                <li style=\"display: none; width: 100%;\" class=\"slide-771 ms-image\" aria-roledescription=\"slide\" data-date=\"2016-10-30 20:14:49\" data-filename=\"GR-92-Etappe-3-von-Cadaqu\u00e9s-nach-Roses-Empuriabrava-5-1200x510.jpg\" data-slide-type=\"image\"><img loading=\"lazy\" decoding=\"async\" src=\"https:\/\/www.costabrava-wandern.de\/wp-content\/uploads\/GR-92-Etappe-3-von-Cadaqu\u00e9s-nach-Roses-Empuriabrava-5-1200x510.jpg\" height=\"510\" width=\"1200\" alt=\"\" class=\"slider-763 slide-771 msDefaultImage\" \/><div class=\"caption-wrap\"><div class=\"caption\">Fant\u00e1stica ubicaci\u00f3n aislada justo encima de Cadaqu\u00e9s <\/div><\/div><\/li>\n                <li style=\"display: none; width: 100%;\" class=\"slide-772 ms-image\" aria-roledescription=\"slide\" data-date=\"2016-10-30 20:14:52\" data-filename=\"GR-92-Etappe-3-von-Cadaqu\u00e9s-nach-Roses-Empuriabrava-6-1200x510.jpg\" data-slide-type=\"image\"><img loading=\"lazy\" decoding=\"async\" src=\"https:\/\/www.costabrava-wandern.de\/wp-content\/uploads\/GR-92-Etappe-3-von-Cadaqu\u00e9s-nach-Roses-Empuriabrava-6-1200x510.jpg\" height=\"510\" width=\"1200\" alt=\"\" class=\"slider-763 slide-772 msDefaultImage\" \/><div class=\"caption-wrap\"><div class=\"caption\">El curso posterior de la costa se puede ver en la distancia.<\/div><\/div><\/li>\n                <li style=\"display: none; width: 100%;\" class=\"slide-773 ms-image\" aria-roledescription=\"slide\" data-date=\"2016-10-30 20:14:55\" data-filename=\"GR-92-Etappe-3-von-Cadaqu\u00e9s-nach-Roses-Empuriabrava-10-1200x510.jpg\" data-slide-type=\"image\"><img loading=\"lazy\" decoding=\"async\" src=\"https:\/\/www.costabrava-wandern.de\/wp-content\/uploads\/GR-92-Etappe-3-von-Cadaqu\u00e9s-nach-Roses-Empuriabrava-10-1200x510.jpg\" height=\"510\" width=\"1200\" alt=\"\" class=\"slider-763 slide-773 msDefaultImage\" \/><div class=\"caption-wrap\"><div class=\"caption\">Una bah\u00eda es m\u00e1s hermosa que la otra, pero debido a los constantes altibajos, el camino tambi\u00e9n se extiende<\/div><\/div><\/li>\n                <li style=\"display: none; width: 100%;\" class=\"slide-775 ms-image\" aria-roledescription=\"slide\" data-date=\"2016-10-30 20:15:32\" data-filename=\"GR-92-Etappe-3-von-Cadaqu\u00e9s-nach-Roses-Empuriabrava-11-1200x510.jpg\" data-slide-type=\"image\"><img loading=\"lazy\" decoding=\"async\" src=\"https:\/\/www.costabrava-wandern.de\/wp-content\/uploads\/GR-92-Etappe-3-von-Cadaqu\u00e9s-nach-Roses-Empuriabrava-11-1200x510.jpg\" height=\"510\" width=\"1200\" alt=\"\" class=\"slider-763 slide-775 msDefaultImage\" \/><div class=\"caption-wrap\"><div class=\"caption\">Uno de los \u00faltimos puntos espectaculares antes de salir del parque natural del Cap de Creus en direcci\u00f3n a Roses<\/div><\/div><\/li>\n                <li style=\"display: none; width: 100%;\" class=\"slide-774 ms-image\" aria-roledescription=\"slide\" data-date=\"2016-10-30 20:15:28\" data-filename=\"GR-92-Etappe-3-von-Cadaqu\u00e9s-nach-Roses-Empuriabrava-9-1200x510.jpg\" data-slide-type=\"image\"><img loading=\"lazy\" decoding=\"async\" src=\"https:\/\/www.costabrava-wandern.de\/wp-content\/uploads\/GR-92-Etappe-3-von-Cadaqu\u00e9s-nach-Roses-Empuriabrava-9-1200x510.jpg\" height=\"510\" width=\"1200\" alt=\"\" class=\"slider-763 slide-774 msDefaultImage\" \/><div class=\"caption-wrap\"><div class=\"caption\">El Golfo de Roses ya se ve a lo lejos<\/div><\/div><\/li>\n            <\/ul>\n        <\/div>\n        \n    <\/div>\n<\/div><\/div><\/div><\/div><div id=\"pg-174-1\"  class=\"panel-grid panel-no-style\" ><div id=\"pgc-174-1-0\"  class=\"panel-grid-cell\" ><div id=\"panel-174-1-0-0\" class=\"so-panel widget widget_sow-editor panel-first-child panel-last-child\" data-index=\"1\" ><div\n\t\t\t\n\t\t\tclass=\"so-widget-sow-editor so-widget-sow-editor-base\"\n\t\t\t\n\t\t><h3 class=\"widget-title\">Hermosa ruta de senderismo costera a Roses o Empuriabrava<\/h3>\n<div class=\"siteorigin-widget-tinymce textwidget\">\n\t<p>El entorno de Cadaqu\u00e9s es uno de los m\u00e1s bellos y naturales de la Costa Brava. Por lo tanto, definitivamente vale la pena pasar dos noches en Cadaqu\u00e9s o hacer una noche de escala en el Hotel Cala Joncols (<a class=\"booking-link\" href=\"https:\/\/www.booking.com\/hotel\/es\/cala-joncols.en.html?aid=947820\" target=\"_blank\" rel=\"noopener\">Hotel Cala Joncols<\/a>). Este hotel est\u00e1 ubicado en una bah\u00eda solitaria en medio de una reserva natural, m\u00e1s o menos en la mitad de la etapa 3, que luego se dividir\u00eda en dos d\u00edas. As\u00ed que si puedes y quieres tomarte tu tiempo, te recomendamos, adem\u00e1s de la visita a Cadaqu\u00e9s, un desv\u00edo a Portlligat, la vecina localidad de Cadaqu\u00e9s.\u00a0 <a href=\"http:\/\/www.salvador-dali.org\/museus\/casa-salvador-dali-portlligat\/en_index\/\" target=\"_blank\" rel=\"noopener\">Ahora se ha instalado un museo en la antigua casa de Salvador Dal\u00ed<\/a>.<\/p>\n<p>Si est\u00e1is planeando la etapa 3 sin escala en el Hotel Cala Joncols, merece la pena salir temprano porque el recorrido es largo.\u00a0\u00a0<a href=\"https:\/\/www.costabrava-wandern.de\/es\/etapa-3-noches-en-roses-o-empuriabrava\/\">Hay dos lugares diferentes para quedarse.<\/a>: la ciudad portuaria de Roses (20.000 habitantes) o la ciudad retorta de Empuriabrava, atravesada por canales artificiales y totalmente orientada al turismo, que es tambi\u00e9n el punto de partida de nuestra etapa 4. No importa c\u00f3mo decidas al final: ambos lugares claramente carecen de encanto en comparaci\u00f3n con Cadaqu\u00e9s. Para pernoctar en Empuriabrava es recomendable continuar en taxi desde Roses (cuesta entre 17 y 25 euros seg\u00fan el punto de partida, ver <a href=\"https:\/\/www.costabravataxi.de\/\" target=\"_blank\" rel=\"noopener\">www.costabravataxi.de<\/a> o\u00a0 <a href=\"http:\/\/www.taxisroses.com\/de\/\" target=\"_blank\" rel=\"noopener\">www.taxisroses.com\/de<\/a>), ya que todo el trayecto hasta Empuriabrava es casi imposible de hacer en un d\u00eda (tambi\u00e9n existe una alternativa al taxi <a href=\"https:\/\/moovitapp.com\/?from=Ausgew%C3%A4hlter%20Ort&amp;to=Ausgew%C3%A4hlter%20Ort&amp;fll=42.264495_3.180189&amp;tll=42.243197_3.129313&amp;metroId=362&amp;lang=de&amp;t=1\" target=\"_blank\" rel=\"noopener\">una conexi\u00f3n de autob\u00fas desde Roses<\/a>).<\/p>\n<p>El camino nos lleva fuera de Cadaqu\u00e9s primero por la d\u00e1rsena del puerto, luego sigue una subida donde la vista de vuelta a las casas blancas de Cadaqu\u00e9s merece mucho la pena. Luego, el camino atraviesa la hermosa reserva natural y pronto se encuentra nuevamente con la costa. Hasta Roses caminamos directamente a lo largo de la costa y pasamos por numerosas bah\u00edas pintorescas con aguas cristalinas. En cuanto se ven las primeras casas de Roses, se acaba la parte bonita de la etapa. Recomendamos terminar la ruta aqu\u00ed y comer algo en uno de los restaurantes junto al mar, darse un chapuz\u00f3n en el Mediterr\u00e1neo, y luego continuar el recorrido en taxi, ya sea hasta el alojamiento en Roses, o directamente a Empuriabrava, desde donde la siguiente etapa contin\u00faa.<\/p>\n<p><strong>Nota para los senderistas que tienen miedo a las alturas<\/strong>: Recibimos los siguientes comentarios de Patric:<\/p>\n<blockquote><p>Entre Cala Calitj\u00e0s y Roses, el camino discurre directamente por la ladera. Fant\u00e1stico para algunos, menos para otros. Por lo tanto, caminamos por la Carretera a Montjoi desde Cala Montjoi hasta el cruce de Carretera a Falconera. Una vez en la cima tuvimos una hermosa vista de la Bah\u00eda de Roses. Por la Carretera a Falconera encontramos el camino recomendado antes de Roses en la Platja de l&#039;Almadrava.<\/p><\/blockquote>\n<p>&nbsp;<\/p>\n<\/div>\n<\/div><\/div><\/div><div id=\"pgc-174-1-1\"  class=\"panel-grid-cell\" ><div id=\"panel-174-1-1-0\" class=\"so-panel widget widget_text panel-first-child\" data-index=\"2\" ><h3 class=\"widget-title\">Datos sobre la etapa 3<\/h3>\t\t\t<div class=\"textwidget\"><p><b>Altitud en metros:<\/b> 550 m ascenso \/ 550 m descenso<br \/>\n<b>Ruta:<\/b> 21,5 km<br \/>\n<b>Duraci\u00f3n:<\/b> 8:30 h (sin descansos)<br \/>\n+ posiblemente tiempo de viaje adicional a Empuriabrava (variante de alojamiento B)!<br \/>\n<b>Pasar la noche:<\/b> <a href=\"https:\/\/www.costabrava-wandern.de\/es\/etapa-3-noches-en-roses-o-empuriabrava\/\">Hoteles y B&amp;Bs en Roses o Empuriabrava<\/a><\/p>\n<\/div>\n\t\t<\/div><div id=\"panel-174-1-1-1\" class=\"so-panel widget widget_edd_product_details\" data-index=\"3\" ><h3 class=\"widget-title\">Descarga de ruta \u2013 GR92 etapa 3 (archivo GPX)<\/h3>\t<form id=\"edd_purchase_344\" class=\"edd_download_purchase_form edd_purchase_344\" method=\"post\" action=\"\">\n\n\t\t\n\t\t<div class=\"edd_purchase_submit_wrapper\">\n\t\t\t<button class=\"edd-add-to-cart button orange edd-submit\" data-nonce=\"627a35463e\" data-timestamp=\"1777633401\" data-token=\"60d1546c4eb4f6da47a87c637dc0f32b4343a9f5bdfc59f3379c082c1a5232a8\" data-action=\"edd_add_to_cart\" data-download-id=\"344\" data-variable-price=\"no\" data-price-mode=\"single\" data-price=\"0.00\" ><span class=\"edd-add-to-cart-label\">Gratis \u2013 A\u00f1adir al carrito<\/span> <span class=\"edd-loading\" aria-label=\"Cargando\"><\/span><\/button><input type=\"submit\" class=\"edd-add-to-cart edd-no-js button orange edd-submit\" name=\"edd_purchase_download\" value=\"Gratis \u2013 A\u00f1adir al carrito\" data-action=\"edd_add_to_cart\" data-download-id=\"344\" data-variable-price=\"no\" data-price-mode=\"single\" \/><a href=\"https:\/\/www.costabrava-wandern.de\/es\/checkout\/?nocache=true\" class=\"edd_go_to_checkout button orange edd-submit\" style=\"display:none;\">Mostrar la cesta de la compra<\/a>\n\t\t\t\t\t\t\t<span class=\"edd-cart-ajax-alert\" aria-live=\"assertive\">\n\t\t\t\t\t<span class=\"edd-cart-added-alert\" style=\"display: none;\">\n\t\t\t\t\t\t<svg class=\"edd-icon edd-icon-check\" xmlns=\"http:\/\/www.w3.org\/2000\/svg\" width=\"28\" height=\"28\" viewbox=\"0 0 28 28\" aria-hidden=\"true\">\n\t\t\t\t\t\t\t<path d=\"M26.11 8.844c0 .39-.157.78-.44 1.062L12.234 23.344c-.28.28-.672.438-1.062.438s-.78-.156-1.06-.438l-7.782-7.78c-.28-.282-.438-.673-.438-1.063s.156-.78.438-1.06l2.125-2.126c.28-.28.672-.438 1.062-.438s.78.156 1.062.438l4.594 4.61L21.42 5.656c.282-.28.673-.438 1.063-.438s.78.155 1.062.437l2.125 2.125c.28.28.438.672.438 1.062z\"\/>\n\t\t\t\t\t\t<\/svg>\n\t\t\t\t\t\tA\u00f1adido al carrito\t\t\t\t\t<\/span>\n\t\t\t\t<\/span>\n\t\t\t\t\t\t\t\t<\/div><!--end .edd_purchase_submit_wrapper-->\n\n\t\t<input type=\"hidden\" name=\"download_id\" value=\"344\">\n\t\t\t\t\t\t\t<input type=\"hidden\" name=\"edd_action\" class=\"edd_action_input\" value=\"add_to_cart\">\n\t\t\n\t\t\n\t\t\n\t\t\n\t<input type=\"hidden\" name=\"trp-form-language\" value=\"es\"\/><\/form><!--end #edd_purchase_344-->\n\t<\/div><div id=\"panel-174-1-1-2\" class=\"so-panel widget widget_text panel-last-child\" data-index=\"4\" >\t\t\t<div class=\"textwidget\"><p>Todas las dem\u00e1s descargas se pueden encontrar en <a href=\"https:\/\/www.costabrava-wandern.de\/es\/descargas-de-material-cartografico\/\">Material cartogr\u00e1fico<\/a>.<\/p>\n<\/div>\n\t\t<\/div><\/div><\/div><div id=\"pg-174-2\"  class=\"panel-grid panel-no-style\" ><div id=\"pgc-174-2-0\"  class=\"panel-grid-cell\" ><div id=\"panel-174-2-0-0\" class=\"so-panel widget widget_sow-editor panel-first-child\" data-index=\"5\" ><div\n\t\t\t\n\t\t\tclass=\"so-widget-sow-editor so-widget-sow-editor-base\"\n\t\t\t\n\t\t><h3 class=\"widget-title\">Galer\u00eda de im\u00e1genes de la etapa 3<\/h3>\n<div class=\"siteorigin-widget-tinymce textwidget\">\n\t<style type=\"text\/css\">\n#foogallery-gallery-21805.fg-justified .fg-item { margin-right: 1px; margin-bottom: 1px; }\n#foogallery-gallery-21805.fg-justified .fg-image { height: 150px; }<\/style>\n<div class=\"foogallery foogallery-container foogallery-justified foogallery-lightbox-none fg-justified fg-ready fg-light fg-loading-default fg-loaded-fade-in fg-caption-hover fg-hover-fade fg-hover-zoom\" id=\"foogallery-gallery-21805\" data-foogallery=\"{&quot;item&quot;:{&quot;showCaptionTitle&quot;:true,&quot;showCaptionDescription&quot;:true},&quot;lazy&quot;:true,&quot;template&quot;:{&quot;rowHeight&quot;:150,&quot;maxRowHeight&quot;:300,&quot;margins&quot;:1,&quot;align&quot;:&quot;center&quot;,&quot;lastRow&quot;:&quot;smart&quot;}}\" style=\"--fg-title-line-clamp: 0; --fg-description-line-clamp: 0;\" >\n<div class=\"fg-item fg-type-image fg-idle\">\n<figure class=\"fg-item-inner\"><a href=\"https:\/\/www.costabrava-wandern.de\/wp-content\/uploads\/GR-92-Etappe-3-von-Cadaqu\u00e9s-nach-Roses-Empuriabrava-1.jpg\" data-caption-title=\"Cadaqu\u00e9s im warmen Licht des fr\u00fchen Morgens\" data-attachment-id=\"780\" data-type=\"image\" class=\"fg-thumb\"><span class=\"fg-image-wrap\"><img fetchpriority=\"high\" decoding=\"async\" title=\"Cadaqu\u00e9s en la c\u00e1lida luz de la madrugada\" height=\"300\" width=\"400\" class=\"skip-lazy fg-image\" data-src-fg=\"https:\/\/www.costabrava-wandern.de\/wp-content\/uploads\/cache\/GR-92-Etappe-3-von-Cadaqu\u00e9s-nach-Roses-Empuriabrava-1\/1795701647.jpg\" src=\"data:image\/svg+xml,%3Csvg%20xmlns%3D%22http%3A%2F%2Fwww.w3.org%2F2000%2Fsvg%22%20width%3D%22400%22%20height%3D%22300%22%20viewBox%3D%220%200%20400%20300%22%3E%3C%2Fsvg%3E\" loading=\"eager\"><\/span><span class=\"fg-image-overlay\"><\/span><\/a><figcaption class=\"fg-caption\">\n<div class=\"fg-caption-inner\">\n<div class=\"fg-caption-title\">Cadaqu\u00e9s en la c\u00e1lida luz de la madrugada<\/div>\n<\/div>\n<\/figcaption><\/figure>\n<div class=\"fg-loader\"><\/div>\n<\/div>\n<div class=\"fg-item fg-type-image fg-idle\">\n<figure class=\"fg-item-inner\"><a href=\"https:\/\/www.costabrava-wandern.de\/wp-content\/uploads\/GR-92-Etappe-3-von-Cadaqu\u00e9s-nach-Roses-Empuriabrava-4.jpg\" data-attachment-id=\"769\" data-type=\"image\" class=\"fg-thumb\"><span class=\"fg-image-wrap\"><img decoding=\"async\" height=\"300\" width=\"169\" class=\"skip-lazy fg-image\" data-src-fg=\"https:\/\/www.costabrava-wandern.de\/wp-content\/uploads\/cache\/GR-92-Etappe-3-von-Cadaqu\u00e9s-nach-Roses-Empuriabrava-4\/393986382.jpg\" data-srcset-fg=\"https:\/\/www.costabrava-wandern.de\/wp-content\/uploads\/cache\/GR-92-Etappe-3-von-Cadaqu\u00e9s-nach-Roses-Empuriabrava-4\/984803318.jpg 2x\" src=\"data:image\/svg+xml,%3Csvg%20xmlns%3D%22http%3A%2F%2Fwww.w3.org%2F2000%2Fsvg%22%20width%3D%22169%22%20height%3D%22300%22%20viewBox%3D%220%200%20169%20300%22%3E%3C%2Fsvg%3E\" loading=\"eager\"><\/span><span class=\"fg-image-overlay\"><\/span><\/a><\/figure>\n<div class=\"fg-loader\"><\/div>\n<\/div>\n<div class=\"fg-item fg-type-image fg-idle\">\n<figure class=\"fg-item-inner\"><a href=\"https:\/\/www.costabrava-wandern.de\/wp-content\/uploads\/GR-92-Etappe-3-von-Cadaqu\u00e9s-nach-Roses-Empuriabrava-2.jpg\" data-caption-title=\"Bei gutem Wetter lohnt sich fr\u00fches ausgestehen: Cadaqu\u00e9s im Morgenlicht\" data-attachment-id=\"770\" data-type=\"image\" class=\"fg-thumb\"><span class=\"fg-image-wrap\"><img decoding=\"async\" title=\"Cuando hace buen tiempo, merece la pena madrugar: Cadaqu\u00e9s a la luz de la ma\u00f1ana\" height=\"300\" width=\"706\" class=\"skip-lazy fg-image\" data-src-fg=\"https:\/\/www.costabrava-wandern.de\/wp-content\/uploads\/cache\/GR-92-Etappe-3-von-Cadaqu\u00e9s-nach-Roses-Empuriabrava-2\/2650847579.jpg\" src=\"data:image\/svg+xml,%3Csvg%20xmlns%3D%22http%3A%2F%2Fwww.w3.org%2F2000%2Fsvg%22%20width%3D%22706%22%20height%3D%22300%22%20viewBox%3D%220%200%20706%20300%22%3E%3C%2Fsvg%3E\" loading=\"eager\"><\/span><span class=\"fg-image-overlay\"><\/span><\/a><figcaption class=\"fg-caption\">\n<div class=\"fg-caption-inner\">\n<div class=\"fg-caption-title\">Cuando hace buen tiempo, merece la pena madrugar: Cadaqu\u00e9s a la luz de la ma\u00f1ana<\/div>\n<\/div>\n<\/figcaption><\/figure>\n<div class=\"fg-loader\"><\/div>\n<\/div>\n<div class=\"fg-item fg-type-image fg-idle\">\n<figure class=\"fg-item-inner\"><a href=\"https:\/\/www.costabrava-wandern.de\/wp-content\/uploads\/GR-92-Etappe-3-von-Cadaqu\u00e9s-nach-Roses-Empuriabrava-5.jpg\" data-caption-title=\"Traumhafte Alleinlage etwas oberhalb von Cadaqu\u00e9s\" data-attachment-id=\"771\" data-type=\"image\" class=\"fg-thumb\"><span class=\"fg-image-wrap\"><img decoding=\"async\" title=\"Fant\u00e1stica ubicaci\u00f3n aislada justo encima de Cadaqu\u00e9s\" height=\"300\" width=\"700\" class=\"skip-lazy fg-image\" data-src-fg=\"https:\/\/www.costabrava-wandern.de\/wp-content\/uploads\/cache\/GR-92-Etappe-3-von-Cadaqu\u00e9s-nach-Roses-Empuriabrava-5\/56907312.jpg\" src=\"data:image\/svg+xml,%3Csvg%20xmlns%3D%22http%3A%2F%2Fwww.w3.org%2F2000%2Fsvg%22%20width%3D%22700%22%20height%3D%22300%22%20viewBox%3D%220%200%20700%20300%22%3E%3C%2Fsvg%3E\" loading=\"eager\"><\/span><span class=\"fg-image-overlay\"><\/span><\/a><figcaption class=\"fg-caption\">\n<div class=\"fg-caption-inner\">\n<div class=\"fg-caption-title\">Fant\u00e1stica ubicaci\u00f3n aislada justo encima de Cadaqu\u00e9s<\/div>\n<\/div>\n<\/figcaption><\/figure>\n<div class=\"fg-loader\"><\/div>\n<\/div>\n<div class=\"fg-item fg-type-image fg-idle\">\n<figure class=\"fg-item-inner\"><a href=\"https:\/\/www.costabrava-wandern.de\/wp-content\/uploads\/GR-92-Etappe-3-von-Cadaqu\u00e9s-nach-Roses-Empuriabrava-6.jpg\" data-caption-title=\"In der Ferne ist der weitere Verlauf der K\u00fcste erkennbar\" data-attachment-id=\"772\" data-type=\"image\" class=\"fg-thumb\"><span class=\"fg-image-wrap\"><img decoding=\"async\" title=\"El curso posterior de la costa se puede ver en la distancia.\" height=\"300\" width=\"710\" class=\"skip-lazy fg-image\" data-src-fg=\"https:\/\/www.costabrava-wandern.de\/wp-content\/uploads\/cache\/GR-92-Etappe-3-von-Cadaqu\u00e9s-nach-Roses-Empuriabrava-6\/4000873732.jpg\" src=\"data:image\/svg+xml,%3Csvg%20xmlns%3D%22http%3A%2F%2Fwww.w3.org%2F2000%2Fsvg%22%20width%3D%22710%22%20height%3D%22300%22%20viewBox%3D%220%200%20710%20300%22%3E%3C%2Fsvg%3E\" loading=\"eager\"><\/span><span class=\"fg-image-overlay\"><\/span><\/a><figcaption class=\"fg-caption\">\n<div class=\"fg-caption-inner\">\n<div class=\"fg-caption-title\">El curso posterior de la costa se puede ver en la distancia.<\/div>\n<\/div>\n<\/figcaption><\/figure>\n<div class=\"fg-loader\"><\/div>\n<\/div>\n<div class=\"fg-item fg-type-image fg-idle\">\n<figure class=\"fg-item-inner\"><a href=\"https:\/\/www.costabrava-wandern.de\/wp-content\/uploads\/GR-92-Etappe-3-von-Cadaqu\u00e9s-nach-Roses-Empuriabrava-7.jpg\" data-caption-title=\"Blick auf die Bucht &quot;Cala Montjoi&quot;, der Heimat des weltbekannten Restaurants &quot;El Bulli&quot;\" data-attachment-id=\"1004\" data-type=\"image\" class=\"fg-thumb\"><span class=\"fg-image-wrap\"><img decoding=\"async\" title=\"Vista de la bah\u00eda &quot;Cala Montjoi&quot;, sede del mundialmente famoso restaurante &quot;El Bulli&quot;.\" height=\"300\" width=\"720\" class=\"skip-lazy fg-image\" data-src-fg=\"https:\/\/www.costabrava-wandern.de\/wp-content\/uploads\/cache\/GR-92-Etappe-3-von-Cadaqu\u00e9s-nach-Roses-Empuriabrava-7\/69549140.jpg\" src=\"data:image\/svg+xml,%3Csvg%20xmlns%3D%22http%3A%2F%2Fwww.w3.org%2F2000%2Fsvg%22%20width%3D%22720%22%20height%3D%22300%22%20viewBox%3D%220%200%20720%20300%22%3E%3C%2Fsvg%3E\" loading=\"eager\"><\/span><span class=\"fg-image-overlay\"><\/span><\/a><figcaption class=\"fg-caption\">\n<div class=\"fg-caption-inner\">\n<div class=\"fg-caption-title\">Vista de la bah\u00eda \"Cala Montjoi\", sede del mundialmente famoso restaurante \"El Bulli\".<\/div>\n<\/div>\n<\/figcaption><\/figure>\n<div class=\"fg-loader\"><\/div>\n<\/div>\n<div class=\"fg-item fg-type-image fg-idle\">\n<figure class=\"fg-item-inner\"><a href=\"https:\/\/www.costabrava-wandern.de\/wp-content\/uploads\/GR-92-Etappe-3-von-Cadaqu\u00e9s-nach-Roses-Empuriabrava-8.jpg\" data-caption-title=\"Das Naturschutzgebiet zwischen Cadaqu\u00e9s und Roses: Einsame Buchten mit klarem Wasser\" data-attachment-id=\"782\" data-type=\"image\" class=\"fg-thumb\"><span class=\"fg-image-wrap\"><img decoding=\"async\" title=\"El parque natural entre Cadaqu\u00e9s y Roses: calas solitarias de aguas cristalinas\" height=\"300\" width=\"473\" class=\"skip-lazy fg-image\" data-src-fg=\"https:\/\/www.costabrava-wandern.de\/wp-content\/uploads\/cache\/GR-92-Etappe-3-von-Cadaqu\u00e9s-nach-Roses-Empuriabrava-8\/2155211265.jpg\" src=\"data:image\/svg+xml,%3Csvg%20xmlns%3D%22http%3A%2F%2Fwww.w3.org%2F2000%2Fsvg%22%20width%3D%22473%22%20height%3D%22300%22%20viewBox%3D%220%200%20473%20300%22%3E%3C%2Fsvg%3E\" loading=\"eager\"><\/span><span class=\"fg-image-overlay\"><\/span><\/a><figcaption class=\"fg-caption\">\n<div class=\"fg-caption-inner\">\n<div class=\"fg-caption-title\">El parque natural entre Cadaqu\u00e9s y Roses: calas solitarias de aguas cristalinas<\/div>\n<\/div>\n<\/figcaption><\/figure>\n<div class=\"fg-loader\"><\/div>\n<\/div>\n<div class=\"fg-item fg-type-image fg-idle\">\n<figure class=\"fg-item-inner\"><a href=\"https:\/\/www.costabrava-wandern.de\/wp-content\/uploads\/GR-92-Etappe-3-von-Cadaqu\u00e9s-nach-Roses-Empuriabrava-10.jpg\" data-caption-title=\"Eine Bucht ist herrlicher als die andere - durch das st\u00e4ndige Auf und Ab zieht sich der Weg aber auch in die L\u00e4nge\" data-attachment-id=\"773\" data-type=\"image\" class=\"fg-thumb\"><span class=\"fg-image-wrap\"><img decoding=\"async\" title=\"Una bah\u00eda es m\u00e1s hermosa que la otra, pero debido a los constantes altibajos, el camino tambi\u00e9n se extiende\" height=\"300\" width=\"703\" class=\"skip-lazy fg-image\" data-src-fg=\"https:\/\/www.costabrava-wandern.de\/wp-content\/uploads\/cache\/GR-92-Etappe-3-von-Cadaqu\u00e9s-nach-Roses-Empuriabrava-10\/849732028.jpg\" src=\"data:image\/svg+xml,%3Csvg%20xmlns%3D%22http%3A%2F%2Fwww.w3.org%2F2000%2Fsvg%22%20width%3D%22703%22%20height%3D%22300%22%20viewBox%3D%220%200%20703%20300%22%3E%3C%2Fsvg%3E\" loading=\"eager\"><\/span><span class=\"fg-image-overlay\"><\/span><\/a><figcaption class=\"fg-caption\">\n<div class=\"fg-caption-inner\">\n<div class=\"fg-caption-title\">Una bah\u00eda es m\u00e1s hermosa que la otra, pero debido a los constantes altibajos, el camino tambi\u00e9n se extiende<\/div>\n<\/div>\n<\/figcaption><\/figure>\n<div class=\"fg-loader\"><\/div>\n<\/div>\n<div class=\"fg-item fg-type-image fg-idle\">\n<figure class=\"fg-item-inner\"><a href=\"https:\/\/www.costabrava-wandern.de\/wp-content\/uploads\/GR-92-Etappe-3-von-Cadaqu\u00e9s-nach-Roses-Empuriabrava-9.jpg\" data-caption-title=\"In der Ferne ist bereits der Golf von Roses erkennbar\" data-attachment-id=\"774\" data-type=\"image\" class=\"fg-thumb\"><span class=\"fg-image-wrap\"><img decoding=\"async\" title=\"El Golfo de Roses ya se ve a lo lejos\" height=\"300\" width=\"662\" class=\"skip-lazy fg-image\" data-src-fg=\"https:\/\/www.costabrava-wandern.de\/wp-content\/uploads\/cache\/GR-92-Etappe-3-von-Cadaqu\u00e9s-nach-Roses-Empuriabrava-9\/4034803206.jpg\" src=\"data:image\/svg+xml,%3Csvg%20xmlns%3D%22http%3A%2F%2Fwww.w3.org%2F2000%2Fsvg%22%20width%3D%22662%22%20height%3D%22300%22%20viewBox%3D%220%200%20662%20300%22%3E%3C%2Fsvg%3E\" loading=\"eager\"><\/span><span class=\"fg-image-overlay\"><\/span><\/a><figcaption class=\"fg-caption\">\n<div class=\"fg-caption-inner\">\n<div class=\"fg-caption-title\">El Golfo de Roses ya se ve a lo lejos<\/div>\n<\/div>\n<\/figcaption><\/figure>\n<div class=\"fg-loader\"><\/div>\n<\/div>\n<div class=\"fg-item fg-type-image fg-idle\">\n<figure class=\"fg-item-inner\"><a href=\"https:\/\/www.costabrava-wandern.de\/wp-content\/uploads\/GR-92-Etappe-3-von-Cadaqu\u00e9s-nach-Roses-Empuriabrava-11.jpg\" data-caption-title=\"Eine der letzten spektakul\u00e4ren Stellen bevor wir das Naturschutzgebiet des Cap de Creus in Richtung Roses verlassen\" data-attachment-id=\"775\" data-type=\"image\" class=\"fg-thumb\"><span class=\"fg-image-wrap\"><img decoding=\"async\" title=\"Uno de los \u00faltimos puntos espectaculares antes de salir del parque natural del Cap de Creus en direcci\u00f3n a Roses\" height=\"300\" width=\"692\" class=\"skip-lazy fg-image\" data-src-fg=\"https:\/\/www.costabrava-wandern.de\/wp-content\/uploads\/cache\/GR-92-Etappe-3-von-Cadaqu\u00e9s-nach-Roses-Empuriabrava-11\/3483781524.jpg\" src=\"data:image\/svg+xml,%3Csvg%20xmlns%3D%22http%3A%2F%2Fwww.w3.org%2F2000%2Fsvg%22%20width%3D%22692%22%20height%3D%22300%22%20viewBox%3D%220%200%20692%20300%22%3E%3C%2Fsvg%3E\" loading=\"eager\"><\/span><span class=\"fg-image-overlay\"><\/span><\/a><figcaption class=\"fg-caption\">\n<div class=\"fg-caption-inner\">\n<div class=\"fg-caption-title\">Uno de los \u00faltimos puntos espectaculares antes de salir del parque natural del Cap de Creus en direcci\u00f3n a Roses<\/div>\n<\/div>\n<\/figcaption><\/figure>\n<div class=\"fg-loader\"><\/div>\n<\/div>\n<\/div>\n<\/div>\n<\/div><\/div><div id=\"panel-174-2-0-1\" class=\"so-panel widget widget_lsow-portfolio panel-last-child\" data-index=\"6\" ><div\n\t\t\t\n\t\t\tclass=\"so-widget-lsow-portfolio so-widget-lsow-portfolio-default-1398c7c9e37b-174\"\n\t\t\t\n\t\t><h3 class=\"widget-title\">Hoteles y pensiones recomendados<\/h3><div class=\"lsow-portfolio-wrap lsow-gapless-grid\"><div id=\"lsow-portfolio-69f48879ad1eb\" class=\"lsow-portfolio js-isotope lsow-fitRows lsow-grid-container  lsow-grid-desktop-2 lsow-grid-tablet-2 lsow-grid-mobile-1\" data-isotope-options='{ \"itemSelector\": \".lsow-portfolio-item\", \"layoutMode\": \"fitRows\"}'><div data-id=\"id-119\" class=\"lsow-grid-item lsow-portfolio-item  term-4\"><article id=\"post-119\" class=\"post-119 post type-post status-publish format-standard has-post-thumbnail hentry category-gr-92-unterkuenfte post-with-thumbnail post-with-thumbnail-large\"><div class=\"lsow-project-image\"><a href=\"https:\/\/www.costabrava-wandern.de\/es\/etappe-3-uebernachtung-in-roses-oder-empuriabrava\/\" target=\"_self\"><img decoding=\"async\" width=\"720\" height=\"293\" src=\"https:\/\/www.costabrava-wandern.de\/wp-content\/uploads\/Aparthotel-Xons-Platja-in-Empuriabrava-1024x417.jpg\" class=\"lsow-image skip-lazy no-lazyload exclude-me a3-notlazy wp-post-image\" alt=\"\" data-no-lazy=\"1\" loading=\"eager\" srcset=\"https:\/\/www.costabrava-wandern.de\/wp-content\/uploads\/Aparthotel-Xons-Platja-in-Empuriabrava-1024x417.jpg 1024w, https:\/\/www.costabrava-wandern.de\/wp-content\/uploads\/Aparthotel-Xons-Platja-in-Empuriabrava-150x61.jpg 150w, https:\/\/www.costabrava-wandern.de\/wp-content\/uploads\/Aparthotel-Xons-Platja-in-Empuriabrava-300x122.jpg 300w, https:\/\/www.costabrava-wandern.de\/wp-content\/uploads\/Aparthotel-Xons-Platja-in-Empuriabrava.jpg 1200w\" sizes=\"(max-width: 720px) 100vw, 720px\" \/><\/a><div class=\"lsow-image-info\"><div class=\"lsow-entry-info\"><h3 class=\"lsow-post-title\"><a href=\"https:\/\/www.costabrava-wandern.de\/es\/etappe-3-uebernachtung-in-roses-oder-empuriabrava\/\" title=\"Etapa 3: Pernoctaci\u00f3n en Roses o Empuriabrava\" target=\"_self\" rel=\"bookmark\">Etapa 3: Pernoctaci\u00f3n en Roses o Empuriabrava<\/a><\/h3><\/div><\/div><!-- .lsow-image-info --><\/div><\/article><!-- .hentry --><\/div><\/div><!-- .lsow-portfolio --><\/div><!-- .lsow-portfolio-wrap --><\/div><\/div><\/div><\/div><\/div>","protected":false},"excerpt":{"rendered":"<p>Die Gegend rund um Cadaqu\u00e9s geh\u00f6rt zu den sch\u00f6nsten und naturbelassensten Teilen der Costa Brava. Deshalb lohnt es sich durchaus, entweder zwei N\u00e4chte in Cadaqu\u00e9s zu verbringen, oder aber einen \u00dcbernachtungs-Zwischenstopp im Hotel Cala Joncols\u00a0einzulegen (Hotel Cala Joncols). Dieses Hotel liegt in einer einsamen Bucht mitten im Naturschutzgebiet ungef\u00e4hr in der Mitte von Etappe 3, [&hellip;]<\/p>\n","protected":false},"author":1,"featured_media":0,"comment_status":"closed","ping_status":"open","sticky":false,"template":"","format":"standard","meta":{"footnotes":""},"categories":[8,14],"tags":[],"class_list":["post-174","post","type-post","status-publish","format-standard","hentry","category-gr-92-etappe-1-bis-3-von-portbou-bis-roses-oder-empuriabrava","category-etappe-3"],"_links":{"self":[{"href":"https:\/\/www.costabrava-wandern.de\/es\/wp-json\/wp\/v2\/posts\/174","targetHints":{"allow":["GET"]}}],"collection":[{"href":"https:\/\/www.costabrava-wandern.de\/es\/wp-json\/wp\/v2\/posts"}],"about":[{"href":"https:\/\/www.costabrava-wandern.de\/es\/wp-json\/wp\/v2\/types\/post"}],"author":[{"embeddable":true,"href":"https:\/\/www.costabrava-wandern.de\/es\/wp-json\/wp\/v2\/users\/1"}],"replies":[{"embeddable":true,"href":"https:\/\/www.costabrava-wandern.de\/es\/wp-json\/wp\/v2\/comments?post=174"}],"version-history":[{"count":0,"href":"https:\/\/www.costabrava-wandern.de\/es\/wp-json\/wp\/v2\/posts\/174\/revisions"}],"wp:attachment":[{"href":"https:\/\/www.costabrava-wandern.de\/es\/wp-json\/wp\/v2\/media?parent=174"}],"wp:term":[{"taxonomy":"category","embeddable":true,"href":"https:\/\/www.costabrava-wandern.de\/es\/wp-json\/wp\/v2\/categories?post=174"},{"taxonomy":"post_tag","embeddable":true,"href":"https:\/\/www.costabrava-wandern.de\/es\/wp-json\/wp\/v2\/tags?post=174"}],"curies":[{"name":"wp","href":"https:\/\/api.w.org\/{rel}","templated":true}]}}