{"id":176,"date":"2015-09-23T07:00:26","date_gmt":"2015-09-23T07:00:26","guid":{"rendered":"https:\/\/www.costabrava-wandern.de\/?p=176"},"modified":"2022-11-09T17:58:55","modified_gmt":"2022-11-09T16:58:55","slug":"gr-92-etapa-2-direcciones","status":"publish","type":"post","link":"https:\/\/www.costabrava-wandern.de\/es\/gr-92-etappe-2-wegbeschreibung\/","title":{"rendered":"Etapa 2: Direcciones"},"content":{"rendered":"<div id=\"pl-176\"  class=\"panel-layout\" ><div id=\"pg-176-0\"  class=\"panel-grid panel-no-style\" ><div id=\"pgc-176-0-0\"  class=\"panel-grid-cell\" ><div id=\"panel-176-0-0-0\" class=\"so-panel widget widget_metaslider_widget panel-first-child panel-last-child\" data-index=\"0\" ><div id=\"metaslider-id-760\" style=\"width: 100%;\" class=\"ml-slider-3-108-0 metaslider metaslider-flex metaslider-760 ml-slider has-dots-nav ms-theme-simply-dark\" role=\"region\" aria-label=\"Etapa 2\" data-height=\"550\" data-width=\"1200\">\n    <div id=\"metaslider_container_760\">\n        <div id=\"metaslider_760\">\n            <ul class='slides'>\n                <li style=\"display: block; width: 100%;\" class=\"slide-754 ms-image\" aria-roledescription=\"slide\" data-date=\"2016-10-30 18:58:41\" data-filename=\"gr-92-etappe-2-Llan\u00e7\u00e0-nach-Cadaqu\u00e9s-9-1200x550.jpg\" data-slide-type=\"image\"><img loading=\"lazy\" decoding=\"async\" src=\"https:\/\/www.costabrava-wandern.de\/wp-content\/uploads\/gr-92-etappe-2-Llan\u00e7\u00e0-nach-Cadaqu\u00e9s-9-1200x550.jpg\" height=\"550\" width=\"1200\" alt=\"\" class=\"slider-760 slide-754 msDefaultImage\" \/><div class=\"caption-wrap\"><div class=\"caption\">Entre Llan\u00e7\u00e0 y El Port de la Selva, el GR92 es m\u00e1s un paseo que una ruta de senderismo<\/div><\/div><\/li>\n                <li style=\"display: none; width: 100%;\" class=\"slide-746 ms-image\" aria-roledescription=\"slide\" data-date=\"2016-10-30 18:58:19\" data-filename=\"gr-92-etappe-2-Llan\u00e7\u00e0-nach-Cadaqu\u00e9s-1-1200x550.jpg\" data-slide-type=\"image\"><img loading=\"lazy\" decoding=\"async\" src=\"https:\/\/www.costabrava-wandern.de\/wp-content\/uploads\/gr-92-etappe-2-Llan\u00e7\u00e0-nach-Cadaqu\u00e9s-1-1200x550.jpg\" height=\"550\" width=\"1200\" alt=\"\" class=\"slider-760 slide-746 msDefaultImage\" \/><div class=\"caption-wrap\"><div class=\"caption\">La subida por detr\u00e1s de El Port de la Selva es agotadora, pero se ve recompensada con una gran vista.<\/div><\/div><\/li>\n                <li style=\"display: none; width: 100%;\" class=\"slide-749 ms-image\" aria-roledescription=\"slide\" data-date=\"2016-10-30 18:58:26\" data-filename=\"gr-92-etappe-2-Llan\u00e7\u00e0-nach-Cadaqu\u00e9s-4-1200x550.jpg\" data-slide-type=\"image\"><img loading=\"lazy\" decoding=\"async\" src=\"https:\/\/www.costabrava-wandern.de\/wp-content\/uploads\/gr-92-etappe-2-Llan\u00e7\u00e0-nach-Cadaqu\u00e9s-4-1200x550.jpg\" height=\"550\" width=\"1200\" alt=\"\" class=\"slider-760 slide-749 msDefaultImage\" \/><div class=\"caption-wrap\"><div class=\"caption\">Vista de Cadaqu\u00e9s desde lo alto del Cap de Creus<\/div><\/div><\/li>\n            <\/ul>\n        <\/div>\n        \n    <\/div>\n<\/div><\/div><\/div><\/div><div id=\"pg-176-1\"  class=\"panel-grid panel-no-style\" ><div id=\"pgc-176-1-0\"  class=\"panel-grid-cell\" ><div id=\"panel-176-1-0-0\" class=\"so-panel widget widget_sow-editor panel-first-child panel-last-child\" data-index=\"1\" ><div\n\t\t\t\n\t\t\tclass=\"so-widget-sow-editor so-widget-sow-editor-base\"\n\t\t\t\n\t\t><h3 class=\"widget-title\">Sobre el Cap de Creus hasta el pintoresco Cadaqu\u00e9s<\/h3>\n<div class=\"siteorigin-widget-tinymce textwidget\">\n\t<p>La segunda etapa del d\u00eda es mucho m\u00e1s larga y extenuante que la primera, por lo que es recomendable salir con tiempo. El recorrido de hoy consta de dos partes bien diferenciadas: primero es por un sendero muy bien desarrollado, luego por senderos pedregosos.<\/p>\n<p>Desde Llan\u00e7a hasta El Port de la Selva, primer destino intermedio de la etapa, caminamos por un paseo mar\u00edtimo en plena costa. El buen estado del camino nos permite disfrutar de las hermosas vistas de los acantilados, el mar azul oscuro y los barcos blancos. Peque\u00f1as bah\u00edas con playas de arena invitan a nadar una y otra vez. Un peque\u00f1o faro marca la bah\u00eda de El Port de la Selva, por la que caminamos para llegar a la playa de arena del pueblo. Si quieres, puedes fortalecerte en la ciudad para la segunda parte, mucho m\u00e1s intensa, de la etapa de hoy.<\/p>\n<p>Ahora dejamos la costa y caminamos una buena distancia cuesta arriba por senderos pedregosos hacia el interior. Atravesamos todo el parque natural del Cap de Creus, los caminos ofrecen poca sombra y, sobre todo en los calurosos meses de verano, aqu\u00ed es indispensable protecci\u00f3n solar y protectores de cabeza suficientes. Pronto vemos el mar a lo lejos y disfrutamos de la maravillosa vista. La bajada a Cadaqu\u00e9s, nuestro destino de hoy, es un poco larga pero muy bonita. De las ciudades, Cadaqu\u00e9s es probablemente el punto culminante de la caminata por la Costa Brava: con sus casas encaladas, la ciudad se encuentra pintorescamente en la costa y es un popular destino tur\u00edstico. Hay muchos lugares donde alojarse, pero los precios son un poco m\u00e1s altos que en otros lugares de la Costa Brava (<a href=\"https:\/\/www.costabrava-wandern.de\/es\/etapa-2-noches-en-cadaques\/\">ver opciones de alojamiento en etapa 2<\/a>).<\/p>\n<\/div>\n<\/div><\/div><\/div><div id=\"pgc-176-1-1\"  class=\"panel-grid-cell\" ><div id=\"panel-176-1-1-0\" class=\"so-panel widget widget_text panel-first-child\" data-index=\"2\" ><h3 class=\"widget-title\">Hechos de la etapa 2<\/h3>\t\t\t<div class=\"textwidget\"><p><b>Altitud en metros:<\/b> 475 m ascenso \/ 475 m descenso<br \/>\n<b>Ruta:<\/b> 19,5 km<br \/>\n<b>Duraci\u00f3n:<\/b> 7:45 h (sin descansos)<br \/>\n<b>Pasar la noche:<\/b> <a href=\"https:\/\/www.costabrava-wandern.de\/es\/etapa-2-noches-en-cadaques\/\">Hoteles y B&amp;Bs en Cadaqu\u00e9s<\/a><\/p>\n<\/div>\n\t\t<\/div><div id=\"panel-176-1-1-1\" class=\"so-panel widget widget_edd_product_details\" data-index=\"3\" ><h3 class=\"widget-title\">Descarga de ruta \u2013 GR92 etapa 2 (archivo GPX)<\/h3>\t<form id=\"edd_purchase_341\" class=\"edd_download_purchase_form edd_purchase_341\" method=\"post\" action=\"\">\n\n\t\t\n\t\t<div class=\"edd_purchase_submit_wrapper\">\n\t\t\t<button class=\"edd-add-to-cart button orange edd-submit\" data-nonce=\"2306b40a07\" data-timestamp=\"1777524358\" data-token=\"120baf2afb638478b4a458c6a83f310bb1019c3afaf3db51829f2e1d119feec8\" data-action=\"edd_add_to_cart\" data-download-id=\"341\" data-variable-price=\"no\" data-price-mode=\"single\" data-price=\"0.00\" ><span class=\"edd-add-to-cart-label\">Gratis \u2013 A\u00f1adir al carrito<\/span> <span class=\"edd-loading\" aria-label=\"Cargando\"><\/span><\/button><input type=\"submit\" class=\"edd-add-to-cart edd-no-js button orange edd-submit\" name=\"edd_purchase_download\" value=\"Gratis \u2013 A\u00f1adir al carrito\" data-action=\"edd_add_to_cart\" data-download-id=\"341\" data-variable-price=\"no\" data-price-mode=\"single\" \/><a href=\"https:\/\/www.costabrava-wandern.de\/es\/checkout\/?nocache=true\" class=\"edd_go_to_checkout button orange edd-submit\" style=\"display:none;\">Mostrar la cesta de la compra<\/a>\n\t\t\t\t\t\t\t<span class=\"edd-cart-ajax-alert\" aria-live=\"assertive\">\n\t\t\t\t\t<span class=\"edd-cart-added-alert\" style=\"display: none;\">\n\t\t\t\t\t\t<svg class=\"edd-icon edd-icon-check\" xmlns=\"http:\/\/www.w3.org\/2000\/svg\" width=\"28\" height=\"28\" viewbox=\"0 0 28 28\" aria-hidden=\"true\">\n\t\t\t\t\t\t\t<path d=\"M26.11 8.844c0 .39-.157.78-.44 1.062L12.234 23.344c-.28.28-.672.438-1.062.438s-.78-.156-1.06-.438l-7.782-7.78c-.28-.282-.438-.673-.438-1.063s.156-.78.438-1.06l2.125-2.126c.28-.28.672-.438 1.062-.438s.78.156 1.062.438l4.594 4.61L21.42 5.656c.282-.28.673-.438 1.063-.438s.78.155 1.062.437l2.125 2.125c.28.28.438.672.438 1.062z\"\/>\n\t\t\t\t\t\t<\/svg>\n\t\t\t\t\t\tA\u00f1adido al carrito\t\t\t\t\t<\/span>\n\t\t\t\t<\/span>\n\t\t\t\t\t\t\t\t<\/div><!--end .edd_purchase_submit_wrapper-->\n\n\t\t<input type=\"hidden\" name=\"download_id\" value=\"341\">\n\t\t\t\t\t\t\t<input type=\"hidden\" name=\"edd_action\" class=\"edd_action_input\" value=\"add_to_cart\">\n\t\t\n\t\t\n\t\t\n\t\t\n\t<input type=\"hidden\" name=\"trp-form-language\" value=\"es\"\/><\/form><!--end #edd_purchase_341-->\n\t<\/div><div id=\"panel-176-1-1-2\" class=\"so-panel widget widget_text panel-last-child\" data-index=\"4\" >\t\t\t<div class=\"textwidget\"><p>Todas las dem\u00e1s descargas se pueden encontrar en <a href=\"https:\/\/www.costabrava-wandern.de\/es\/descargas-de-material-cartografico\/\">Material cartogr\u00e1fico<\/a>.<\/p>\n<\/div>\n\t\t<\/div><\/div><\/div><div id=\"pg-176-2\"  class=\"panel-grid panel-no-style\" ><div id=\"pgc-176-2-0\"  class=\"panel-grid-cell\" ><div id=\"panel-176-2-0-0\" class=\"so-panel widget widget_sow-editor panel-first-child\" data-index=\"5\" ><div\n\t\t\t\n\t\t\tclass=\"so-widget-sow-editor so-widget-sow-editor-base\"\n\t\t\t\n\t\t><h3 class=\"widget-title\">Galer\u00eda de im\u00e1genes de la etapa 2<\/h3>\n<div class=\"siteorigin-widget-tinymce textwidget\">\n\t<style type=\"text\/css\">\n#foogallery-gallery-21808.fg-justified .fg-item { margin-right: 1px; margin-bottom: 1px; }\n#foogallery-gallery-21808.fg-justified .fg-image { height: 150px; }<\/style>\n<div class=\"foogallery foogallery-container foogallery-justified foogallery-lightbox-none fg-justified fg-ready fg-light fg-loading-default fg-loaded-fade-in fg-caption-hover fg-hover-fade fg-hover-zoom\" id=\"foogallery-gallery-21808\" data-foogallery=\"{&quot;item&quot;:{&quot;showCaptionTitle&quot;:true,&quot;showCaptionDescription&quot;:true},&quot;lazy&quot;:true,&quot;template&quot;:{&quot;rowHeight&quot;:150,&quot;maxRowHeight&quot;:300,&quot;margins&quot;:1,&quot;align&quot;:&quot;center&quot;,&quot;lastRow&quot;:&quot;smart&quot;}}\" style=\"--fg-title-line-clamp: 0; --fg-description-line-clamp: 0;\" >\n<div class=\"fg-item fg-type-image fg-idle\">\n<figure class=\"fg-item-inner\"><a href=\"https:\/\/www.costabrava-wandern.de\/wp-content\/uploads\/gr-92-etappe-2-Llan\u00e7\u00e0-nach-Cadaqu\u00e9s-14.jpg\" data-caption-title=\"Mehr Promenade als Wanderweg: der Fu\u00dfweg von Llan\u00e7\u00e0 nach El Port de la Selva\" data-attachment-id=\"759\" data-type=\"image\" class=\"fg-thumb\"><span class=\"fg-image-wrap\"><img fetchpriority=\"high\" decoding=\"async\" title=\"M\u00e1s paseo que ruta de senderismo: el sendero de Llan\u00e7\u00e0 a El Port de la Selva\" height=\"300\" width=\"400\" class=\"skip-lazy fg-image\" data-src-fg=\"https:\/\/www.costabrava-wandern.de\/wp-content\/uploads\/cache\/gr-92-etappe-2-Llan\u00e7\u00e0-nach-Cadaqu\u00e9s-14\/1892586688.jpg\" src=\"data:image\/svg+xml,%3Csvg%20xmlns%3D%22http%3A%2F%2Fwww.w3.org%2F2000%2Fsvg%22%20width%3D%22400%22%20height%3D%22300%22%20viewBox%3D%220%200%20400%20300%22%3E%3C%2Fsvg%3E\" loading=\"eager\"><\/span><span class=\"fg-image-overlay\"><\/span><\/a><figcaption class=\"fg-caption\">\n<div class=\"fg-caption-inner\">\n<div class=\"fg-caption-title\">M\u00e1s paseo que ruta de senderismo: el sendero de Llan\u00e7\u00e0 a El Port de la Selva<\/div>\n<\/div>\n<\/figcaption><\/figure>\n<div class=\"fg-loader\"><\/div>\n<\/div>\n<div class=\"fg-item fg-type-image fg-idle\">\n<figure class=\"fg-item-inner\"><a href=\"https:\/\/www.costabrava-wandern.de\/wp-content\/uploads\/gr-92-etappe-2-Llan\u00e7\u00e0-nach-Cadaqu\u00e9s-10.jpg\" data-caption-title=\"Teilweise wird der Weg \u00fcber Holzstege gef\u00fchrt und ist daher sehr bequem zu begehen.\" data-attachment-id=\"755\" data-type=\"image\" class=\"fg-thumb\"><span class=\"fg-image-wrap\"><img decoding=\"async\" title=\"El sendero pasa en parte por pasarelas de madera, por lo que es muy c\u00f3modo de recorrer.\" height=\"300\" width=\"400\" class=\"skip-lazy fg-image\" data-src-fg=\"https:\/\/www.costabrava-wandern.de\/wp-content\/uploads\/cache\/gr-92-etappe-2-Llan\u00e7\u00e0-nach-Cadaqu\u00e9s-10\/930513225.jpg\" src=\"data:image\/svg+xml,%3Csvg%20xmlns%3D%22http%3A%2F%2Fwww.w3.org%2F2000%2Fsvg%22%20width%3D%22400%22%20height%3D%22300%22%20viewBox%3D%220%200%20400%20300%22%3E%3C%2Fsvg%3E\" loading=\"eager\"><\/span><span class=\"fg-image-overlay\"><\/span><\/a><figcaption class=\"fg-caption\">\n<div class=\"fg-caption-inner\">\n<div class=\"fg-caption-title\">El sendero pasa en parte por pasarelas de madera, por lo que es muy c\u00f3modo de recorrer.<\/div>\n<\/div>\n<\/figcaption><\/figure>\n<div class=\"fg-loader\"><\/div>\n<\/div>\n<div class=\"fg-item fg-type-image fg-idle\">\n<figure class=\"fg-item-inner\"><a href=\"https:\/\/www.costabrava-wandern.de\/wp-content\/uploads\/gr-92-etappe-2-Llan\u00e7\u00e0-nach-Cadaqu\u00e9s-13.jpg\" data-attachment-id=\"758\" data-type=\"image\" class=\"fg-thumb\"><span class=\"fg-image-wrap\"><img decoding=\"async\" height=\"300\" width=\"565\" class=\"skip-lazy fg-image\" data-src-fg=\"https:\/\/www.costabrava-wandern.de\/wp-content\/uploads\/cache\/gr-92-etappe-2-Llan\u00e7\u00e0-nach-Cadaqu\u00e9s-13\/478388733.jpg\" data-srcset-fg=\"https:\/\/www.costabrava-wandern.de\/wp-content\/uploads\/cache\/gr-92-etappe-2-Llan\u00e7\u00e0-nach-Cadaqu\u00e9s-13\/2372919479.jpg 2x\" src=\"data:image\/svg+xml,%3Csvg%20xmlns%3D%22http%3A%2F%2Fwww.w3.org%2F2000%2Fsvg%22%20width%3D%22565%22%20height%3D%22300%22%20viewBox%3D%220%200%20565%20300%22%3E%3C%2Fsvg%3E\" loading=\"eager\"><\/span><span class=\"fg-image-overlay\"><\/span><\/a><\/figure>\n<div class=\"fg-loader\"><\/div>\n<\/div>\n<div class=\"fg-item fg-type-image fg-idle\">\n<figure class=\"fg-item-inner\"><a href=\"https:\/\/www.costabrava-wandern.de\/wp-content\/uploads\/gr-92-etappe-2-Llan\u00e7\u00e0-nach-Cadaqu\u00e9s-11.jpg\" data-caption-title=\"Abwechslungsreiches Wandern auf dem GR92: Hier auf Holzstegen \u00fcber einer Bucht\" data-attachment-id=\"756\" data-type=\"image\" class=\"fg-thumb\"><span class=\"fg-image-wrap\"><img decoding=\"async\" title=\"Senderismo variado en el GR92: aqu\u00ed en paseos mar\u00edtimos sobre una bah\u00eda\" height=\"300\" width=\"809\" class=\"skip-lazy fg-image\" data-src-fg=\"https:\/\/www.costabrava-wandern.de\/wp-content\/uploads\/cache\/gr-92-etappe-2-Llan\u00e7\u00e0-nach-Cadaqu\u00e9s-11\/1346684347.jpg\" src=\"data:image\/svg+xml,%3Csvg%20xmlns%3D%22http%3A%2F%2Fwww.w3.org%2F2000%2Fsvg%22%20width%3D%22809%22%20height%3D%22300%22%20viewBox%3D%220%200%20809%20300%22%3E%3C%2Fsvg%3E\" loading=\"eager\"><\/span><span class=\"fg-image-overlay\"><\/span><\/a><figcaption class=\"fg-caption\">\n<div class=\"fg-caption-inner\">\n<div class=\"fg-caption-title\">Senderismo variado en el GR92: aqu\u00ed en paseos mar\u00edtimos sobre una bah\u00eda<\/div>\n<\/div>\n<\/figcaption><\/figure>\n<div class=\"fg-loader\"><\/div>\n<\/div>\n<div class=\"fg-item fg-type-image fg-idle\">\n<figure class=\"fg-item-inner\"><a href=\"https:\/\/www.costabrava-wandern.de\/wp-content\/uploads\/gr-92-etappe-2-Llan\u00e7\u00e0-nach-Cadaqu\u00e9s-9.jpg\" data-caption-title=\"Zwischen Llan\u00e7\u00e0 und El Port de la Selva ist der GR92 mehr Promenade als Wanderweg\" data-attachment-id=\"754\" data-type=\"image\" class=\"fg-thumb\"><span class=\"fg-image-wrap\"><img decoding=\"async\" title=\"Entre Llan\u00e7\u00e0 y El Port de la Selva, el GR92 es m\u00e1s un paseo que una ruta de senderismo\" height=\"300\" width=\"673\" class=\"skip-lazy fg-image\" data-src-fg=\"https:\/\/www.costabrava-wandern.de\/wp-content\/uploads\/cache\/gr-92-etappe-2-Llan\u00e7\u00e0-nach-Cadaqu\u00e9s-9\/2185684901.jpg\" src=\"data:image\/svg+xml,%3Csvg%20xmlns%3D%22http%3A%2F%2Fwww.w3.org%2F2000%2Fsvg%22%20width%3D%22673%22%20height%3D%22300%22%20viewBox%3D%220%200%20673%20300%22%3E%3C%2Fsvg%3E\" loading=\"eager\"><\/span><span class=\"fg-image-overlay\"><\/span><\/a><figcaption class=\"fg-caption\">\n<div class=\"fg-caption-inner\">\n<div class=\"fg-caption-title\">Entre Llan\u00e7\u00e0 y El Port de la Selva, el GR92 es m\u00e1s un paseo que una ruta de senderismo<\/div>\n<\/div>\n<\/figcaption><\/figure>\n<div class=\"fg-loader\"><\/div>\n<\/div>\n<div class=\"fg-item fg-type-image fg-idle\">\n<figure class=\"fg-item-inner\"><a href=\"https:\/\/www.costabrava-wandern.de\/wp-content\/uploads\/gr-92-etappe-2-Llan\u00e7\u00e0-nach-Cadaqu\u00e9s-8.jpg\" data-caption-title=\"Der K\u00fcstenort &quot;El Port de la Selva&quot; liegt pittoresk in der ersten Bucht des Cap de Creus\" data-attachment-id=\"753\" data-type=\"image\" class=\"fg-thumb\"><span class=\"fg-image-wrap\"><img decoding=\"async\" title=\"El pueblo costero &quot;El Port de la Selva&quot; est\u00e1 pintorescamente situado en la primera bah\u00eda del Cap de Creus\" height=\"300\" width=\"655\" class=\"skip-lazy fg-image\" data-src-fg=\"https:\/\/www.costabrava-wandern.de\/wp-content\/uploads\/cache\/gr-92-etappe-2-Llan\u00e7\u00e0-nach-Cadaqu\u00e9s-8\/1377395647.jpg\" src=\"data:image\/svg+xml,%3Csvg%20xmlns%3D%22http%3A%2F%2Fwww.w3.org%2F2000%2Fsvg%22%20width%3D%22655%22%20height%3D%22300%22%20viewBox%3D%220%200%20655%20300%22%3E%3C%2Fsvg%3E\" loading=\"eager\"><\/span><span class=\"fg-image-overlay\"><\/span><\/a><figcaption class=\"fg-caption\">\n<div class=\"fg-caption-inner\">\n<div class=\"fg-caption-title\">El pueblo costero &quot;El Port de la Selva&quot; est\u00e1 pintorescamente situado en la primera bah\u00eda del Cap de Creus<\/div>\n<\/div>\n<\/figcaption><\/figure>\n<div class=\"fg-loader\"><\/div>\n<\/div>\n<div class=\"fg-item fg-type-image fg-idle\">\n<figure class=\"fg-item-inner\"><a href=\"https:\/\/www.costabrava-wandern.de\/wp-content\/uploads\/gr-92-etappe-2-Llan\u00e7\u00e0-nach-Cadaqu\u00e9s-1.jpg\" data-caption-title=\"Der Anstieg hinter El Port de la Selva ist anstrengend, daf\u00fcr wird man mit einem tollen Ausblick belohnt\" data-attachment-id=\"746\" data-type=\"image\" class=\"fg-thumb\"><span class=\"fg-image-wrap\"><img decoding=\"async\" title=\"La subida por detr\u00e1s de El Port de la Selva es agotadora, pero se ve recompensada con una gran vista.\" height=\"300\" width=\"638\" class=\"skip-lazy fg-image\" data-src-fg=\"https:\/\/www.costabrava-wandern.de\/wp-content\/uploads\/cache\/gr-92-etappe-2-Llan\u00e7\u00e0-nach-Cadaqu\u00e9s-1\/4032109505.jpg\" src=\"data:image\/svg+xml,%3Csvg%20xmlns%3D%22http%3A%2F%2Fwww.w3.org%2F2000%2Fsvg%22%20width%3D%22638%22%20height%3D%22300%22%20viewBox%3D%220%200%20638%20300%22%3E%3C%2Fsvg%3E\" loading=\"eager\"><\/span><span class=\"fg-image-overlay\"><\/span><\/a><figcaption class=\"fg-caption\">\n<div class=\"fg-caption-inner\">\n<div class=\"fg-caption-title\">La subida por detr\u00e1s de El Port de la Selva es agotadora, pero se ve recompensada con una gran vista.<\/div>\n<\/div>\n<\/figcaption><\/figure>\n<div class=\"fg-loader\"><\/div>\n<\/div>\n<div class=\"fg-item fg-type-image fg-idle\">\n<figure class=\"fg-item-inner\"><a href=\"https:\/\/www.costabrava-wandern.de\/wp-content\/uploads\/gr-92-etappe-2-Llan\u00e7\u00e0-nach-Cadaqu\u00e9s-6.jpg\" data-caption-title=\"Der erste gr\u00f6\u00dfere Anstieg von Etappe 2 ist geschafft - Der Blick zur\u00fcck lohnt sich!\" data-attachment-id=\"751\" data-type=\"image\" class=\"fg-thumb\"><span class=\"fg-image-wrap\"><img decoding=\"async\" title=\"La primera gran subida de la etapa 2 est\u00e1 hecha. \u00a1Vale la pena mirar hacia atr\u00e1s!\" height=\"300\" width=\"400\" class=\"skip-lazy fg-image\" data-src-fg=\"https:\/\/www.costabrava-wandern.de\/wp-content\/uploads\/cache\/gr-92-etappe-2-Llan\u00e7\u00e0-nach-Cadaqu\u00e9s-6\/2163059320.jpg\" src=\"data:image\/svg+xml,%3Csvg%20xmlns%3D%22http%3A%2F%2Fwww.w3.org%2F2000%2Fsvg%22%20width%3D%22400%22%20height%3D%22300%22%20viewBox%3D%220%200%20400%20300%22%3E%3C%2Fsvg%3E\" loading=\"eager\"><\/span><span class=\"fg-image-overlay\"><\/span><\/a><figcaption class=\"fg-caption\">\n<div class=\"fg-caption-inner\">\n<div class=\"fg-caption-title\">La primera gran subida de la etapa 2 est\u00e1 hecha. \u00a1Vale la pena mirar hacia atr\u00e1s!<\/div>\n<\/div>\n<\/figcaption><\/figure>\n<div class=\"fg-loader\"><\/div>\n<\/div>\n<div class=\"fg-item fg-type-image fg-idle\">\n<figure class=\"fg-item-inner\"><a href=\"https:\/\/www.costabrava-wandern.de\/wp-content\/uploads\/gr-92-etappe-2-Llan\u00e7\u00e0-nach-Cadaqu\u00e9s-5.jpg\" data-caption-title=\"Der gr\u00f6\u00dfte Teil des Cap de Creus ist ein Naturschutzgebiet - der GR92 ist hier sehr einsam\" data-attachment-id=\"750\" data-type=\"image\" class=\"fg-thumb\"><span class=\"fg-image-wrap\"><img decoding=\"async\" title=\"La mayor parte del Cap de Creus es una reserva natural - el GR92 es muy solitario aqu\u00ed\" height=\"300\" width=\"647\" class=\"skip-lazy fg-image\" data-src-fg=\"https:\/\/www.costabrava-wandern.de\/wp-content\/uploads\/cache\/gr-92-etappe-2-Llan\u00e7\u00e0-nach-Cadaqu\u00e9s-5\/2154120001.jpg\" src=\"data:image\/svg+xml,%3Csvg%20xmlns%3D%22http%3A%2F%2Fwww.w3.org%2F2000%2Fsvg%22%20width%3D%22647%22%20height%3D%22300%22%20viewBox%3D%220%200%20647%20300%22%3E%3C%2Fsvg%3E\" loading=\"eager\"><\/span><span class=\"fg-image-overlay\"><\/span><\/a><figcaption class=\"fg-caption\">\n<div class=\"fg-caption-inner\">\n<div class=\"fg-caption-title\">La mayor parte del Cap de Creus es una reserva natural - el GR92 es muy solitario aqu\u00ed<\/div>\n<\/div>\n<\/figcaption><\/figure>\n<div class=\"fg-loader\"><\/div>\n<\/div>\n<div class=\"fg-item fg-type-image fg-idle\">\n<figure class=\"fg-item-inner\"><a href=\"https:\/\/www.costabrava-wandern.de\/wp-content\/uploads\/gr-92-etappe-2-Llan\u00e7\u00e0-nach-Cadaqu\u00e9s-4.jpg\" data-caption-title=\"Blick auf Cadaqu\u00e9s von der letzten Anh\u00f6he des Cap de Creus\" data-attachment-id=\"749\" data-type=\"image\" class=\"fg-thumb\"><span class=\"fg-image-wrap\"><img decoding=\"async\" title=\"Vista de Cadaqu\u00e9s desde lo alto del Cap de Creus\" height=\"300\" width=\"677\" class=\"skip-lazy fg-image\" data-src-fg=\"https:\/\/www.costabrava-wandern.de\/wp-content\/uploads\/cache\/gr-92-etappe-2-Llan\u00e7\u00e0-nach-Cadaqu\u00e9s-4\/257553015.jpg\" src=\"data:image\/svg+xml,%3Csvg%20xmlns%3D%22http%3A%2F%2Fwww.w3.org%2F2000%2Fsvg%22%20width%3D%22677%22%20height%3D%22300%22%20viewBox%3D%220%200%20677%20300%22%3E%3C%2Fsvg%3E\" loading=\"eager\"><\/span><span class=\"fg-image-overlay\"><\/span><\/a><figcaption class=\"fg-caption\">\n<div class=\"fg-caption-inner\">\n<div class=\"fg-caption-title\">Vista de Cadaqu\u00e9s desde lo alto del Cap de Creus<\/div>\n<\/div>\n<\/figcaption><\/figure>\n<div class=\"fg-loader\"><\/div>\n<\/div>\n<div class=\"fg-item fg-type-image fg-idle\">\n<figure class=\"fg-item-inner\"><a href=\"https:\/\/www.costabrava-wandern.de\/wp-content\/uploads\/gr-92-etappe-2-Llan\u00e7\u00e0-nach-Cadaqu\u00e9s-3.jpg\" data-caption-title=\"Kurz vor dem Ziel von Etappe 2: Cadaqu\u00e9s mit seinen wei\u00dfen H\u00e4usern und Booten\" data-attachment-id=\"748\" data-type=\"image\" class=\"fg-thumb\"><span class=\"fg-image-wrap\"><img decoding=\"async\" title=\"Poco antes del final de la etapa 2: Cadaqu\u00e9s con sus casas blancas y barcos\" height=\"300\" width=\"400\" class=\"skip-lazy fg-image\" data-src-fg=\"https:\/\/www.costabrava-wandern.de\/wp-content\/uploads\/cache\/gr-92-etappe-2-Llan\u00e7\u00e0-nach-Cadaqu\u00e9s-3\/2342196660.jpg\" src=\"data:image\/svg+xml,%3Csvg%20xmlns%3D%22http%3A%2F%2Fwww.w3.org%2F2000%2Fsvg%22%20width%3D%22400%22%20height%3D%22300%22%20viewBox%3D%220%200%20400%20300%22%3E%3C%2Fsvg%3E\" loading=\"eager\"><\/span><span class=\"fg-image-overlay\"><\/span><\/a><figcaption class=\"fg-caption\">\n<div class=\"fg-caption-inner\">\n<div class=\"fg-caption-title\">Poco antes del final de la etapa 2: Cadaqu\u00e9s con sus casas blancas y barcos<\/div>\n<\/div>\n<\/figcaption><\/figure>\n<div class=\"fg-loader\"><\/div>\n<\/div>\n<div class=\"fg-item fg-type-image fg-idle\">\n<figure class=\"fg-item-inner\"><a href=\"https:\/\/www.costabrava-wandern.de\/wp-content\/uploads\/gr-92-etappe-2-Llan\u00e7\u00e0-nach-Cadaqu\u00e9s-2.jpg\" data-caption-title=\"Gehobene Strandgastronomie in Cadaqu\u00e9s\" data-attachment-id=\"747\" data-type=\"image\" class=\"fg-thumb\"><span class=\"fg-image-wrap\"><img decoding=\"async\" title=\"Gastronom\u00eda de playa de alto nivel en Cadaqu\u00e9s\" height=\"300\" width=\"400\" class=\"skip-lazy fg-image\" data-src-fg=\"https:\/\/www.costabrava-wandern.de\/wp-content\/uploads\/cache\/gr-92-etappe-2-Llan\u00e7\u00e0-nach-Cadaqu\u00e9s-2\/4041077496.jpg\" src=\"data:image\/svg+xml,%3Csvg%20xmlns%3D%22http%3A%2F%2Fwww.w3.org%2F2000%2Fsvg%22%20width%3D%22400%22%20height%3D%22300%22%20viewBox%3D%220%200%20400%20300%22%3E%3C%2Fsvg%3E\" loading=\"eager\"><\/span><span class=\"fg-image-overlay\"><\/span><\/a><figcaption class=\"fg-caption\">\n<div class=\"fg-caption-inner\">\n<div class=\"fg-caption-title\">Gastronom\u00eda de playa de alto nivel en Cadaqu\u00e9s<\/div>\n<\/div>\n<\/figcaption><\/figure>\n<div class=\"fg-loader\"><\/div>\n<\/div>\n<\/div>\n<\/div>\n<\/div><\/div><div id=\"panel-176-2-0-1\" class=\"so-panel widget widget_lsow-portfolio panel-last-child\" data-index=\"6\" ><div\n\t\t\t\n\t\t\tclass=\"so-widget-lsow-portfolio so-widget-lsow-portfolio-default-1398c7c9e37b-176\"\n\t\t\t\n\t\t><h3 class=\"widget-title\">Hoteles y pensiones recomendados<\/h3><div class=\"lsow-portfolio-wrap lsow-gapless-grid\"><div id=\"lsow-portfolio-69f2de8630800\" class=\"lsow-portfolio js-isotope lsow-fitRows lsow-grid-container  lsow-grid-desktop-2 lsow-grid-tablet-2 lsow-grid-mobile-1\" data-isotope-options='{ \"itemSelector\": \".lsow-portfolio-item\", \"layoutMode\": \"fitRows\"}'><div data-id=\"id-87\" class=\"lsow-grid-item lsow-portfolio-item  term-4\"><article id=\"post-87\" class=\"post-87 post type-post status-publish format-standard has-post-thumbnail hentry category-gr-92-unterkuenfte post-with-thumbnail post-with-thumbnail-large\"><div class=\"lsow-project-image\"><a href=\"https:\/\/www.costabrava-wandern.de\/es\/etappe-2-uebernachtung-in-cadaques\/\" target=\"_self\"><img decoding=\"async\" width=\"720\" height=\"328\" src=\"https:\/\/www.costabrava-wandern.de\/wp-content\/uploads\/Von-links-nach-rechts-Hostal-Marina-Cadaqu\u00e9s-Hostal-Cristina-Hotel-La-Residencia-1024x467.jpg\" class=\"lsow-image skip-lazy no-lazyload exclude-me a3-notlazy wp-post-image\" alt=\"\" data-no-lazy=\"1\" loading=\"eager\" srcset=\"https:\/\/www.costabrava-wandern.de\/wp-content\/uploads\/Von-links-nach-rechts-Hostal-Marina-Cadaqu\u00e9s-Hostal-Cristina-Hotel-La-Residencia-1024x467.jpg 1024w, https:\/\/www.costabrava-wandern.de\/wp-content\/uploads\/Von-links-nach-rechts-Hostal-Marina-Cadaqu\u00e9s-Hostal-Cristina-Hotel-La-Residencia-150x68.jpg 150w, https:\/\/www.costabrava-wandern.de\/wp-content\/uploads\/Von-links-nach-rechts-Hostal-Marina-Cadaqu\u00e9s-Hostal-Cristina-Hotel-La-Residencia-300x137.jpg 300w, https:\/\/www.costabrava-wandern.de\/wp-content\/uploads\/Von-links-nach-rechts-Hostal-Marina-Cadaqu\u00e9s-Hostal-Cristina-Hotel-La-Residencia.jpg 1200w\" sizes=\"(max-width: 720px) 100vw, 720px\" \/><\/a><div class=\"lsow-image-info\"><div class=\"lsow-entry-info\"><h3 class=\"lsow-post-title\"><a href=\"https:\/\/www.costabrava-wandern.de\/es\/etappe-2-uebernachtung-in-cadaques\/\" title=\"Etapa 2: Pernoctaci\u00f3n en Cadaqu\u00e9s\" target=\"_self\" rel=\"bookmark\">Etapa 2: Pernoctaci\u00f3n en Cadaqu\u00e9s<\/a><\/h3><\/div><\/div><!-- .lsow-image-info --><\/div><\/article><!-- .hentry --><\/div><\/div><!-- .lsow-portfolio --><\/div><!-- .lsow-portfolio-wrap --><\/div><\/div><\/div><\/div><\/div>","protected":false},"excerpt":{"rendered":"<p>Die zweite Tagesetappe ist schon deutlich l\u00e4ngerund anstrengender als die erste, deshalb ist ein rechtzeitiger Aufbruch ratsam. Die heutige Tour besteht aus zwei sehr unterschiedlichen Teilen: Zun\u00e4chst geht es auf einem sehr gut ausgebauten Spazierg\u00e4ngerweg voran, sp\u00e4ter \u00fcber steinige Wanderwege. Von Llan\u00e7a bis nach El Port de la Selva, dem ersten Zwischenziel auf der Etappe, [&hellip;]<\/p>\n","protected":false},"author":1,"featured_media":0,"comment_status":"closed","ping_status":"open","sticky":false,"template":"","format":"standard","meta":{"footnotes":""},"categories":[8,13],"tags":[],"class_list":["post-176","post","type-post","status-publish","format-standard","hentry","category-gr-92-etappe-1-bis-3-von-portbou-bis-roses-oder-empuriabrava","category-etappe-2"],"_links":{"self":[{"href":"https:\/\/www.costabrava-wandern.de\/es\/wp-json\/wp\/v2\/posts\/176","targetHints":{"allow":["GET"]}}],"collection":[{"href":"https:\/\/www.costabrava-wandern.de\/es\/wp-json\/wp\/v2\/posts"}],"about":[{"href":"https:\/\/www.costabrava-wandern.de\/es\/wp-json\/wp\/v2\/types\/post"}],"author":[{"embeddable":true,"href":"https:\/\/www.costabrava-wandern.de\/es\/wp-json\/wp\/v2\/users\/1"}],"replies":[{"embeddable":true,"href":"https:\/\/www.costabrava-wandern.de\/es\/wp-json\/wp\/v2\/comments?post=176"}],"version-history":[{"count":2,"href":"https:\/\/www.costabrava-wandern.de\/es\/wp-json\/wp\/v2\/posts\/176\/revisions"}],"predecessor-version":[{"id":38610,"href":"https:\/\/www.costabrava-wandern.de\/es\/wp-json\/wp\/v2\/posts\/176\/revisions\/38610"}],"wp:attachment":[{"href":"https:\/\/www.costabrava-wandern.de\/es\/wp-json\/wp\/v2\/media?parent=176"}],"wp:term":[{"taxonomy":"category","embeddable":true,"href":"https:\/\/www.costabrava-wandern.de\/es\/wp-json\/wp\/v2\/categories?post=176"},{"taxonomy":"post_tag","embeddable":true,"href":"https:\/\/www.costabrava-wandern.de\/es\/wp-json\/wp\/v2\/tags?post=176"}],"curies":[{"name":"wp","href":"https:\/\/api.w.org\/{rel}","templated":true}]}}