{"id":2072,"date":"2017-06-24T17:31:39","date_gmt":"2017-06-24T15:31:39","guid":{"rendered":"https:\/\/www.costabrava-wandern.de\/?p=2072"},"modified":"2019-12-16T10:41:43","modified_gmt":"2019-12-16T09:41:43","slug":"corta-estancia-en-barcelona-la-metropolis-art-nouveau-catalana-junto-al-mar","status":"publish","type":"post","link":"https:\/\/www.costabrava-wandern.de\/es\/kurzaufenthalt-in-barcelona-die-katalanische-jugendstil-metropole-am-meer\/","title":{"rendered":"Estancia corta en Barcelona: la metr\u00f3polis modernista catalana junto al mar"},"content":{"rendered":"<div id=\"pl-2072\"  class=\"panel-layout\" ><div id=\"pg-2072-0\"  class=\"panel-grid panel-no-style\" ><div id=\"pgc-2072-0-0\"  class=\"panel-grid-cell\" ><div id=\"panel-2072-0-0-0\" class=\"so-panel widget widget_sow-editor panel-first-child panel-last-child\" data-index=\"0\" ><div\n\t\t\t\n\t\t\tclass=\"so-widget-sow-editor so-widget-sow-editor-base\"\n\t\t\t\n\t\t>\n<div class=\"siteorigin-widget-tinymce textwidget\">\n\t<p>Desde nuestro punto de vista, \u00a1cualquiera que pase sus vacaciones en la Costa Brava definitivamente deber\u00eda planear una estad\u00eda corta en Barcelona! \u00a1Unos d\u00edas y noches en la vibrante metr\u00f3polis mediterr\u00e1nea catalana son el final perfecto para unas vacaciones de senderismo en el GR-92!<br \/>\nPara que tu corta estancia en Barcelona sea un relajante viaje por la ciudad, hemos recopilado algunos consejos:<\/p>\n<ul>\n<li><strong>Depositar equipaje extra en Barcelona:<\/strong>\u00a0Si llega por el aeropuerto de Barcelona, primero tiene que ir al centro de la ciudad o a &quot;Plaza Catalunya&quot; de camino al punto de inicio de la caminata en Portbou (ver tambi\u00e9n <a href=\"https:\/\/www.costabrava-wandern.de\/es\/llegada-a-la-costa-brava\/\">Llegada<\/a>). En esta ocasi\u00f3n se puede depositar en la consigna de equipaje una maleta con ropa fresca apta para la gran ciudad. Informaci\u00f3n a continuaci\u00f3n <a href=\"http:\/\/www.lockerbarcelona.com\/\" target=\"_blank\" rel=\"noopener\">www.lockerbarcelona.com<\/a>, este proveedor tiene una ubicaci\u00f3n c\u00e9ntrica en las inmediaciones de Plaza Catalunya, las taquillas de varios tama\u00f1os est\u00e1n disponibles desde unos 3,50 \u20ac al d\u00eda (los alquileres a largo plazo suelen ser un poco m\u00e1s baratos si hay demanda).<\/li>\n<li><strong>Carterista:<\/strong>\u00a0Desafortunadamente, Barcelona es considerada el basti\u00f3n de los carteristas en Europa. Por lo tanto, los objetos de valor deben almacenarse en el casillero del hotel como medida de precauci\u00f3n. Los bolsos y las mochilas nunca deben colocarse sueltos junto a una silla o mesa, sino que deben asegurarse al menos con una pata de la silla.<\/li>\n<li><strong>Barrios Populares:<\/strong>\u00a0Si quieres sumergirte en la vida de esta extraordinaria ciudad durante unos d\u00edas, te recomendamos alojarte en uno de los siguientes distritos:<\/li>\n<\/ul>\n<p><!--Die Costa Brava endet kurz nach Lloret de Mar an der Tordera-Flussm\u00fcndung. Der \"Cam\u00ed de Ronda\" und damit auch unsere Costa-Brava-K\u00fcstenwanderung ist hier zu Ende. Der offizielle GR 92 ist jedoch noch um einiges l\u00e4nger und sogar Teil des europ\u00e4ischen Fernwanderwegs E 10. An der Tordera-Flussm\u00fcndung biegt der GR 92 im weiteren Verlauf ins Hinterland ab, umrundet Barcelona und f\u00fchrt weiter bis zum Ebro-Flussdelta bei Amposta. Allerdings sind hier auf einigen Abschnitten die \u00dcbernachtungsm\u00f6glichkeiten rar ges\u00e4t, so dass das Wandern hier beschwerlicher wird. Deshalb haben wir uns\u00a0bei der Costa-Brava-K\u00fcstenwanderung auf\u00a0den gut erschlossenen Teil des GR 92 konzentriert.\nAnstatt den Ballungsraum <strong>Barcelona<\/strong> m\u00fchevoll zu umgehen, empfehlen wir den Wanderurlaub lieber mit einem <strong>St\u00e4dtetripp<\/strong> zu verbinden! Nach zehn schwei\u00dftreibenden Wandertagen l\u00e4sst sich das mediterrane Lebensgef\u00fchl der katalanischen Metropole mit ihren unz\u00e4hligen Caf\u00e9s, Bars, engen Gassen und sch\u00f6nen Pl\u00e4tzen noch viel intensiver genie\u00dfen!--><\/p>\n<\/div>\n<\/div><\/div><\/div><\/div><div id=\"pg-2072-1\"  class=\"panel-grid panel-no-style\" ><div id=\"pgc-2072-1-0\"  class=\"panel-grid-cell\" ><div id=\"panel-2072-1-0-0\" class=\"so-panel widget widget_circleicon-widget panel-first-child panel-last-child\" data-index=\"1\" >\t\t<div class=\"circle-icon-box circle-icon-position-left circle-icon-hide-box circle-icon-size-small\">\n\t\t\t<div class=\"circle-icon-wrapper\">\n\t\t\t\t<a href=\"http:\/\/www.booking.com\/searchresults.html?district=1289&#038;aid=947820\" class=\"link-icon\" target=\"_blank\" rel=\"noopener\">\t\t\t\t<div class=\"circle-icon icon-style-set\" style=\"background-color: #bfbfbf\">\n\t\t\t\t\t<div class=\"fa fa-glass icon-color-set\" ><\/div>\t\t\t\t<\/div>\n\t\t\t\t<\/a>\t\t\t<\/div>\n\n\t\t\t<a href=\"http:\/\/www.booking.com\/searchresults.html?district=1289&#038;aid=947820\" class=\"link-title\" target=\"_blank\" rel=\"noopener\">\t\t\t<h4 >Al\u00f3jate en el barrio del Born<\/h4>\t\t\t<\/a>\n\t\t\t<p class=\"text\" >El \u00e1rea alrededor de la Catedral &quot;Santa Mar\u00eda del Mar&quot; es una zona encantadora con calles estrechas y medievales y muchos restaurantes y bares. Muchas personas creativas, artistas y artesanos se han asentado aqu\u00ed. Peque\u00f1as marcas de moda y nuevos conceptos gastron\u00f3micos surgen constantemente aqu\u00ed. <\/p>\t\t\t\t\t\t\t<a href=\"http:\/\/www.booking.com\/searchresults.html?district=1289&#038;aid=947820\" class=\"more-button\" target=\"_blank\" rel=\"noopener\">Busca alojamiento en El Born en booking.com <i><\/i><\/a>\n\t\t\t\t\t<\/div>\n\t\t<\/div><\/div><div id=\"pgc-2072-1-1\"  class=\"panel-grid-cell\" ><div id=\"panel-2072-1-1-0\" class=\"so-panel widget widget_circleicon-widget panel-first-child panel-last-child\" data-index=\"2\" >\t\t<div class=\"circle-icon-box circle-icon-position-left circle-icon-hide-box circle-icon-size-small\">\n\t\t\t<div class=\"circle-icon-wrapper\">\n\t\t\t\t<a href=\"http:\/\/www.booking.com\/searchresults.html?district=167&#038;aid=947820\" class=\"link-icon\" target=\"_blank\" rel=\"noopener\">\t\t\t\t<div class=\"circle-icon icon-style-set\" style=\"background-color: #bfbfbf\">\n\t\t\t\t\t<div class=\"fa fa-fort-awesome icon-color-set\" ><\/div>\t\t\t\t<\/div>\n\t\t\t\t<\/a>\t\t\t<\/div>\n\n\t\t\t<a href=\"http:\/\/www.booking.com\/searchresults.html?district=167&#038;aid=947820\" class=\"link-title\" target=\"_blank\" rel=\"noopener\">\t\t\t<h4 >Al\u00f3jate en el Eixample<\/h4>\t\t\t<\/a>\n\t\t\t<p class=\"text\" >El &quot;Eixample&quot; es el distrito art nouveau y arquitecto cuadrado de Barcelona: las fachadas ornamentales de los edificios de apartamentos, la mayor\u00eda de los cuales datan del siglo XIX, dan una idea de la riqueza de la alta burgues\u00eda de la \u00e9poca. Destacados arquitect\u00f3nicos de renombre mundial: Sagrada Familia, Casa Batll\u00f3, Casa Mil\u00e0. Situado en el centro al norte del casco antiguo.<\/p>\t\t\t\t\t\t\t<a href=\"http:\/\/www.booking.com\/searchresults.html?district=167&#038;aid=947820\" class=\"more-button\" target=\"_blank\" rel=\"noopener\">Busca alojamiento en Eixample en booking.com <i><\/i><\/a>\n\t\t\t\t\t<\/div>\n\t\t<\/div><\/div><div id=\"pgc-2072-1-2\"  class=\"panel-grid-cell\" ><div id=\"panel-2072-1-2-0\" class=\"so-panel widget widget_circleicon-widget panel-first-child panel-last-child\" data-index=\"3\" >\t\t<div class=\"circle-icon-box circle-icon-position-left circle-icon-hide-box circle-icon-size-small\">\n\t\t\t<div class=\"circle-icon-wrapper\">\n\t\t\t\t<a href=\"http:\/\/www.booking.com\/searchresults.html?district=5662&#038;aid=947820\" class=\"link-icon\" target=\"_blank\" rel=\"noopener\">\t\t\t\t<div class=\"circle-icon icon-style-set\" style=\"background-color: #bfbfbf\">\n\t\t\t\t\t<div class=\"fa fa-shopping-basket icon-color-set\" ><\/div>\t\t\t\t<\/div>\n\t\t\t\t<\/a>\t\t\t<\/div>\n\n\t\t\t<a href=\"http:\/\/www.booking.com\/searchresults.html?district=5662&#038;aid=947820\" class=\"link-title\" target=\"_blank\" rel=\"noopener\">\t\t\t<h4 >Al\u00f3jate en el barrio de \u201cEl Raval\u201d<\/h4>\t\t\t<\/a>\n\t\t\t<p class=\"text\" >&quot;El Raval&quot; es el barrio multicultural de Barcelona. J\u00f3venes skaters y amantes del arte se dan cita aqu\u00ed en la plaza frente al museo de arte contempor\u00e1neo MACBA. Adem\u00e1s, aqu\u00ed se encuentra &quot;La Boqueria&quot;, \u00a1probablemente el mercado m\u00e1s hermoso de Europa! <\/p>\t\t\t\t\t\t\t<a href=\"http:\/\/www.booking.com\/searchresults.html?district=5662&#038;aid=947820\" class=\"more-button\" target=\"_blank\" rel=\"noopener\">Encuentra alojamiento en el barrio del Raval en booking.com <i><\/i><\/a>\n\t\t\t\t\t<\/div>\n\t\t<\/div><\/div><\/div><\/div>","protected":false},"excerpt":{"rendered":"<p>Wer an der Costa Brava Urlaub macht, sollte aus unserer Sicht unbedingt auch einen Kurzaufenthalt in Barcelona einplanen! Ein paar Tage und N\u00e4chte in der pulsierende katalanische Mittelmeer-Metropole sind der perfekte Ausklang nach einem Wanderurlaub auf dem GR-92! Damit der Kurzaufenthalt in Barcelona zu einem entspannten St\u00e4dte-Trip wird, haben wir hier ein paar Tipps zusammengestellt: [&hellip;]<\/p>\n","protected":false},"author":1,"featured_media":2059,"comment_status":"closed","ping_status":"open","sticky":false,"template":"","format":"standard","meta":{"footnotes":""},"categories":[37],"tags":[],"class_list":{"0":"post-2072","1":"post","2":"type-post","3":"status-publish","4":"format-standard","5":"has-post-thumbnail","6":"hentry","7":"category-barcelona","9":"post-with-thumbnail","10":"post-with-thumbnail-large"},"_links":{"self":[{"href":"https:\/\/www.costabrava-wandern.de\/es\/wp-json\/wp\/v2\/posts\/2072","targetHints":{"allow":["GET"]}}],"collection":[{"href":"https:\/\/www.costabrava-wandern.de\/es\/wp-json\/wp\/v2\/posts"}],"about":[{"href":"https:\/\/www.costabrava-wandern.de\/es\/wp-json\/wp\/v2\/types\/post"}],"author":[{"embeddable":true,"href":"https:\/\/www.costabrava-wandern.de\/es\/wp-json\/wp\/v2\/users\/1"}],"replies":[{"embeddable":true,"href":"https:\/\/www.costabrava-wandern.de\/es\/wp-json\/wp\/v2\/comments?post=2072"}],"version-history":[{"count":0,"href":"https:\/\/www.costabrava-wandern.de\/es\/wp-json\/wp\/v2\/posts\/2072\/revisions"}],"wp:featuredmedia":[{"embeddable":true,"href":"https:\/\/www.costabrava-wandern.de\/es\/wp-json\/wp\/v2\/media\/2059"}],"wp:attachment":[{"href":"https:\/\/www.costabrava-wandern.de\/es\/wp-json\/wp\/v2\/media?parent=2072"}],"wp:term":[{"taxonomy":"category","embeddable":true,"href":"https:\/\/www.costabrava-wandern.de\/es\/wp-json\/wp\/v2\/categories?post=2072"},{"taxonomy":"post_tag","embeddable":true,"href":"https:\/\/www.costabrava-wandern.de\/es\/wp-json\/wp\/v2\/tags?post=2072"}],"curies":[{"name":"wp","href":"https:\/\/api.w.org\/{rel}","templated":true}]}}