{"id":275,"date":"2017-03-19T21:55:06","date_gmt":"2017-03-19T20:55:06","guid":{"rendered":"https:\/\/www.costabrava-wandern.de\/?p=275"},"modified":"2021-11-06T10:05:21","modified_gmt":"2021-11-06T09:05:21","slug":"alojamiento-en-la-costabrava-junto-al-gr-92","status":"publish","type":"post","link":"https:\/\/www.costabrava-wandern.de\/es\/unterkuenfte-an-der-costabrava-entlang-des-gr-92\/","title":{"rendered":"Alojamiento en la Costa Brava por el GR 92"},"content":{"rendered":"<div id=\"pl-275\"  class=\"panel-layout\" ><div id=\"pg-275-0\"  class=\"panel-grid panel-no-style\" ><div id=\"pgc-275-0-0\"  class=\"panel-grid-cell\" ><div id=\"panel-275-0-0-0\" class=\"so-panel widget widget_sow-image panel-first-child panel-last-child\" data-index=\"0\" ><div\n\t\t\t\n\t\t\tclass=\"so-widget-sow-image so-widget-sow-image-default-8b5b6f678277-275\"\n\t\t\t\n\t\t>\n<div class=\"sow-image-container\">\n\t\t\t<a href=\"https:\/\/www.costabrava-wandern.de\/wp-content\/uploads\/Hotel-Cluc-in-Begur-liebevoll-zubereitetes-Fr\u00fchst\u00fccksbuffet-im-Innenhof.jpg\"\n\t\t\t\t\t>\n\t\t\t<img \n\tsrc=\"https:\/\/www.costabrava-wandern.de\/wp-content\/uploads\/Hotel-Cluc-in-Begur-liebevoll-zubereitetes-Fr\u00fchst\u00fccksbuffet-im-Innenhof.jpg\" width=\"1200\" height=\"549\" srcset=\"https:\/\/www.costabrava-wandern.de\/wp-content\/uploads\/Hotel-Cluc-in-Begur-liebevoll-zubereitetes-Fr\u00fchst\u00fccksbuffet-im-Innenhof.jpg 1200w, https:\/\/www.costabrava-wandern.de\/wp-content\/uploads\/Hotel-Cluc-in-Begur-liebevoll-zubereitetes-Fr\u00fchst\u00fccksbuffet-im-Innenhof-150x69.jpg 150w, https:\/\/www.costabrava-wandern.de\/wp-content\/uploads\/Hotel-Cluc-in-Begur-liebevoll-zubereitetes-Fr\u00fchst\u00fccksbuffet-im-Innenhof-300x137.jpg 300w, https:\/\/www.costabrava-wandern.de\/wp-content\/uploads\/Hotel-Cluc-in-Begur-liebevoll-zubereitetes-Fr\u00fchst\u00fccksbuffet-im-Innenhof-1024x468.jpg 1024w\" sizes=\"(max-width: 1200px) 100vw, 1200px\" title=\"Hotel Cluc en Begur - desayuno buffet preparado con cari\u00f1o en el patio\" alt=\"\" \t\tclass=\"so-widget-image\"\/>\n\t\t\t<\/a><\/div>\n\n<\/div><\/div><\/div><\/div><div id=\"pg-275-1\"  class=\"panel-grid panel-no-style\" ><div id=\"pgc-275-1-0\"  class=\"panel-grid-cell\" ><div id=\"panel-275-1-0-0\" class=\"so-panel widget widget_sow-editor panel-first-child panel-last-child\" data-index=\"1\" ><div\n\t\t\t\n\t\t\tclass=\"so-widget-sow-editor so-widget-sow-editor-base\"\n\t\t\t\n\t\t>\n<div class=\"siteorigin-widget-tinymce textwidget\">\n\t<p>El senderismo por etapas en la Costa Brava es sobre todo cautivador por el gran paisaje, la vista constante del mar azul, los descansos (para ba\u00f1arse) en bah\u00edas pintorescas y la oportunidad de parar a comer en los pintorescos centros de los pueblos. Pero, \u00bfqui\u00e9n no sue\u00f1a con una ducha caliente y una cama reci\u00e9n hecha al final de un agotador d\u00eda de excursi\u00f3n?<\/p>\n<p>La Costa Brava tambi\u00e9n tiene mucho que ofrecer en este sentido: La oferta de alojamiento es tan amplia y variada como en casi cualquier otra ruta de senderismo de larga distancia. Por un lado, est\u00e1n las numerosas pensiones y bed &amp; breakfast (\"hostales\") de gesti\u00f3n familiar, los peque\u00f1os hoteles boutique en edificios hist\u00f3ricos y los castillos convertidos en hoteles, y por otro lado, los hoteles de playa y los castillos cama de la costa.<\/p>\n<p>Te recomendamos que no te gu\u00edes demasiado por la categor\u00eda de estrellas a la hora de reservar alojamiento. Un hotel de 1 estrella, peque\u00f1o pero con encanto y gestionado de forma individual, puede merecer m\u00e1s la pena (y tambi\u00e9n ser m\u00e1s caro) que el hotel de 3 estrellas sin rostro que est\u00e1 justo al lado.<\/p>\n<p>Hemos recopilado algunas recomendaciones de hoteles en nuestro sitio web y tambi\u00e9n hemos preparado un pr\u00e1ctico cuadro sin\u00f3ptico para planificar el viaje: <a href=\"https:\/\/www.costabrava-wandern.de\/es\/descripcion-general-tabular-planificacion-de-viajes-para-el-gr-92\/\">A la mesa de planificaci\u00f3n<\/a>.<\/p>\n<\/div>\n<\/div><\/div><\/div><div id=\"pgc-275-1-1\"  class=\"panel-grid-cell\" ><div id=\"panel-275-1-1-0\" class=\"so-panel widget widget_sow-editor panel-first-child panel-last-child\" data-index=\"2\" ><div\n\t\t\t\n\t\t\tclass=\"so-widget-sow-editor so-widget-sow-editor-base\"\n\t\t\t\n\t\t>\n<div class=\"siteorigin-widget-tinymce textwidget\">\n\t<p><a href=\"https:\/\/www.costabrava-wandern.de\/wp-content\/uploads\/Unterk\u00fcnfte-buchen-an-der-Costa-Brava.jpg\"><img loading=\"lazy\" decoding=\"async\" class=\"alignnone wp-image-1212 size-full\" src=\"https:\/\/www.costabrava-wandern.de\/wp-content\/uploads\/Unterk\u00fcnfte-buchen-an-der-Costa-Brava.jpg\" alt=\"\" width=\"1045\" height=\"839\" srcset=\"https:\/\/www.costabrava-wandern.de\/wp-content\/uploads\/Unterk\u00fcnfte-buchen-an-der-Costa-Brava.jpg 1045w, https:\/\/www.costabrava-wandern.de\/wp-content\/uploads\/Unterk\u00fcnfte-buchen-an-der-Costa-Brava-150x120.jpg 150w, https:\/\/www.costabrava-wandern.de\/wp-content\/uploads\/Unterk\u00fcnfte-buchen-an-der-Costa-Brava-300x241.jpg 300w, https:\/\/www.costabrava-wandern.de\/wp-content\/uploads\/Unterk\u00fcnfte-buchen-an-der-Costa-Brava-1024x822.jpg 1024w\" sizes=\"auto, (max-width: 1045px) 100vw, 1045px\" \/><\/a><\/p>\n<\/div>\n<\/div><\/div><\/div><\/div><div id=\"pg-275-2\"  class=\"panel-grid panel-no-style\" ><div id=\"pgc-275-2-0\"  class=\"panel-grid-cell\" ><div id=\"panel-275-2-0-0\" class=\"so-panel widget widget_lsow-portfolio panel-first-child\" data-index=\"3\" ><div\n\t\t\t\n\t\t\tclass=\"so-widget-lsow-portfolio so-widget-lsow-portfolio-default-696cd1a70120-275\"\n\t\t\t\n\t\t><div class=\"lsow-portfolio-wrap lsow-gapless-grid\"><div id=\"lsow-portfolio-69f70960baff5\" class=\"lsow-portfolio js-isotope lsow-masonry lsow-grid-container  lsow-grid-desktop-3 lsow-grid-tablet-2 lsow-grid-mobile-1\" data-isotope-options='{ \"itemSelector\": \".lsow-portfolio-item\", \"layoutMode\": \"masonry\"}'><div data-id=\"id-106\" class=\"lsow-grid-item lsow-portfolio-item  term-4\"><article id=\"post-106\" class=\"post-106 post type-post status-publish format-standard has-post-thumbnail hentry category-gr-92-unterkuenfte post-with-thumbnail post-with-thumbnail-large\"><div class=\"lsow-project-image\"><a href=\"https:\/\/www.costabrava-wandern.de\/es\/etappe-4-uebernachtung-in-lescala\/\" target=\"_self\"><img fetchpriority=\"high\" decoding=\"async\" width=\"720\" height=\"248\" src=\"https:\/\/www.costabrava-wandern.de\/wp-content\/uploads\/Hostal-Spa-Empuries-1024x353.jpg\" class=\"lsow-image skip-lazy no-lazyload exclude-me a3-notlazy wp-post-image\" alt=\"\" data-no-lazy=\"1\" loading=\"eager\" srcset=\"https:\/\/www.costabrava-wandern.de\/wp-content\/uploads\/Hostal-Spa-Empuries-1024x353.jpg 1024w, https:\/\/www.costabrava-wandern.de\/wp-content\/uploads\/Hostal-Spa-Empuries-150x52.jpg 150w, https:\/\/www.costabrava-wandern.de\/wp-content\/uploads\/Hostal-Spa-Empuries-300x104.jpg 300w, https:\/\/www.costabrava-wandern.de\/wp-content\/uploads\/Hostal-Spa-Empuries.jpg 1200w\" sizes=\"(max-width: 720px) 100vw, 720px\" \/><\/a><div class=\"lsow-image-info\"><div class=\"lsow-entry-info\"><h3 class=\"lsow-post-title\"><a href=\"https:\/\/www.costabrava-wandern.de\/es\/etappe-4-uebernachtung-in-lescala\/\" title=\"Etapa 4: Pernoctaci\u00f3n en L&#039;Escala\" target=\"_self\" rel=\"bookmark\">Etapa 4: Pernoctaci\u00f3n en L'Escala<\/a><\/h3><\/div><\/div><!-- .lsow-image-info --><\/div><\/article><!-- .hentry --><\/div><div data-id=\"id-119\" class=\"lsow-grid-item lsow-portfolio-item  term-4\"><article id=\"post-119\" class=\"post-119 post type-post status-publish format-standard has-post-thumbnail hentry category-gr-92-unterkuenfte post-with-thumbnail post-with-thumbnail-large\"><div class=\"lsow-project-image\"><a href=\"https:\/\/www.costabrava-wandern.de\/es\/etappe-3-uebernachtung-in-roses-oder-empuriabrava\/\" target=\"_self\"><img decoding=\"async\" width=\"720\" height=\"293\" src=\"https:\/\/www.costabrava-wandern.de\/wp-content\/uploads\/Aparthotel-Xons-Platja-in-Empuriabrava-1024x417.jpg\" class=\"lsow-image skip-lazy no-lazyload exclude-me a3-notlazy wp-post-image\" alt=\"\" data-no-lazy=\"1\" loading=\"eager\" srcset=\"https:\/\/www.costabrava-wandern.de\/wp-content\/uploads\/Aparthotel-Xons-Platja-in-Empuriabrava-1024x417.jpg 1024w, https:\/\/www.costabrava-wandern.de\/wp-content\/uploads\/Aparthotel-Xons-Platja-in-Empuriabrava-150x61.jpg 150w, https:\/\/www.costabrava-wandern.de\/wp-content\/uploads\/Aparthotel-Xons-Platja-in-Empuriabrava-300x122.jpg 300w, https:\/\/www.costabrava-wandern.de\/wp-content\/uploads\/Aparthotel-Xons-Platja-in-Empuriabrava.jpg 1200w\" sizes=\"(max-width: 720px) 100vw, 720px\" \/><\/a><div class=\"lsow-image-info\"><div class=\"lsow-entry-info\"><h3 class=\"lsow-post-title\"><a href=\"https:\/\/www.costabrava-wandern.de\/es\/etappe-3-uebernachtung-in-roses-oder-empuriabrava\/\" title=\"Etapa 3: Pernoctaci\u00f3n en Roses o Empuriabrava\" target=\"_self\" rel=\"bookmark\">Etapa 3: Pernoctaci\u00f3n en Roses o Empuriabrava<\/a><\/h3><\/div><\/div><!-- .lsow-image-info --><\/div><\/article><!-- .hentry --><\/div><div data-id=\"id-87\" class=\"lsow-grid-item lsow-portfolio-item  term-4\"><article id=\"post-87\" class=\"post-87 post type-post status-publish format-standard has-post-thumbnail hentry category-gr-92-unterkuenfte post-with-thumbnail post-with-thumbnail-large\"><div class=\"lsow-project-image\"><a href=\"https:\/\/www.costabrava-wandern.de\/es\/etappe-2-uebernachtung-in-cadaques\/\" target=\"_self\"><img decoding=\"async\" width=\"720\" height=\"328\" src=\"https:\/\/www.costabrava-wandern.de\/wp-content\/uploads\/Von-links-nach-rechts-Hostal-Marina-Cadaqu\u00e9s-Hostal-Cristina-Hotel-La-Residencia-1024x467.jpg\" class=\"lsow-image skip-lazy no-lazyload exclude-me a3-notlazy wp-post-image\" alt=\"\" data-no-lazy=\"1\" loading=\"eager\" srcset=\"https:\/\/www.costabrava-wandern.de\/wp-content\/uploads\/Von-links-nach-rechts-Hostal-Marina-Cadaqu\u00e9s-Hostal-Cristina-Hotel-La-Residencia-1024x467.jpg 1024w, https:\/\/www.costabrava-wandern.de\/wp-content\/uploads\/Von-links-nach-rechts-Hostal-Marina-Cadaqu\u00e9s-Hostal-Cristina-Hotel-La-Residencia-150x68.jpg 150w, https:\/\/www.costabrava-wandern.de\/wp-content\/uploads\/Von-links-nach-rechts-Hostal-Marina-Cadaqu\u00e9s-Hostal-Cristina-Hotel-La-Residencia-300x137.jpg 300w, https:\/\/www.costabrava-wandern.de\/wp-content\/uploads\/Von-links-nach-rechts-Hostal-Marina-Cadaqu\u00e9s-Hostal-Cristina-Hotel-La-Residencia.jpg 1200w\" sizes=\"(max-width: 720px) 100vw, 720px\" \/><\/a><div class=\"lsow-image-info\"><div class=\"lsow-entry-info\"><h3 class=\"lsow-post-title\"><a href=\"https:\/\/www.costabrava-wandern.de\/es\/etappe-2-uebernachtung-in-cadaques\/\" title=\"Etapa 2: Pernoctaci\u00f3n en Cadaqu\u00e9s\" target=\"_self\" rel=\"bookmark\">Etapa 2: Pernoctaci\u00f3n en Cadaqu\u00e9s<\/a><\/h3><\/div><\/div><!-- .lsow-image-info --><\/div><\/article><!-- .hentry --><\/div><div data-id=\"id-38\" class=\"lsow-grid-item lsow-portfolio-item  term-4\"><article id=\"post-38\" class=\"post-38 post type-post status-publish format-standard has-post-thumbnail hentry category-gr-92-unterkuenfte post-with-thumbnail post-with-thumbnail-large\"><div class=\"lsow-project-image\"><a href=\"https:\/\/www.costabrava-wandern.de\/es\/etappe-1-uebernachtung-llanca\/\" target=\"_self\"><img decoding=\"async\" width=\"720\" height=\"272\" src=\"https:\/\/www.costabrava-wandern.de\/wp-content\/uploads\/Hotel-Grifeu-in-Llanca-tolle-Terrasse-mit-Blick-auf-das-Meer-1024x387.jpg\" class=\"lsow-image skip-lazy no-lazyload exclude-me a3-notlazy wp-post-image\" alt=\"\" data-no-lazy=\"1\" loading=\"eager\" srcset=\"https:\/\/www.costabrava-wandern.de\/wp-content\/uploads\/Hotel-Grifeu-in-Llanca-tolle-Terrasse-mit-Blick-auf-das-Meer-1024x387.jpg 1024w, https:\/\/www.costabrava-wandern.de\/wp-content\/uploads\/Hotel-Grifeu-in-Llanca-tolle-Terrasse-mit-Blick-auf-das-Meer-150x57.jpg 150w, https:\/\/www.costabrava-wandern.de\/wp-content\/uploads\/Hotel-Grifeu-in-Llanca-tolle-Terrasse-mit-Blick-auf-das-Meer-300x113.jpg 300w, https:\/\/www.costabrava-wandern.de\/wp-content\/uploads\/Hotel-Grifeu-in-Llanca-tolle-Terrasse-mit-Blick-auf-das-Meer.jpg 1200w\" sizes=\"(max-width: 720px) 100vw, 720px\" \/><\/a><div class=\"lsow-image-info\"><div class=\"lsow-entry-info\"><h3 class=\"lsow-post-title\"><a href=\"https:\/\/www.costabrava-wandern.de\/es\/etappe-1-uebernachtung-llanca\/\" title=\"Etapa 1: Pernoctaci\u00f3n en Llan\u00e7a\" target=\"_self\" rel=\"bookmark\">Etapa 1: Pernoctaci\u00f3n en Llan\u00e7a<\/a><\/h3><\/div><\/div><!-- .lsow-image-info --><\/div><\/article><!-- .hentry --><\/div><div data-id=\"id-100\" class=\"lsow-grid-item lsow-portfolio-item  term-4\"><article id=\"post-100\" class=\"post-100 post type-post status-publish format-standard has-post-thumbnail hentry category-gr-92-unterkuenfte post-with-thumbnail post-with-thumbnail-large\"><div class=\"lsow-project-image\"><a href=\"https:\/\/www.costabrava-wandern.de\/es\/etappe-7-uebernachtung-palamos\/\" target=\"_self\"><img decoding=\"async\" width=\"720\" height=\"288\" src=\"https:\/\/www.costabrava-wandern.de\/wp-content\/uploads\/Hotel-Sant-Joan-in-Palamos-Pool-und-gr\u00fcner-Garten-in-der-Abendsonne-1024x410.jpg\" class=\"lsow-image skip-lazy no-lazyload exclude-me a3-notlazy wp-post-image\" alt=\"\" data-no-lazy=\"1\" loading=\"eager\" srcset=\"\" sizes=\"(max-width: 720px) 100vw, 720px\" data-srcset=\"\" \/><\/a><div class=\"lsow-image-info\"><div class=\"lsow-entry-info\"><h3 class=\"lsow-post-title\"><a href=\"https:\/\/www.costabrava-wandern.de\/es\/etappe-7-uebernachtung-palamos\/\" title=\"Etapa 7: Pernoctaci\u00f3n en Palam\u00f3s\" target=\"_self\" rel=\"bookmark\">Etapa 7: Pernoctaci\u00f3n en Palam\u00f3s<\/a><\/h3><\/div><\/div><!-- .lsow-image-info --><\/div><\/article><!-- .hentry --><\/div><div data-id=\"id-98\" class=\"lsow-grid-item lsow-portfolio-item  term-4\"><article id=\"post-98\" class=\"post-98 post type-post status-publish format-standard has-post-thumbnail hentry category-gr-92-unterkuenfte post-with-thumbnail post-with-thumbnail-large\"><div class=\"lsow-project-image\"><a href=\"https:\/\/www.costabrava-wandern.de\/es\/etappe-8-uebernachtung-in-sant-pol-s-agaro-und-sant-feliu-de-guixols\/\" target=\"_self\"><img decoding=\"async\" width=\"720\" height=\"540\" src=\"https:\/\/www.costabrava-wandern.de\/wp-content\/uploads\/Hotel-Van-der-Valk-Barcarola-in-SAgaro-Pool-und-Bar-Bereich-1024x768.jpg\" class=\"lsow-image skip-lazy no-lazyload exclude-me a3-notlazy wp-post-image\" alt=\"\" data-no-lazy=\"1\" loading=\"eager\" srcset=\"https:\/\/www.costabrava-wandern.de\/wp-content\/uploads\/Hotel-Van-der-Valk-Barcarola-in-SAgaro-Pool-und-Bar-Bereich-1024x768.jpg 1024w, https:\/\/www.costabrava-wandern.de\/wp-content\/uploads\/Hotel-Van-der-Valk-Barcarola-in-SAgaro-Pool-und-Bar-Bereich-150x113.jpg 150w, https:\/\/www.costabrava-wandern.de\/wp-content\/uploads\/Hotel-Van-der-Valk-Barcarola-in-SAgaro-Pool-und-Bar-Bereich-300x225.jpg 300w, https:\/\/www.costabrava-wandern.de\/wp-content\/uploads\/Hotel-Van-der-Valk-Barcarola-in-SAgaro-Pool-und-Bar-Bereich.jpg 1200w\" sizes=\"(max-width: 720px) 100vw, 720px\" \/><\/a><div class=\"lsow-image-info\"><div class=\"lsow-entry-info\"><h3 class=\"lsow-post-title\"><a href=\"https:\/\/www.costabrava-wandern.de\/es\/etappe-8-uebernachtung-in-sant-pol-s-agaro-und-sant-feliu-de-guixols\/\" title=\"Etapa 8: Pernoctaci\u00f3n en Sant Pol (S&#039;Agar\u00f3) y Sant Feliu de Gu\u00edxols\" target=\"_self\" rel=\"bookmark\">Etapa 8: Pernoctaci\u00f3n en Sant Pol (S'Agar\u00f3) y Sant Feliu de Gu\u00edxols<\/a><\/h3><\/div><\/div><!-- .lsow-image-info --><\/div><\/article><!-- .hentry --><\/div><div data-id=\"id-96\" class=\"lsow-grid-item lsow-portfolio-item  term-4\"><article id=\"post-96\" class=\"post-96 post type-post status-publish format-standard has-post-thumbnail hentry category-gr-92-unterkuenfte post-with-thumbnail post-with-thumbnail-large\"><div class=\"lsow-project-image\"><a href=\"https:\/\/www.costabrava-wandern.de\/es\/etappe-9-uebernachtung-tossa-de-mar\/\" target=\"_self\"><img decoding=\"async\" width=\"720\" height=\"391\" src=\"https:\/\/www.costabrava-wandern.de\/wp-content\/uploads\/Hotel-Windsor-g\u00fcnstig-und-gut-zentral-und-mit-Pool-1024x556.jpg\" class=\"lsow-image skip-lazy no-lazyload exclude-me a3-notlazy wp-post-image\" alt=\"\" data-no-lazy=\"1\" loading=\"eager\" srcset=\"https:\/\/www.costabrava-wandern.de\/wp-content\/uploads\/Hotel-Windsor-g\u00fcnstig-und-gut-zentral-und-mit-Pool-1024x556.jpg 1024w, https:\/\/www.costabrava-wandern.de\/wp-content\/uploads\/Hotel-Windsor-g\u00fcnstig-und-gut-zentral-und-mit-Pool-150x81.jpg 150w, https:\/\/www.costabrava-wandern.de\/wp-content\/uploads\/Hotel-Windsor-g\u00fcnstig-und-gut-zentral-und-mit-Pool-300x163.jpg 300w, https:\/\/www.costabrava-wandern.de\/wp-content\/uploads\/Hotel-Windsor-g\u00fcnstig-und-gut-zentral-und-mit-Pool.jpg 1200w\" sizes=\"(max-width: 720px) 100vw, 720px\" \/><\/a><div class=\"lsow-image-info\"><div class=\"lsow-entry-info\"><h3 class=\"lsow-post-title\"><a href=\"https:\/\/www.costabrava-wandern.de\/es\/etappe-9-uebernachtung-tossa-de-mar\/\" title=\"Etapa 9: Pernoctaci\u00f3n en Tossa de Mar\" target=\"_self\" rel=\"bookmark\">Etapa 9: Pernoctaci\u00f3n en Tossa de Mar<\/a><\/h3><\/div><\/div><!-- .lsow-image-info --><\/div><\/article><!-- .hentry --><\/div><div data-id=\"id-102\" class=\"lsow-grid-item lsow-portfolio-item  term-4\"><article id=\"post-102\" class=\"post-102 post type-post status-publish format-standard has-post-thumbnail hentry category-gr-92-unterkuenfte post-with-thumbnail post-with-thumbnail-large\"><div class=\"lsow-project-image\"><a href=\"https:\/\/www.costabrava-wandern.de\/es\/etappe-6-uebernachtung-in-begur\/\" target=\"_self\"><img decoding=\"async\" width=\"720\" height=\"223\" src=\"https:\/\/www.costabrava-wandern.de\/wp-content\/uploads\/Hotel-Cluc-in-Begur-Ausblick-von-der-s\u00fcdlichen-Terrasse-1024x317.jpg\" class=\"lsow-image skip-lazy no-lazyload exclude-me a3-notlazy wp-post-image\" alt=\"\" data-no-lazy=\"1\" loading=\"eager\" srcset=\"https:\/\/www.costabrava-wandern.de\/wp-content\/uploads\/Hotel-Cluc-in-Begur-Ausblick-von-der-s\u00fcdlichen-Terrasse-1024x317.jpg 1024w, https:\/\/www.costabrava-wandern.de\/wp-content\/uploads\/Hotel-Cluc-in-Begur-Ausblick-von-der-s\u00fcdlichen-Terrasse-150x47.jpg 150w, https:\/\/www.costabrava-wandern.de\/wp-content\/uploads\/Hotel-Cluc-in-Begur-Ausblick-von-der-s\u00fcdlichen-Terrasse-300x93.jpg 300w, https:\/\/www.costabrava-wandern.de\/wp-content\/uploads\/Hotel-Cluc-in-Begur-Ausblick-von-der-s\u00fcdlichen-Terrasse.jpg 1200w\" sizes=\"(max-width: 720px) 100vw, 720px\" \/><\/a><div class=\"lsow-image-info\"><div class=\"lsow-entry-info\"><h3 class=\"lsow-post-title\"><a href=\"https:\/\/www.costabrava-wandern.de\/es\/etappe-6-uebernachtung-in-begur\/\" title=\"Etapa 6: Pasar la noche en Begur\" target=\"_self\" rel=\"bookmark\">Etapa 6: Pasar la noche en Begur<\/a><\/h3><\/div><\/div><!-- .lsow-image-info --><\/div><\/article><!-- .hentry --><\/div><div data-id=\"id-104\" class=\"lsow-grid-item lsow-portfolio-item  term-4\"><article id=\"post-104\" class=\"post-104 post type-post status-publish format-standard has-post-thumbnail hentry category-gr-92-unterkuenfte post-with-thumbnail post-with-thumbnail-large\"><div class=\"lsow-project-image\"><a href=\"https:\/\/www.costabrava-wandern.de\/es\/etappe-5-uebernachtung-in-torroella-de-montgri\/\" target=\"_self\"><img decoding=\"async\" width=\"720\" height=\"374\" src=\"https:\/\/www.costabrava-wandern.de\/wp-content\/uploads\/Hotel-Palau-Lo-Mirador-en-Torroella-de-Montgr\u00ed-Park-1024x532.jpg\" class=\"lsow-image skip-lazy no-lazyload exclude-me a3-notlazy wp-post-image\" alt=\"\" data-no-lazy=\"1\" loading=\"eager\" srcset=\"\" sizes=\"(max-width: 720px) 100vw, 720px\" data-srcset=\"\" \/><\/a><div class=\"lsow-image-info\"><div class=\"lsow-entry-info\"><h3 class=\"lsow-post-title\"><a href=\"https:\/\/www.costabrava-wandern.de\/es\/etappe-5-uebernachtung-in-torroella-de-montgri\/\" title=\"Etapa 5: Pernoctaci\u00f3n en Torroella de Montgr\u00ed\" target=\"_self\" rel=\"bookmark\">Etapa 5: Pernoctaci\u00f3n en Torroella de Montgr\u00ed<\/a><\/h3><\/div><\/div><!-- .lsow-image-info --><\/div><\/article><!-- .hentry --><\/div><div data-id=\"id-1222\" class=\"lsow-grid-item lsow-portfolio-item  term-4\"><article id=\"post-1222\" class=\"post-1222 post type-post status-publish format-standard has-post-thumbnail hentry category-gr-92-unterkuenfte post-with-thumbnail post-with-thumbnail-large\"><div class=\"lsow-project-image\"><a href=\"https:\/\/www.costabrava-wandern.de\/es\/anreise-unterkunft-in-barcelona\/\" target=\"_self\"><img decoding=\"async\" width=\"720\" height=\"391\" src=\"https:\/\/www.costabrava-wandern.de\/wp-content\/uploads\/Ecozentric-\u00d6ko-Pension-in-Barcelona-zentral-und-gepflegt-1024x556.jpg\" class=\"lsow-image skip-lazy no-lazyload exclude-me a3-notlazy wp-post-image\" alt=\"\" data-no-lazy=\"1\" loading=\"eager\" srcset=\"https:\/\/www.costabrava-wandern.de\/wp-content\/uploads\/Ecozentric-\u00d6ko-Pension-in-Barcelona-zentral-und-gepflegt-1024x556.jpg 1024w, https:\/\/www.costabrava-wandern.de\/wp-content\/uploads\/Ecozentric-\u00d6ko-Pension-in-Barcelona-zentral-und-gepflegt-150x81.jpg 150w, https:\/\/www.costabrava-wandern.de\/wp-content\/uploads\/Ecozentric-\u00d6ko-Pension-in-Barcelona-zentral-und-gepflegt-300x163.jpg 300w, https:\/\/www.costabrava-wandern.de\/wp-content\/uploads\/Ecozentric-\u00d6ko-Pension-in-Barcelona-zentral-und-gepflegt.jpg 1200w\" sizes=\"(max-width: 720px) 100vw, 720px\" \/><\/a><div class=\"lsow-image-info\"><div class=\"lsow-entry-info\"><h3 class=\"lsow-post-title\"><a href=\"https:\/\/www.costabrava-wandern.de\/es\/anreise-unterkunft-in-barcelona\/\" title=\"Llegada: Alojamiento en Barcelona\" target=\"_self\" rel=\"bookmark\">Llegada: Alojamiento en Barcelona<\/a><\/h3><\/div><\/div><!-- .lsow-image-info --><\/div><\/article><!-- .hentry --><\/div><\/div><!-- .lsow-portfolio --><\/div><!-- .lsow-portfolio-wrap --><\/div><\/div><div id=\"panel-275-2-0-1\" class=\"so-panel widget widget_sow-editor panel-last-child\" data-index=\"4\" ><div\n\t\t\t\n\t\t\tclass=\"so-widget-sow-editor so-widget-sow-editor-base\"\n\t\t\t\n\t\t><h3 class=\"widget-title\">Vista del mapa del alojamiento<\/h3>\n<div class=\"siteorigin-widget-tinymce textwidget\">\n\t<div id=\"travelersmap-container-69f70960c7d50\" class=\"travelersmap-container\" style=\"z-index: 1; min-height: 10px; min-width:10px; height:500px;width:100%; max-width:; max-height:; position:relative;\">\n<div style=\"position:absolute; z-index:-1;top: 50%;text-align: center;display: block;left: 50%;transform: translate(-50%,-50%);\">El Mapa del Viajero est\u00e1 cargando...<br \/>Si ves esto despu\u00e9s de que tu p\u00e1gina se haya cargado completamente, faltan los archivos leafletJS.<\/div>\n<\/div>\n<\/div>\n<\/div><\/div><\/div><\/div><\/div>","protected":false},"excerpt":{"rendered":"<p>Das Etappen-Wandern an der Costa Brava besticht zwar vor allem durch die tolle Landschaft, den st\u00e4ndigen Blick auf das blaue Meer, die (Bade-)Pausen in malerischen Buchten und die M\u00f6glichkeit zur Einkehr in pittoresken Ortskernen. Aber wer tr\u00e4umt am Ende eines anstrengenden Wandertages nicht von einer hei\u00dfen Dusche und einem frisch gemachten Bett? Auch in dieser [&hellip;]<\/p>\n","protected":false},"author":1,"featured_media":0,"comment_status":"closed","ping_status":"open","sticky":false,"template":"","format":"standard","meta":{"footnotes":""},"categories":[4],"tags":[],"class_list":["post-275","post","type-post","status-publish","format-standard","hentry","category-gr-92-unterkuenfte"],"_links":{"self":[{"href":"https:\/\/www.costabrava-wandern.de\/es\/wp-json\/wp\/v2\/posts\/275","targetHints":{"allow":["GET"]}}],"collection":[{"href":"https:\/\/www.costabrava-wandern.de\/es\/wp-json\/wp\/v2\/posts"}],"about":[{"href":"https:\/\/www.costabrava-wandern.de\/es\/wp-json\/wp\/v2\/types\/post"}],"author":[{"embeddable":true,"href":"https:\/\/www.costabrava-wandern.de\/es\/wp-json\/wp\/v2\/users\/1"}],"replies":[{"embeddable":true,"href":"https:\/\/www.costabrava-wandern.de\/es\/wp-json\/wp\/v2\/comments?post=275"}],"version-history":[{"count":5,"href":"https:\/\/www.costabrava-wandern.de\/es\/wp-json\/wp\/v2\/posts\/275\/revisions"}],"predecessor-version":[{"id":31558,"href":"https:\/\/www.costabrava-wandern.de\/es\/wp-json\/wp\/v2\/posts\/275\/revisions\/31558"}],"wp:attachment":[{"href":"https:\/\/www.costabrava-wandern.de\/es\/wp-json\/wp\/v2\/media?parent=275"}],"wp:term":[{"taxonomy":"category","embeddable":true,"href":"https:\/\/www.costabrava-wandern.de\/es\/wp-json\/wp\/v2\/categories?post=275"},{"taxonomy":"post_tag","embeddable":true,"href":"https:\/\/www.costabrava-wandern.de\/es\/wp-json\/wp\/v2\/tags?post=275"}],"curies":[{"name":"wp","href":"https:\/\/api.w.org\/{rel}","templated":true}]}}