{"id":35,"date":"2016-02-18T07:12:01","date_gmt":"2016-02-18T07:12:01","guid":{"rendered":"https:\/\/www.costabrava-wandern.de\/?p=35"},"modified":"2023-06-21T18:11:20","modified_gmt":"2023-06-21T16:11:20","slug":"llegada-a-la-costa-brava","status":"publish","type":"post","link":"https:\/\/www.costabrava-wandern.de\/es\/anreise-an-die-costa-brava\/","title":{"rendered":"Llegada a la Costa Brava"},"content":{"rendered":"<div id=\"pl-35\"  class=\"panel-layout\" ><div id=\"pg-35-0\"  class=\"panel-grid panel-no-style\" ><div id=\"pgc-35-0-0\"  class=\"panel-grid-cell\" ><div id=\"panel-35-0-0-0\" class=\"so-panel widget widget_text panel-first-child panel-last-child\" data-index=\"0\" ><h3 class=\"widget-title\">Aeropuertos<\/h3>\t\t\t<div class=\"textwidget\"><p>Los que llegan en avi\u00f3n para hacer el GR 92 pueden elegir, seg\u00fan su punto de partida, entre volar a Barcelona (al sur del GR 92) o al aeropuerto m\u00e1s peque\u00f1o de Girona (en el interior del GR 92). Sin embargo, en la actualidad, a Girona s\u00f3lo llega RyanAir desde Alemania (<a href=\"https:\/\/www.costabrava-wandern.de\/es\/aeropuerto-de-girona-conexion-con-transporte-publico\/\">Informaci\u00f3n sobre las conexiones de transporte p\u00fablico con el aeropuerto de Girona<\/a>).<br \/>\nAs\u00ed que, si de todos modos viajas por Barcelona, la excursi\u00f3n costera por el GR 92 puede combinarse con un posterior viaje urbano a una de las ciudades m\u00e1s interesantes de Europa.<\/p>\n<\/div>\n\t\t<\/div><\/div><\/div><div id=\"pg-35-1\"  class=\"panel-grid panel-no-style\" ><div id=\"pgc-35-1-0\"  class=\"panel-grid-cell\" ><div id=\"panel-35-1-0-0\" class=\"so-panel widget widget_sow-editor panel-first-child panel-last-child\" data-index=\"1\" ><div\n\t\t\t\n\t\t\tclass=\"so-widget-sow-editor so-widget-sow-editor-base\"\n\t\t\t\n\t\t><h3 class=\"widget-title\">Del aeropuerto de Barcelona al centro de la ciudad<\/h3>\n<div class=\"siteorigin-widget-tinymce textwidget\">\n\t<p>Si llegas por el aeropuerto de Barcelona y quieres ir directamente al punto de partida del GR 92 en Portbou, debes ir primero al centro de la ciudad para llegar a una de las estaciones de tren. La mejor manera de hacerlo es con la lanzadera del aeropuerto \"Aerobus\", que da servicio a las dos terminales del aeropuerto (l\u00ednea A1 a la Terminal 1, l\u00ednea A2 a la Terminal 2, enlace: <a href=\"https:\/\/aerobusbarcelona.es\/\" target=\"_blank\" rel=\"noopener\">aerobusbarcelona.es<\/a>). Para cambiar de tren hacia Portbou, lo ideal es tomar el Aerob\u00fas hasta el final de la l\u00ednea en la Plaza de Catalu\u00f1a (<a href=\"https:\/\/goo.gl\/maps\/2qNCmbYzU5y\" target=\"_blank\" rel=\"noopener\">ver ubicaci\u00f3n en Google-Maps<\/a>). Desde all\u00ed s\u00f3lo hay unos cientos de metros hasta la estaci\u00f3n de metro Passeig de Gracia (<a href=\"https:\/\/www.google.de\/maps\/dir\/Barcelona-Passeig+de+Gr%C3%A0cia\/41.387681,2.1706558\/@41.3899255,2.1655918,17z\/data=!3m1!4b1!4m9!4m8!1m5!1m1!1s0x12a4a2ed35b844dd:0x59085f5b8dcd26e!2m2!1d2.1650446!2d41.3922472!1m0!3e2\" target=\"_blank\" rel=\"noopener\">ver ubicaci\u00f3n en Google-Maps<\/a>). Las taquillas de equipaje de \"LockerBarcelona\" tambi\u00e9n se encuentran all\u00ed cerca (<a href=\"http:\/\/www.lockerbarcelona.com\/\" target=\"_blank\" rel=\"noopener\">www.lockerbarcelona.com<\/a>).<\/p>\n<p>Dependiendo del tiempo de vuelo, puede tener sentido planificar una escala nocturna en Barcelona (ver tambi\u00e9n <a href=\"https:\/\/www.costabrava-wandern.de\/es\/llegada-alojamiento-en-barcelona\/\">Llegada: Alojamiento en Barcelona<\/a>). Como la primera etapa del GR 92 de Portbou a Llan\u00e7\u00e0 es s\u00f3lo una caminata de medio d\u00eda, nada te impide tomar el tren hasta la frontera francesa al d\u00eda siguiente.<\/p>\n<\/div>\n<\/div><\/div><\/div><div id=\"pgc-35-1-1\"  class=\"panel-grid-cell\" ><div id=\"panel-35-1-1-0\" class=\"so-panel widget widget_sow-image panel-first-child panel-last-child\" data-index=\"2\" ><div\n\t\t\t\n\t\t\tclass=\"so-widget-sow-image so-widget-sow-image-default-8b5b6f678277-35\"\n\t\t\t\n\t\t>\n<div class=\"sow-image-container\">\n\t\t\t<a href=\"https:\/\/www.costabrava-wandern.de\/wp-content\/uploads\/mit-dem-Flughafenbus-in-die-Innenstadt-BCN-Bus-Transfer.jpg\">\n\t\t\t<img \n\tsrc=\"https:\/\/www.costabrava-wandern.de\/wp-content\/uploads\/mit-dem-Flughafenbus-in-die-Innenstadt-BCN-Bus-Transfer.jpg\" width=\"1200\" height=\"458\" srcset=\"https:\/\/www.costabrava-wandern.de\/wp-content\/uploads\/mit-dem-Flughafenbus-in-die-Innenstadt-BCN-Bus-Transfer.jpg 1200w, https:\/\/www.costabrava-wandern.de\/wp-content\/uploads\/mit-dem-Flughafenbus-in-die-Innenstadt-BCN-Bus-Transfer-150x57.jpg 150w, https:\/\/www.costabrava-wandern.de\/wp-content\/uploads\/mit-dem-Flughafenbus-in-die-Innenstadt-BCN-Bus-Transfer-300x115.jpg 300w, https:\/\/www.costabrava-wandern.de\/wp-content\/uploads\/mit-dem-Flughafenbus-in-die-Innenstadt-BCN-Bus-Transfer-1024x391.jpg 1024w\" sizes=\"(max-width: 1200px) 100vw, 1200px\" title=\"El Aerob\u00fas es la conexi\u00f3n m\u00e1s r\u00e1pida desde el aeropuerto de BCN al centro de la ciudad y viceversa.\" alt=\"\" \t\tclass=\"so-widget-image\"\/>\n\t\t\t<\/a><\/div>\n\n<h3 class=\"widget-title\">El Aerob\u00fas es la conexi\u00f3n m\u00e1s r\u00e1pida desde el aeropuerto de BCN al centro de la ciudad y viceversa.<\/h3><\/div><\/div><\/div><\/div><div id=\"pg-35-2\"  class=\"panel-grid panel-no-style\" ><div id=\"pgc-35-2-0\"  class=\"panel-grid-cell\" ><div id=\"panel-35-2-0-0\" class=\"so-panel widget widget_sow-image panel-first-child panel-last-child\" data-index=\"3\" ><div\n\t\t\t\n\t\t\tclass=\"so-widget-sow-image so-widget-sow-image-default-8b5b6f678277-35\"\n\t\t\t\n\t\t>\n<div class=\"sow-image-container\">\n\t\t\t<a href=\"https:\/\/www.costabrava-wandern.de\/wp-content\/uploads\/sch\u00f6ne-Aussicht-bei-der-Zugfahrt-nach-Portbou.jpg\">\n\t\t\t<img \n\tsrc=\"https:\/\/www.costabrava-wandern.de\/wp-content\/uploads\/sch\u00f6ne-Aussicht-bei-der-Zugfahrt-nach-Portbou.jpg\" width=\"1200\" height=\"527\" srcset=\"https:\/\/www.costabrava-wandern.de\/wp-content\/uploads\/sch\u00f6ne-Aussicht-bei-der-Zugfahrt-nach-Portbou.jpg 1200w, https:\/\/www.costabrava-wandern.de\/wp-content\/uploads\/sch\u00f6ne-Aussicht-bei-der-Zugfahrt-nach-Portbou-150x66.jpg 150w, https:\/\/www.costabrava-wandern.de\/wp-content\/uploads\/sch\u00f6ne-Aussicht-bei-der-Zugfahrt-nach-Portbou-300x132.jpg 300w, https:\/\/www.costabrava-wandern.de\/wp-content\/uploads\/sch\u00f6ne-Aussicht-bei-der-Zugfahrt-nach-Portbou-1024x450.jpg 1024w\" sizes=\"(max-width: 1200px) 100vw, 1200px\" title=\"Hermosa vista en el viaje en tren a Portbou.\" alt=\"\" \t\tclass=\"so-widget-image\"\/>\n\t\t\t<\/a><\/div>\n\n<h3 class=\"widget-title\">Hermosa vista en el viaje en tren a Portbou.<\/h3><\/div><\/div><\/div><\/div><div id=\"pg-35-3\"  class=\"panel-grid panel-no-style\" ><div id=\"pgc-35-3-0\"  class=\"panel-grid-cell\" ><div id=\"panel-35-3-0-0\" class=\"so-panel widget widget_sow-editor panel-first-child\" data-index=\"4\" ><div\n\t\t\t\n\t\t\tclass=\"so-widget-sow-editor so-widget-sow-editor-base\"\n\t\t\t\n\t\t><h3 class=\"widget-title\">En tren hasta el punto de partida<\/h3>\n<div class=\"siteorigin-widget-tinymce textwidget\">\n\t<p>Los trenes regionales suelen circular cada dos horas entre Barcelona y Portbou (conexi\u00f3n directa sin transbordo, duraci\u00f3n del viaje aprox. 2:30 h). Adem\u00e1s de la estaci\u00f3n principal (estaci\u00f3n \"Barcelona Sants\"), estos trenes tambi\u00e9n hacen escala en la estaci\u00f3n \"Passeig de Gracia\", mucho m\u00e1s c\u00e9ntrica. Esta estaci\u00f3n de tren subterr\u00e1neo tambi\u00e9n est\u00e1 a s\u00f3lo unos cientos de metros de la terminal de los autobuses del aeropuerto.<\/p>\n<p>Atenci\u00f3n: la estaci\u00f3n de tren regional \"Passeig de Gracia\" (marcada con una R) no debe confundirse con la estaci\u00f3n de metro del mismo nombre (marcada con una M). La forma m\u00e1s segura de llegar al and\u00e9n de los trenes regionales sin perderse en el laberinto de tubos de conexi\u00f3n subterr\u00e1neos es el camino por encima de la tierra: La entrada a la estaci\u00f3n de trenes regionales \"Passeig de Gracia\" est\u00e1 directamente enfrente de la mundialmente famosa \"Casa Battl\u00f3\", una casa dise\u00f1ada por el arquitecto Gaud\u00ed - v\u00e9ase tambi\u00e9n esta vista de la <a href=\"https:\/\/www.google.de\/maps\/@41.3919103,2.1655088,3a,75y,278.66h,92.98t\/data=!3m6!1e1!3m4!1sNjo4YWa8xzLx254oXZiLfA!2e0!7i13312!8i6656\" target=\"_blank\" rel=\"noopener\">La estaci\u00f3n de Passeig de Gracia en Google Streetview<\/a>.<\/p>\n<p>Normalmente, el horario de los trenes tambi\u00e9n est\u00e1 disponible a trav\u00e9s de la p\u00e1gina del <a href=\"http:\/\/www.bahn.de\" target=\"_blank\" rel=\"noopener\">Ferrocarriles alemanes<\/a> (Entra: estaci\u00f3n de salida de Barcelona P.Gracia, estaci\u00f3n de destino Port Bou):<\/p>\n<\/div>\n<\/div><\/div><div id=\"panel-35-3-0-1\" class=\"so-panel widget widget_sow-image\" data-index=\"5\" ><div\n\t\t\t\n\t\t\tclass=\"so-widget-sow-image so-widget-sow-image-default-8b5b6f678277-35\"\n\t\t\t\n\t\t>\n<div class=\"sow-image-container\">\n\t\t\t<a href=\"https:\/\/www.costabrava-wandern.de\/wp-content\/uploads\/Fahrplan-Barcelona-nach-Portbou-bei-der-Deutschen-Bahn.jpg\">\n\t\t\t<img \n\tsrc=\"https:\/\/www.costabrava-wandern.de\/wp-content\/uploads\/Fahrplan-Barcelona-nach-Portbou-bei-der-Deutschen-Bahn.jpg\" width=\"1689\" height=\"620\" srcset=\"https:\/\/www.costabrava-wandern.de\/wp-content\/uploads\/Fahrplan-Barcelona-nach-Portbou-bei-der-Deutschen-Bahn.jpg 1689w, https:\/\/www.costabrava-wandern.de\/wp-content\/uploads\/Fahrplan-Barcelona-nach-Portbou-bei-der-Deutschen-Bahn-150x55.jpg 150w, https:\/\/www.costabrava-wandern.de\/wp-content\/uploads\/Fahrplan-Barcelona-nach-Portbou-bei-der-Deutschen-Bahn-300x110.jpg 300w, https:\/\/www.costabrava-wandern.de\/wp-content\/uploads\/Fahrplan-Barcelona-nach-Portbou-bei-der-Deutschen-Bahn-1024x376.jpg 1024w\" sizes=\"(max-width: 1689px) 100vw, 1689px\" title=\"Horario de Barcelona a Portbou por Deutsche Bahn\" alt=\"\" \t\tclass=\"so-widget-image\"\/>\n\t\t\t<\/a><\/div>\n\n<\/div><\/div><div id=\"panel-35-3-0-2\" class=\"so-panel widget widget_sow-editor\" data-index=\"6\" ><div\n\t\t\t\n\t\t\tclass=\"so-widget-sow-editor so-widget-sow-editor-base\"\n\t\t\t\n\t\t>\n<div class=\"siteorigin-widget-tinymce textwidget\">\n\t<p>Sin embargo, a veces ocurre que la Deutsche Bahn s\u00f3lo muestra las conexiones caras de larga distancia, que tambi\u00e9n suponen un desv\u00edo por Francia (cambiar de tren en Perpi\u00f1\u00e1n). A partir del 22.03.2019, lamentablemente se han omitido los trenes regionales mencionados. A partir del 26.04.2019, vuelven a aparecer. Si este problema se repite, debes consultar la p\u00e1gina del ferrocarril espa\u00f1ol en <a href=\"https:\/\/www.renfe.com\/es\/en\" target=\"_blank\" rel=\"noopener\">www.renfe.com<\/a> para obtener informaci\u00f3n sobre las conexiones ferroviarias actuales o, en su defecto, en la web de transportes locales de Catalu\u00f1a. <a href=\"https:\/\/mou-te.gencat.cat\/itinerary\" target=\"_blank\" rel=\"noopener\">https:\/\/mou-te.gencat.cat\/itinerary<\/a>\u00a0(cada uno de ellos tambi\u00e9n disponible en ingl\u00e9s).<\/p>\n<p>A continuaci\u00f3n se presenta un resumen ejemplar de las conexiones (horario al 22.03.2019, sin garant\u00eda). Los precios son a partir de 13,50 euros:<\/p>\n<\/div>\n<\/div><\/div><div id=\"panel-35-3-0-3\" class=\"so-panel widget widget_sow-image panel-last-child\" data-index=\"7\" ><div\n\t\t\t\n\t\t\tclass=\"so-widget-sow-image so-widget-sow-image-default-8b5b6f678277-35\"\n\t\t\t\n\t\t>\n<div class=\"sow-image-container\">\n\t\t\t<a href=\"https:\/\/www.costabrava-wandern.de\/wp-content\/uploads\/Zugverbindungen-2019-Barcelona-Portbou-800px.jpg\">\n\t\t\t<img \n\tsrc=\"https:\/\/www.costabrava-wandern.de\/wp-content\/uploads\/Zugverbindungen-2019-Barcelona-Portbou-800px.jpg\" width=\"800\" height=\"767\" srcset=\"https:\/\/www.costabrava-wandern.de\/wp-content\/uploads\/Zugverbindungen-2019-Barcelona-Portbou-800px.jpg 800w, https:\/\/www.costabrava-wandern.de\/wp-content\/uploads\/Zugverbindungen-2019-Barcelona-Portbou-800px-150x144.jpg 150w, https:\/\/www.costabrava-wandern.de\/wp-content\/uploads\/Zugverbindungen-2019-Barcelona-Portbou-800px-300x288.jpg 300w\" sizes=\"(max-width: 800px) 100vw, 800px\" title=\"Conexi\u00f3n de tren Barcelona - Portbou (Fuente: http:\/\/www.renfe.com\/viajeros\/)\" alt=\"\" \t\tclass=\"so-widget-image\"\/>\n\t\t\t<\/a><\/div>\n\n<h3 class=\"widget-title\">Conexi\u00f3n de tren Barcelona - Portbou (Fuente: http:\/\/www.renfe.com\/viajeros\/)<\/h3><\/div><\/div><\/div><div id=\"pgc-35-3-1\"  class=\"panel-grid-cell\" ><div id=\"panel-35-3-1-0\" class=\"so-panel widget widget_sow-image panel-first-child\" data-index=\"8\" ><div\n\t\t\t\n\t\t\tclass=\"so-widget-sow-image so-widget-sow-image-default-8b5b6f678277-35\"\n\t\t\t\n\t\t>\n<div class=\"sow-image-container\">\n\t\t\t<a href=\"https:\/\/www.costabrava-wandern.de\/wp-content\/uploads\/Rodalies-Nahverkehrz\u00fcge-in-Catalunya.jpg\">\n\t\t\t<img \n\tsrc=\"https:\/\/www.costabrava-wandern.de\/wp-content\/uploads\/Rodalies-Nahverkehrz\u00fcge-in-Catalunya.jpg\" width=\"800\" height=\"600\" srcset=\"https:\/\/www.costabrava-wandern.de\/wp-content\/uploads\/Rodalies-Nahverkehrz\u00fcge-in-Catalunya.jpg 800w, https:\/\/www.costabrava-wandern.de\/wp-content\/uploads\/Rodalies-Nahverkehrz\u00fcge-in-Catalunya-150x113.jpg 150w, https:\/\/www.costabrava-wandern.de\/wp-content\/uploads\/Rodalies-Nahverkehrz\u00fcge-in-Catalunya-300x225.jpg 300w\" sizes=\"(max-width: 800px) 100vw, 800px\" title=\"La R es el logotipo de los trenes de cercan\u00edas. \" alt=\"\" \t\tclass=\"so-widget-image\"\/>\n\t\t\t<\/a><\/div>\n\n<h3 class=\"widget-title\">La R es el logotipo de los trenes de cercan\u00edas. <\/h3><\/div><\/div><div id=\"panel-35-3-1-1\" class=\"so-panel widget widget_sow-image panel-last-child\" data-index=\"9\" ><div\n\t\t\t\n\t\t\tclass=\"so-widget-sow-image so-widget-sow-image-default-8b5b6f678277-35\"\n\t\t\t\n\t\t>\n<div class=\"sow-image-container\">\n\t\t\t<a href=\"https:\/\/www.costabrava-wandern.de\/wp-content\/uploads\/beispielhafte-Zugverbindung-Barcelona-Portbou-800px.jpg\">\n\t\t\t<img \n\tsrc=\"https:\/\/www.costabrava-wandern.de\/wp-content\/uploads\/beispielhafte-Zugverbindung-Barcelona-Portbou-800px.jpg\" width=\"577\" height=\"800\" srcset=\"https:\/\/www.costabrava-wandern.de\/wp-content\/uploads\/beispielhafte-Zugverbindung-Barcelona-Portbou-800px.jpg 577w, https:\/\/www.costabrava-wandern.de\/wp-content\/uploads\/beispielhafte-Zugverbindung-Barcelona-Portbou-800px-108x150.jpg 108w, https:\/\/www.costabrava-wandern.de\/wp-content\/uploads\/beispielhafte-Zugverbindung-Barcelona-Portbou-800px-216x300.jpg 216w\" sizes=\"(max-width: 577px) 100vw, 577px\" title=\"Una conexi\u00f3n t\u00edpica de tren regional con todas las paradas intermedias (fuente: http:\/\/www.renfe.com\/viajeros\/)\" alt=\"\" \t\tclass=\"so-widget-image\"\/>\n\t\t\t<\/a><\/div>\n\n<h3 class=\"widget-title\">Una conexi\u00f3n t\u00edpica de tren regional con todas las paradas intermedias (fuente: http:\/\/www.renfe.com\/viajeros\/)<\/h3><\/div><\/div><\/div><\/div><div id=\"pg-35-4\"  class=\"panel-grid panel-no-style\" ><div id=\"pgc-35-4-0\"  class=\"panel-grid-cell\" ><div id=\"panel-35-4-0-0\" class=\"so-panel widget widget_sow-editor panel-first-child panel-last-child\" data-index=\"10\" ><div\n\t\t\t\n\t\t\tclass=\"so-widget-sow-editor so-widget-sow-editor-base\"\n\t\t\t\n\t\t><h3 class=\"widget-title\">Conexiones de autob\u00fas de vuelta a Barcelona<\/h3>\n<div class=\"siteorigin-widget-tinymce textwidget\">\n\t<p><a name=\"bus-lloret\"><\/a><\/p>\n<p>Muy pocos lugares de la Costa Brava son accesibles en tren, por lo que hay una estaci\u00f3n de autobuses en casi todas las ciudades importantes, desde donde salen regularmente c\u00f3modos autobuses.<\/p>\n<ul>\n<li><strong>Posibilidad 1:<\/strong> Conexi\u00f3n directa en autob\u00fas sin cambio a Barcelona (dependiendo del punto de partida, a veces s\u00f3lo 1 \u00f3 2 veces al d\u00eda).<\/li>\n<li><strong>Posibilidad 2:<\/strong> Trasl\u00e1date a una de las estaciones de la ruta ferroviaria del viaje de ida - por regla general, transfi\u00e9rete al tren en\u00a0<em>Figueres<\/em> o <em>Girona<\/em>. Aqu\u00ed los autobuses circulan con mucha m\u00e1s frecuencia, a veces incluso hay un autob\u00fas cada 30 minutos.<\/li>\n<\/ul>\n<p>Nota: Los billetes de autob\u00fas deben comprarse con antelaci\u00f3n, los asientos del autob\u00fas est\u00e1n numerados y deben reservarse. El horario de los autobuses se puede encontrar en <a href=\"https:\/\/compras.moventis.es\/online\/\" target=\"_blank\" rel=\"noopener\">https:\/\/compras.moventis.es\/online\/<\/a>. Tambi\u00e9n se pueden comprar entradas en l\u00ednea. En Barcelona, la estaci\u00f3n de autobuses \"Estacio del Nord\" suele ser la primera parada, seguida del aeropuerto.<\/p>\n<p>Si la informaci\u00f3n de los horarios del operador de autobuses es demasiado complicada para ti, tambi\u00e9n puedes buscarla en Moovitapp.com y obtener all\u00ed una visi\u00f3n general (Enlace: <a href=\"https:\/\/moovitapp.com\/?from=Begur&amp;to=Barcelona,%20Estacio%20del%20Nord&amp;fll=41.952728_3.205969&amp;tll=41.394983_2.18327&amp;customerId=4908&amp;metroId=362&amp;lang=de&amp;ref=5&amp;t=1\" target=\"_blank\" rel=\"noopener\">Moovitapp.com<\/a>). Tambi\u00e9n se muestran las conexiones de transferencia del autob\u00fas al tren a trav\u00e9s de diferentes proveedores. Sin embargo, los billetes de autob\u00fas y de tren deben comprarse normalmente por separado para cada proveedor.<\/p>\n<p>Consejo: Si piensas subir al autob\u00fas en Lloret de Mar por la tarde al final de la etapa 10, \u00a1deber\u00edas comprar ya el billete de autob\u00fas para la tarde por la ma\u00f1ana en la estaci\u00f3n de autobuses de Tossa de Mar!<\/p>\n<\/div>\n<\/div><\/div><\/div><div id=\"pgc-35-4-1\"  class=\"panel-grid-cell\" ><div id=\"panel-35-4-1-0\" class=\"so-panel widget widget_sow-image panel-first-child panel-last-child\" data-index=\"11\" ><div\n\t\t\t\n\t\t\tclass=\"so-widget-sow-image so-widget-sow-image-default-8b5b6f678277-35\"\n\t\t\t\n\t\t>\n<div class=\"sow-image-container\">\n\t\t\t<a href=\"https:\/\/www.costabrava-wandern.de\/wp-content\/uploads\/GR-92-Etappe-10-Tossa-de-Mar-Lloret-de-Mar-Bild-11.jpg\">\n\t\t\t<img \n\tsrc=\"https:\/\/www.costabrava-wandern.de\/wp-content\/uploads\/GR-92-Etappe-10-Tossa-de-Mar-Lloret-de-Mar-Bild-11.jpg\" width=\"800\" height=\"800\" srcset=\"https:\/\/www.costabrava-wandern.de\/wp-content\/uploads\/GR-92-Etappe-10-Tossa-de-Mar-Lloret-de-Mar-Bild-11.jpg 800w, https:\/\/www.costabrava-wandern.de\/wp-content\/uploads\/GR-92-Etappe-10-Tossa-de-Mar-Lloret-de-Mar-Bild-11-150x150.jpg 150w, https:\/\/www.costabrava-wandern.de\/wp-content\/uploads\/GR-92-Etappe-10-Tossa-de-Mar-Lloret-de-Mar-Bild-11-300x300.jpg 300w\" sizes=\"(max-width: 800px) 100vw, 800px\" title=\"El autob\u00fas a Barcelona para frente a este hotel. Los billetes deben comprarse con antelaci\u00f3n.\" alt=\"\" \t\tclass=\"so-widget-image\"\/>\n\t\t\t<\/a><\/div>\n\n<h3 class=\"widget-title\">El autob\u00fas a Barcelona para frente a este hotel. Los billetes deben comprarse con antelaci\u00f3n.<\/h3><\/div><\/div><\/div><\/div><\/div>","protected":false},"excerpt":{"rendered":"<p>Wer mit dem Flugzeug anreist, um den GR 92 zu bewandern, hat je nach Abflugsort die Wahl, ob er nach Barcelona fliegt (s\u00fcdlich des GR 92) oder den kleineren Flughafen in Girona ansteuert (im Hinterland des GR 92). Derzeit wird Girona von Deutschland aus aber nur von RyanAir angesteuert (Infos zur Anbindung des Flughafen Girona [&hellip;]<\/p>\n","protected":false},"author":1,"featured_media":12524,"comment_status":"closed","ping_status":"open","sticky":false,"template":"","format":"standard","meta":{"footnotes":""},"categories":[5],"tags":[],"class_list":{"0":"post-35","1":"post","2":"type-post","3":"status-publish","4":"format-standard","5":"has-post-thumbnail","6":"hentry","7":"category-gr-92-anreise","9":"post-with-thumbnail","10":"post-with-thumbnail-large"},"_links":{"self":[{"href":"https:\/\/www.costabrava-wandern.de\/es\/wp-json\/wp\/v2\/posts\/35","targetHints":{"allow":["GET"]}}],"collection":[{"href":"https:\/\/www.costabrava-wandern.de\/es\/wp-json\/wp\/v2\/posts"}],"about":[{"href":"https:\/\/www.costabrava-wandern.de\/es\/wp-json\/wp\/v2\/types\/post"}],"author":[{"embeddable":true,"href":"https:\/\/www.costabrava-wandern.de\/es\/wp-json\/wp\/v2\/users\/1"}],"replies":[{"embeddable":true,"href":"https:\/\/www.costabrava-wandern.de\/es\/wp-json\/wp\/v2\/comments?post=35"}],"version-history":[{"count":14,"href":"https:\/\/www.costabrava-wandern.de\/es\/wp-json\/wp\/v2\/posts\/35\/revisions"}],"predecessor-version":[{"id":38629,"href":"https:\/\/www.costabrava-wandern.de\/es\/wp-json\/wp\/v2\/posts\/35\/revisions\/38629"}],"wp:featuredmedia":[{"embeddable":true,"href":"https:\/\/www.costabrava-wandern.de\/es\/wp-json\/wp\/v2\/media\/12524"}],"wp:attachment":[{"href":"https:\/\/www.costabrava-wandern.de\/es\/wp-json\/wp\/v2\/media?parent=35"}],"wp:term":[{"taxonomy":"category","embeddable":true,"href":"https:\/\/www.costabrava-wandern.de\/es\/wp-json\/wp\/v2\/categories?post=35"},{"taxonomy":"post_tag","embeddable":true,"href":"https:\/\/www.costabrava-wandern.de\/es\/wp-json\/wp\/v2\/tags?post=35"}],"curies":[{"name":"wp","href":"https:\/\/api.w.org\/{rel}","templated":true}]}}