{"id":100,"date":"2015-04-03T09:37:37","date_gmt":"2015-04-03T09:37:37","guid":{"rendered":"https:\/\/www.costabrava-wandern.de\/?p=100"},"modified":"2021-11-06T10:03:08","modified_gmt":"2021-11-06T09:03:08","slug":"etape-7-nuit-palamos","status":"publish","type":"post","link":"https:\/\/www.costabrava-wandern.de\/fr\/etappe-7-uebernachtung-palamos\/","title":{"rendered":"Tron\u00e7on 7 : nuit \u00e0 Palam\u00f3s"},"content":{"rendered":"<div id=\"pl-100\"  class=\"panel-layout\" ><div id=\"pg-100-0\"  class=\"panel-grid panel-no-style\" ><div id=\"pgc-100-0-0\"  class=\"panel-grid-cell\" ><div id=\"panel-100-0-0-0\" class=\"so-panel widget widget_sow-editor panel-first-child\" data-index=\"0\" ><div\n\t\t\t\n\t\t\tclass=\"so-widget-sow-editor so-widget-sow-editor-base\"\n\t\t\t\n\t\t>\n<div class=\"siteorigin-widget-tinymce textwidget\">\n\t<p><a class=\"booking-link\" href=\"http:\/\/www.booking.com\/hotel\/es\/sant-joan.html?aid=947820\" target=\"_blank\" rel=\"noopener\">L&#039;H\u00f4tel Sant Joan est situ\u00e9 un peu atypiquement pour Palam\u00f3s<\/a> : Il n&#039;est pas situ\u00e9 pr\u00e8s du front de mer mais est nich\u00e9 dans la partie haute de cette grande ville.<\/p>\n<p>L&#039;h\u00f4tel porte le nom du quartier dans lequel il se trouve. Sant Joan \u00e9tait autrefois une ville ind\u00e9pendante, visible depuis les rues \u00e9troites autour de l&#039;h\u00f4tel, qui ne correspondent pas vraiment au mod\u00e8le de la grande ville de Palam\u00f3s. Nous avons vraiment appr\u00e9ci\u00e9 l&#039;emplacement loin de l&#039;agitation touristique.<\/p>\n<p>L&#039;h\u00f4tel dispose d&#039;un ancien b\u00e2timent et d&#039;un nouveau b\u00e2timent, qui sont regroup\u00e9s autour d&#039;un magnifique jardin avec une piscine et beaucoup de soleil du soir. Le petit d\u00e9jeuner est excellent.<\/p>\n<\/div>\n<\/div><\/div><div id=\"panel-100-0-0-1\" class=\"so-panel widget widget_sow-image panel-last-child\" data-index=\"1\" ><div\n\t\t\t\n\t\t\tclass=\"so-widget-sow-image so-widget-sow-image-default-8b5b6f678277-100\"\n\t\t\t\n\t\t>\n<div class=\"sow-image-container\">\n\t\t\t<a href=\"https:\/\/www.costabrava-wandern.de\/wp-content\/uploads\/Hotel-Sant-Joan-in-Palamos-die-Zimmer-im-Altbau-sind-etwas-aus-der-Mode-aber-gepflegt-und-sauber.jpg\">\n\t\t\t<img \n\tsrc=\"https:\/\/www.costabrava-wandern.de\/wp-content\/uploads\/Hotel-Sant-Joan-in-Palamos-die-Zimmer-im-Altbau-sind-etwas-aus-der-Mode-aber-gepflegt-und-sauber.jpg\" width=\"1200\" height=\"900\" srcset=\"https:\/\/www.costabrava-wandern.de\/wp-content\/uploads\/Hotel-Sant-Joan-in-Palamos-die-Zimmer-im-Altbau-sind-etwas-aus-der-Mode-aber-gepflegt-und-sauber.jpg 1200w, https:\/\/www.costabrava-wandern.de\/wp-content\/uploads\/Hotel-Sant-Joan-in-Palamos-die-Zimmer-im-Altbau-sind-etwas-aus-der-Mode-aber-gepflegt-und-sauber-150x113.jpg 150w, https:\/\/www.costabrava-wandern.de\/wp-content\/uploads\/Hotel-Sant-Joan-in-Palamos-die-Zimmer-im-Altbau-sind-etwas-aus-der-Mode-aber-gepflegt-und-sauber-300x225.jpg 300w, https:\/\/www.costabrava-wandern.de\/wp-content\/uploads\/Hotel-Sant-Joan-in-Palamos-die-Zimmer-im-Altbau-sind-etwas-aus-der-Mode-aber-gepflegt-und-sauber-1024x768.jpg 1024w\" sizes=\"(max-width: 1200px) 100vw, 1200px\" title=\"H\u00f4tel Sant Joan \u00e0 Palamos : les chambres de l&#039;ancien b\u00e2timent sont un peu d\u00e9mod\u00e9es mais soign\u00e9es et propres.\" alt=\"\" \t\tclass=\"so-widget-image\"\/>\n\t\t\t<\/a><\/div>\n\n<h3 class=\"widget-title\">H\u00f4tel Sant Joan \u00e0 Palamos : les chambres de l&#039;ancien b\u00e2timent sont un peu d\u00e9mod\u00e9es mais soign\u00e9es et propres.<\/h3><\/div><\/div><\/div><div id=\"pgc-100-0-1\"  class=\"panel-grid-cell\" ><div id=\"panel-100-0-1-0\" class=\"so-panel widget widget_sow-image panel-first-child\" data-index=\"2\" ><div\n\t\t\t\n\t\t\tclass=\"so-widget-sow-image so-widget-sow-image-default-8b5b6f678277-100\"\n\t\t\t\n\t\t>\n<div class=\"sow-image-container\">\n\t\t\t<a href=\"https:\/\/www.costabrava-wandern.de\/wp-content\/uploads\/Hotel-Sant-Joan-in-Palamos-Altbau-und-Springbrunnen.jpg\">\n\t\t\t<img \n\tsrc=\"https:\/\/www.costabrava-wandern.de\/wp-content\/uploads\/Hotel-Sant-Joan-in-Palamos-Altbau-und-Springbrunnen.jpg\" width=\"1200\" height=\"900\" srcset=\"https:\/\/www.costabrava-wandern.de\/wp-content\/uploads\/Hotel-Sant-Joan-in-Palamos-Altbau-und-Springbrunnen.jpg 1200w, https:\/\/www.costabrava-wandern.de\/wp-content\/uploads\/Hotel-Sant-Joan-in-Palamos-Altbau-und-Springbrunnen-150x113.jpg 150w, https:\/\/www.costabrava-wandern.de\/wp-content\/uploads\/Hotel-Sant-Joan-in-Palamos-Altbau-und-Springbrunnen-300x225.jpg 300w, https:\/\/www.costabrava-wandern.de\/wp-content\/uploads\/Hotel-Sant-Joan-in-Palamos-Altbau-und-Springbrunnen-1024x768.jpg 1024w\" sizes=\"(max-width: 1200px) 100vw, 1200px\" title=\"H\u00f4tel Sant Joan \u00e0 Palamos : jardin soign\u00e9 sous le soleil du soir\" alt=\"\" \t\tclass=\"so-widget-image\"\/>\n\t\t\t<\/a><\/div>\n\n<h3 class=\"widget-title\">H\u00f4tel Sant Joan \u00e0 Palamos : jardin soign\u00e9 sous le soleil du soir<\/h3><\/div><\/div><div id=\"panel-100-0-1-1\" class=\"so-panel widget widget_sow-editor panel-last-child\" data-index=\"3\" ><div\n\t\t\t\n\t\t\tclass=\"so-widget-sow-editor so-widget-sow-editor-base\"\n\t\t\t\n\t\t><h3 class=\"widget-title\">Nuit \u00e0 Sant Antoni de Calogne (ville voisine de Palam\u00f3s)<\/h3>\n<div class=\"siteorigin-widget-tinymce textwidget\">\n\t<p><strong>Conseil de lecteur de Stefan\u00a0:<\/strong> On dit que le B&amp;B Marakasa \u00e0 Sant Antoni de Calogne est tr\u00e8s int\u00e9ressant. Sant Antoni de Calogne est le voisin direct de Palam\u00f3s, les deux lieux fusionnent de mani\u00e8re transparente. L&#039;\u00e9tape 7 est d&#039;environ 2 km plus longue si vous passez la nuit au Marakasa B&amp;B (Lien\u00a0: <a class=\"booking-link\" href=\"https:\/\/www.booking.com\/hotel\/es\/marakasa-b-amp-b-casa-de-poble.en.html?aid=947820\" target=\"_blank\" rel=\"noopener\">Marakasa B&amp;B<\/a>).<\/p>\n<\/div>\n<\/div><\/div><\/div><\/div><\/div>","protected":false},"excerpt":{"rendered":"<p>Das Hotel Sant Joan liegt etwas untypisch f\u00fcr Palam\u00f3s : Es ist nicht in der N\u00e4he der Strandpromenade zu finden sondern liegt etwas versteckt im oberen\u00a0Teil dieser gro\u00dfen Stadt. Das Hotel ist nach dem Stadtteil benannt, in dem es liegt.\u00a0Sant Joan war fr\u00fcher ein eigenst\u00e4ndiger Ort, diese l\u00e4sst sich an den engen Gassen\u00a0rund um das [&hellip;]<\/p>\n","protected":false},"author":1,"featured_media":1343,"comment_status":"closed","ping_status":"open","sticky":false,"template":"","format":"standard","meta":{"footnotes":""},"categories":[4],"tags":[],"class_list":{"0":"post-100","1":"post","2":"type-post","3":"status-publish","4":"format-standard","5":"has-post-thumbnail","6":"hentry","7":"category-gr-92-unterkuenfte","9":"post-with-thumbnail","10":"post-with-thumbnail-large"},"_links":{"self":[{"href":"https:\/\/www.costabrava-wandern.de\/fr\/wp-json\/wp\/v2\/posts\/100","targetHints":{"allow":["GET"]}}],"collection":[{"href":"https:\/\/www.costabrava-wandern.de\/fr\/wp-json\/wp\/v2\/posts"}],"about":[{"href":"https:\/\/www.costabrava-wandern.de\/fr\/wp-json\/wp\/v2\/types\/post"}],"author":[{"embeddable":true,"href":"https:\/\/www.costabrava-wandern.de\/fr\/wp-json\/wp\/v2\/users\/1"}],"replies":[{"embeddable":true,"href":"https:\/\/www.costabrava-wandern.de\/fr\/wp-json\/wp\/v2\/comments?post=100"}],"version-history":[{"count":5,"href":"https:\/\/www.costabrava-wandern.de\/fr\/wp-json\/wp\/v2\/posts\/100\/revisions"}],"predecessor-version":[{"id":31552,"href":"https:\/\/www.costabrava-wandern.de\/fr\/wp-json\/wp\/v2\/posts\/100\/revisions\/31552"}],"wp:featuredmedia":[{"embeddable":true,"href":"https:\/\/www.costabrava-wandern.de\/fr\/wp-json\/wp\/v2\/media\/1343"}],"wp:attachment":[{"href":"https:\/\/www.costabrava-wandern.de\/fr\/wp-json\/wp\/v2\/media?parent=100"}],"wp:term":[{"taxonomy":"category","embeddable":true,"href":"https:\/\/www.costabrava-wandern.de\/fr\/wp-json\/wp\/v2\/categories?post=100"},{"taxonomy":"post_tag","embeddable":true,"href":"https:\/\/www.costabrava-wandern.de\/fr\/wp-json\/wp\/v2\/tags?post=100"}],"curies":[{"name":"wp","href":"https:\/\/api.w.org\/{rel}","templated":true}]}}