{"id":100,"date":"2015-04-03T09:37:37","date_gmt":"2015-04-03T09:37:37","guid":{"rendered":"https:\/\/www.costabrava-wandern.de\/?p=100"},"modified":"2021-11-06T10:03:08","modified_gmt":"2021-11-06T09:03:08","slug":"stage-7-pernottamento-palamos","status":"publish","type":"post","link":"https:\/\/www.costabrava-wandern.de\/it\/etappe-7-uebernachtung-palamos\/","title":{"rendered":"Fase 7: Pernottamento a Palam\u00f3s"},"content":{"rendered":"<div id=\"pl-100\"  class=\"panel-layout\" ><div id=\"pg-100-0\"  class=\"panel-grid panel-no-style\" ><div id=\"pgc-100-0-0\"  class=\"panel-grid-cell\" ><div id=\"panel-100-0-0-0\" class=\"so-panel widget widget_sow-editor panel-first-child\" data-index=\"0\" ><div\n\t\t\t\n\t\t\tclass=\"so-widget-sow-editor so-widget-sow-editor-base\"\n\t\t\t\n\t\t>\n<div class=\"siteorigin-widget-tinymce textwidget\">\n\t<p><a class=\"booking-link\" href=\"http:\/\/www.booking.com\/hotel\/es\/sant-joan.html?aid=947820\" target=\"_blank\" rel=\"noopener\">L&#039;Hotel Sant Joan si trova in una posizione un po&#039; atipica per Palam\u00f3s<\/a> : Non si trova vicino al lungomare ma \u00e8 nascosto nella parte alta di questa grande citt\u00e0.<\/p>\n<p>L&#039;hotel prende il nome dal quartiere in cui si trova. Sant Joan era una citt\u00e0 indipendente, come si pu\u00f2 vedere dalle stradine intorno all&#039;hotel, che non si adattano perfettamente allo schema della grande citt\u00e0 di Palam\u00f3s. Abbiamo apprezzato molto la posizione lontano dal trambusto turistico.<\/p>\n<p>L&#039;hotel ha un edificio vecchio e uno nuovo, che sono raggruppati intorno a un bellissimo giardino con piscina e tanto sole serale. La colazione \u00e8 eccellente.<\/p>\n<\/div>\n<\/div><\/div><div id=\"panel-100-0-0-1\" class=\"so-panel widget widget_sow-image panel-last-child\" data-index=\"1\" ><div\n\t\t\t\n\t\t\tclass=\"so-widget-sow-image so-widget-sow-image-default-8b5b6f678277-100\"\n\t\t\t\n\t\t>\n<div class=\"sow-image-container\">\n\t\t\t<a href=\"https:\/\/www.costabrava-wandern.de\/wp-content\/uploads\/Hotel-Sant-Joan-in-Palamos-die-Zimmer-im-Altbau-sind-etwas-aus-der-Mode-aber-gepflegt-und-sauber.jpg\">\n\t\t\t<img \n\tsrc=\"https:\/\/www.costabrava-wandern.de\/wp-content\/uploads\/Hotel-Sant-Joan-in-Palamos-die-Zimmer-im-Altbau-sind-etwas-aus-der-Mode-aber-gepflegt-und-sauber.jpg\" width=\"1200\" height=\"900\" srcset=\"https:\/\/www.costabrava-wandern.de\/wp-content\/uploads\/Hotel-Sant-Joan-in-Palamos-die-Zimmer-im-Altbau-sind-etwas-aus-der-Mode-aber-gepflegt-und-sauber.jpg 1200w, https:\/\/www.costabrava-wandern.de\/wp-content\/uploads\/Hotel-Sant-Joan-in-Palamos-die-Zimmer-im-Altbau-sind-etwas-aus-der-Mode-aber-gepflegt-und-sauber-150x113.jpg 150w, https:\/\/www.costabrava-wandern.de\/wp-content\/uploads\/Hotel-Sant-Joan-in-Palamos-die-Zimmer-im-Altbau-sind-etwas-aus-der-Mode-aber-gepflegt-und-sauber-300x225.jpg 300w, https:\/\/www.costabrava-wandern.de\/wp-content\/uploads\/Hotel-Sant-Joan-in-Palamos-die-Zimmer-im-Altbau-sind-etwas-aus-der-Mode-aber-gepflegt-und-sauber-1024x768.jpg 1024w\" sizes=\"(max-width: 1200px) 100vw, 1200px\" title=\"Hotel Sant Joan a Palamos: le camere nel vecchio edificio sono un po&#039; fuori moda ma curate e pulite.\" alt=\"\" \t\tclass=\"so-widget-image\"\/>\n\t\t\t<\/a><\/div>\n\n<h3 class=\"widget-title\">Hotel Sant Joan a Palamos: le camere nel vecchio edificio sono un po&#039; fuori moda ma curate e pulite.<\/h3><\/div><\/div><\/div><div id=\"pgc-100-0-1\"  class=\"panel-grid-cell\" ><div id=\"panel-100-0-1-0\" class=\"so-panel widget widget_sow-image panel-first-child\" data-index=\"2\" ><div\n\t\t\t\n\t\t\tclass=\"so-widget-sow-image so-widget-sow-image-default-8b5b6f678277-100\"\n\t\t\t\n\t\t>\n<div class=\"sow-image-container\">\n\t\t\t<a href=\"https:\/\/www.costabrava-wandern.de\/wp-content\/uploads\/Hotel-Sant-Joan-in-Palamos-Altbau-und-Springbrunnen.jpg\">\n\t\t\t<img \n\tsrc=\"https:\/\/www.costabrava-wandern.de\/wp-content\/uploads\/Hotel-Sant-Joan-in-Palamos-Altbau-und-Springbrunnen.jpg\" width=\"1200\" height=\"900\" srcset=\"https:\/\/www.costabrava-wandern.de\/wp-content\/uploads\/Hotel-Sant-Joan-in-Palamos-Altbau-und-Springbrunnen.jpg 1200w, https:\/\/www.costabrava-wandern.de\/wp-content\/uploads\/Hotel-Sant-Joan-in-Palamos-Altbau-und-Springbrunnen-150x113.jpg 150w, https:\/\/www.costabrava-wandern.de\/wp-content\/uploads\/Hotel-Sant-Joan-in-Palamos-Altbau-und-Springbrunnen-300x225.jpg 300w, https:\/\/www.costabrava-wandern.de\/wp-content\/uploads\/Hotel-Sant-Joan-in-Palamos-Altbau-und-Springbrunnen-1024x768.jpg 1024w\" sizes=\"(max-width: 1200px) 100vw, 1200px\" title=\"Hotel Sant Joan a Palamos: giardino ben curato al sole della sera\" alt=\"\" \t\tclass=\"so-widget-image\"\/>\n\t\t\t<\/a><\/div>\n\n<h3 class=\"widget-title\">Hotel Sant Joan a Palamos: giardino ben curato al sole della sera<\/h3><\/div><\/div><div id=\"panel-100-0-1-1\" class=\"so-panel widget widget_sow-editor panel-last-child\" data-index=\"3\" ><div\n\t\t\t\n\t\t\tclass=\"so-widget-sow-editor so-widget-sow-editor-base\"\n\t\t\t\n\t\t><h3 class=\"widget-title\">Pernottamento a Sant Antoni de Calogne (citt\u00e0 vicina di Palam\u00f3s)<\/h3>\n<div class=\"siteorigin-widget-tinymce textwidget\">\n\t<p><strong>Suggerimento per i lettori di Stefan:<\/strong> Si dice che il Marakasa B&amp;B a Sant Antoni de Calogne valga la pena. Sant Antoni de Calogne \u00e8 il vicino diretto di Palam\u00f3s, i due luoghi si fondono senza soluzione di continuit\u00e0. La tappa 7 \u00e8 di circa 2 km in pi\u00f9 se pernotta al Marakasa B&amp;B (Link: <a class=\"booking-link\" href=\"https:\/\/www.booking.com\/hotel\/es\/marakasa-b-amp-b-casa-de-poble.en.html?aid=947820\" target=\"_blank\" rel=\"noopener\">B&amp;B Marakasa<\/a>).<\/p>\n<\/div>\n<\/div><\/div><\/div><\/div><\/div>","protected":false},"excerpt":{"rendered":"<p>Das Hotel Sant Joan liegt etwas untypisch f\u00fcr Palam\u00f3s : Es ist nicht in der N\u00e4he der Strandpromenade zu finden sondern liegt etwas versteckt im oberen\u00a0Teil dieser gro\u00dfen Stadt. Das Hotel ist nach dem Stadtteil benannt, in dem es liegt.\u00a0Sant Joan war fr\u00fcher ein eigenst\u00e4ndiger Ort, diese l\u00e4sst sich an den engen Gassen\u00a0rund um das [&hellip;]<\/p>\n","protected":false},"author":1,"featured_media":1343,"comment_status":"closed","ping_status":"open","sticky":false,"template":"","format":"standard","meta":{"footnotes":""},"categories":[4],"tags":[],"class_list":{"0":"post-100","1":"post","2":"type-post","3":"status-publish","4":"format-standard","5":"has-post-thumbnail","6":"hentry","7":"category-gr-92-unterkuenfte","9":"post-with-thumbnail","10":"post-with-thumbnail-large"},"_links":{"self":[{"href":"https:\/\/www.costabrava-wandern.de\/it\/wp-json\/wp\/v2\/posts\/100","targetHints":{"allow":["GET"]}}],"collection":[{"href":"https:\/\/www.costabrava-wandern.de\/it\/wp-json\/wp\/v2\/posts"}],"about":[{"href":"https:\/\/www.costabrava-wandern.de\/it\/wp-json\/wp\/v2\/types\/post"}],"author":[{"embeddable":true,"href":"https:\/\/www.costabrava-wandern.de\/it\/wp-json\/wp\/v2\/users\/1"}],"replies":[{"embeddable":true,"href":"https:\/\/www.costabrava-wandern.de\/it\/wp-json\/wp\/v2\/comments?post=100"}],"version-history":[{"count":5,"href":"https:\/\/www.costabrava-wandern.de\/it\/wp-json\/wp\/v2\/posts\/100\/revisions"}],"predecessor-version":[{"id":31552,"href":"https:\/\/www.costabrava-wandern.de\/it\/wp-json\/wp\/v2\/posts\/100\/revisions\/31552"}],"wp:featuredmedia":[{"embeddable":true,"href":"https:\/\/www.costabrava-wandern.de\/it\/wp-json\/wp\/v2\/media\/1343"}],"wp:attachment":[{"href":"https:\/\/www.costabrava-wandern.de\/it\/wp-json\/wp\/v2\/media?parent=100"}],"wp:term":[{"taxonomy":"category","embeddable":true,"href":"https:\/\/www.costabrava-wandern.de\/it\/wp-json\/wp\/v2\/categories?post=100"},{"taxonomy":"post_tag","embeddable":true,"href":"https:\/\/www.costabrava-wandern.de\/it\/wp-json\/wp\/v2\/tags?post=100"}],"curies":[{"name":"parola chiave","href":"https:\/\/api.w.org\/{rel}","templated":true}]}}