{"id":102,"date":"2015-05-03T09:38:41","date_gmt":"2015-05-03T09:38:41","guid":{"rendered":"https:\/\/www.costabrava-wandern.de\/?p=102"},"modified":"2021-11-06T10:01:17","modified_gmt":"2021-11-06T09:01:17","slug":"fase-6-pernottamento-a-begur","status":"publish","type":"post","link":"https:\/\/www.costabrava-wandern.de\/it\/etappe-6-uebernachtung-in-begur\/","title":{"rendered":"Fase 6: Pernottamento a Begur"},"content":{"rendered":"<div id=\"pl-102\"  class=\"panel-layout\" ><div id=\"pg-102-0\"  class=\"panel-grid panel-no-style\" ><div id=\"pgc-102-0-0\"  class=\"panel-grid-cell\" ><div id=\"panel-102-0-0-0\" class=\"so-panel widget widget_sow-editor panel-first-child panel-last-child\" data-index=\"0\" ><div\n\t\t\t\n\t\t\tclass=\"so-widget-sow-editor so-widget-sow-editor-base\"\n\t\t\t\n\t\t><h3 class=\"widget-title\">Boutique Hotel Cluc a Begur<\/h3>\n<div class=\"siteorigin-widget-tinymce textwidget\">\n\t<p><a class=\"booking-link\" href=\"http:\/\/www.booking.com\/hotel\/es\/cluc-begur.html?aid=947820\" target=\"_blank\" rel=\"noopener\">La nostra raccomandazione per un pernottamento con una colazione unica a Begur \u00e8 l&#039;Hotel Cluc<\/a>.<\/p>\n<p>Il nome dell&#039;hotel deriva dal termine catalano per &quot;strizzare l&#039;occhio&quot;. A nostro avviso, l&#039;hotel porta giustamente questo nome: l&#039;accoglienza \u00e8 stata molto calorosa! Il piccolo boutique hotel a conduzione privata offre belle camere, ampi saloni, un &quot;honesty bar&quot; gestito sulla base della fiducia e un&#039;ottima colazione nel cortile con tante marmellate e prelibatezze fatte in casa. Alcune camere hanno anche un balcone soleggiato con vista sul centro storico di Begur.<\/p>\n<p>Situato in posizione centrale nel centro storico e tuttavia tranquillo, l&#039;Hotel Cluc \u00e8 un&#039;oasi di pace perfetta dopo una faticosa giornata di escursioni e un buon punto di partenza per esplorare la citt\u00e0 vecchia e le rovine del castello di Begur.<\/p>\n<\/div>\n<\/div><\/div><\/div><div id=\"pgc-102-0-1\"  class=\"panel-grid-cell\" ><div id=\"panel-102-0-1-0\" class=\"so-panel widget widget_sow-image panel-first-child panel-last-child\" data-index=\"1\" ><div\n\t\t\t\n\t\t\tclass=\"so-widget-sow-image so-widget-sow-image-default-8b5b6f678277-102\"\n\t\t\t\n\t\t>\n<div class=\"sow-image-container\">\n\t\t\t<a href=\"https:\/\/www.costabrava-wandern.de\/wp-content\/uploads\/Hotel-Cluc-in-Begur-stilvolle-Zimmer-in-einer-ruhigen-Seitengasse-der-Altstadt.jpg\">\n\t\t\t<img \n\tsrc=\"https:\/\/www.costabrava-wandern.de\/wp-content\/uploads\/Hotel-Cluc-in-Begur-stilvolle-Zimmer-in-einer-ruhigen-Seitengasse-der-Altstadt.jpg\" width=\"800\" height=\"1067\" srcset=\"https:\/\/www.costabrava-wandern.de\/wp-content\/uploads\/Hotel-Cluc-in-Begur-stilvolle-Zimmer-in-einer-ruhigen-Seitengasse-der-Altstadt.jpg 800w, https:\/\/www.costabrava-wandern.de\/wp-content\/uploads\/Hotel-Cluc-in-Begur-stilvolle-Zimmer-in-einer-ruhigen-Seitengasse-der-Altstadt-112x150.jpg 112w, https:\/\/www.costabrava-wandern.de\/wp-content\/uploads\/Hotel-Cluc-in-Begur-stilvolle-Zimmer-in-einer-ruhigen-Seitengasse-der-Altstadt-225x300.jpg 225w, https:\/\/www.costabrava-wandern.de\/wp-content\/uploads\/Hotel-Cluc-in-Begur-stilvolle-Zimmer-in-einer-ruhigen-Seitengasse-der-Altstadt-768x1024.jpg 768w\" sizes=\"(max-width: 800px) 100vw, 800px\" title=\"Hotel Cluc a Begur - camere eleganti in una tranquilla strada laterale nel centro storico\" alt=\"\" \t\tclass=\"so-widget-image\"\/>\n\t\t\t<\/a><\/div>\n\n<h3 class=\"widget-title\">Hotel Cluc a Begur - camere eleganti in una tranquilla strada laterale nel centro storico<\/h3><\/div><\/div><\/div><div id=\"pgc-102-0-2\"  class=\"panel-grid-cell\" ><div id=\"panel-102-0-2-0\" class=\"so-panel widget widget_sow-image panel-first-child panel-last-child\" data-index=\"2\" ><div\n\t\t\t\n\t\t\tclass=\"so-widget-sow-image so-widget-sow-image-default-8b5b6f678277-102\"\n\t\t\t\n\t\t>\n<div class=\"sow-image-container\">\n\t\t\t<a href=\"https:\/\/www.costabrava-wandern.de\/wp-content\/uploads\/Hotel-Cluc-in-Begur-die-Bibliothek-l\u00e4dt-zum-Schm\u00f6kern-ein.jpg\">\n\t\t\t<img \n\tsrc=\"https:\/\/www.costabrava-wandern.de\/wp-content\/uploads\/Hotel-Cluc-in-Begur-die-Bibliothek-l\u00e4dt-zum-Schm\u00f6kern-ein.jpg\" width=\"800\" height=\"1067\" srcset=\"https:\/\/www.costabrava-wandern.de\/wp-content\/uploads\/Hotel-Cluc-in-Begur-die-Bibliothek-l\u00e4dt-zum-Schm\u00f6kern-ein.jpg 800w, https:\/\/www.costabrava-wandern.de\/wp-content\/uploads\/Hotel-Cluc-in-Begur-die-Bibliothek-l\u00e4dt-zum-Schm\u00f6kern-ein-112x150.jpg 112w, https:\/\/www.costabrava-wandern.de\/wp-content\/uploads\/Hotel-Cluc-in-Begur-die-Bibliothek-l\u00e4dt-zum-Schm\u00f6kern-ein-225x300.jpg 225w, https:\/\/www.costabrava-wandern.de\/wp-content\/uploads\/Hotel-Cluc-in-Begur-die-Bibliothek-l\u00e4dt-zum-Schm\u00f6kern-ein-768x1024.jpg 768w\" sizes=\"(max-width: 800px) 100vw, 800px\" title=\"Hotel Cluc a Begur - la biblioteca ti invita a navigare\" alt=\"\" \t\tclass=\"so-widget-image\"\/>\n\t\t\t<\/a><\/div>\n\n<h3 class=\"widget-title\">Hotel Cluc a Begur - la biblioteca ti invita a navigare<\/h3><\/div><\/div><\/div><\/div><\/div>","protected":false},"excerpt":{"rendered":"<p>Unsere Empfehlung f\u00fcr eine \u00dcbernachtung mit einzigartigem Fr\u00fchst\u00fcck in Begur ist das Hotel Cluc. Der Name des Hotels leitet sich vom Katalanischen Begriff f\u00fcr &#8222;Augenzwinkern&#8220;\u00a0ab. Wie wir finden tr\u00e4gt das Hotel diesen Namen zurecht: wir haben einen sehr herzlichen Empfang erlebt! Das kleine, privat gef\u00fchrte Boutique-Hotel bietet wundersch\u00f6ne Zimmer, gro\u00dfz\u00fcgige Aufenthaltsr\u00e4ume, eine auf Vertrauensbasis gef\u00fchrte [&hellip;]<\/p>\n","protected":false},"author":1,"featured_media":1208,"comment_status":"closed","ping_status":"open","sticky":false,"template":"","format":"standard","meta":{"footnotes":""},"categories":[4],"tags":[],"class_list":{"0":"post-102","1":"post","2":"type-post","3":"status-publish","4":"format-standard","5":"has-post-thumbnail","6":"hentry","7":"category-gr-92-unterkuenfte","9":"post-with-thumbnail","10":"post-with-thumbnail-large"},"_links":{"self":[{"href":"https:\/\/www.costabrava-wandern.de\/it\/wp-json\/wp\/v2\/posts\/102","targetHints":{"allow":["GET"]}}],"collection":[{"href":"https:\/\/www.costabrava-wandern.de\/it\/wp-json\/wp\/v2\/posts"}],"about":[{"href":"https:\/\/www.costabrava-wandern.de\/it\/wp-json\/wp\/v2\/types\/post"}],"author":[{"embeddable":true,"href":"https:\/\/www.costabrava-wandern.de\/it\/wp-json\/wp\/v2\/users\/1"}],"replies":[{"embeddable":true,"href":"https:\/\/www.costabrava-wandern.de\/it\/wp-json\/wp\/v2\/comments?post=102"}],"version-history":[{"count":7,"href":"https:\/\/www.costabrava-wandern.de\/it\/wp-json\/wp\/v2\/posts\/102\/revisions"}],"predecessor-version":[{"id":31549,"href":"https:\/\/www.costabrava-wandern.de\/it\/wp-json\/wp\/v2\/posts\/102\/revisions\/31549"}],"wp:featuredmedia":[{"embeddable":true,"href":"https:\/\/www.costabrava-wandern.de\/it\/wp-json\/wp\/v2\/media\/1208"}],"wp:attachment":[{"href":"https:\/\/www.costabrava-wandern.de\/it\/wp-json\/wp\/v2\/media?parent=102"}],"wp:term":[{"taxonomy":"category","embeddable":true,"href":"https:\/\/www.costabrava-wandern.de\/it\/wp-json\/wp\/v2\/categories?post=102"},{"taxonomy":"post_tag","embeddable":true,"href":"https:\/\/www.costabrava-wandern.de\/it\/wp-json\/wp\/v2\/tags?post=102"}],"curies":[{"name":"parola chiave","href":"https:\/\/api.w.org\/{rel}","templated":true}]}}