{"id":15408,"date":"2019-03-29T11:19:47","date_gmt":"2019-03-29T10:19:47","guid":{"rendered":"https:\/\/www.costabrava-wandern.de\/?p=15408"},"modified":"2019-03-29T11:32:03","modified_gmt":"2019-03-29T10:32:03","slug":"indagine-sul-trasporto-dei-bagagli","status":"publish","type":"post","link":"https:\/\/www.costabrava-wandern.de\/it\/umfrage-zum-gepaecktransport\/","title":{"rendered":"Indagine sul trasporto dei bagagli"},"content":{"rendered":"<div id=\"pl-15408\"  class=\"panel-layout\" ><div id=\"pg-15408-0\"  class=\"panel-grid panel-no-style\" ><div id=\"pgc-15408-0-0\"  class=\"panel-grid-cell\" ><div id=\"panel-15408-0-0-0\" class=\"so-panel widget widget_sow-editor panel-first-child\" data-index=\"0\" ><div\n\t\t\t\n\t\t\tclass=\"so-widget-sow-editor so-widget-sow-editor-base\"\n\t\t\t\n\t\t>\n<div class=\"siteorigin-widget-tinymce textwidget\">\n\t<p>A marzo 2019 abbiamo condotto un'indagine sul tema del trasporto bagagli per quindici giorni. La richiesta \u00e8 stata fatta da un'azienda di taxi che vorrebbe offrire un trasporto bagagli adatto alle nostre tappe. Ecco i risultati del sondaggio:<\/p>\n<\/div>\n<\/div><\/div><div id=\"panel-15408-0-0-1\" class=\"so-panel widget widget_polls-widget\" data-index=\"1\" ><h3 class=\"widget-title\">Risultato del sondaggio<\/h3><div id=\"polls-2\" class=\"wp-polls\">\n\t\t<p style=\"text-align: center\"><strong>Saresti interessato al trasporto di bagagli lungo le tappe presentate qui?<\/strong><\/p><div id=\"polls-2-ans\" class=\"wp-polls-ans\"><ul class=\"wp-polls-ul\">\n\t\t<li>S\u00ec, volentieri per tutte le 10 tappe! <small>(56%, 30 voti)<\/small><div class=\"pollbar\" style=\"width: 56%\" title=\"S\u00ec, volentieri per tutte le 10 tappe! (56% | 30 voti)\"><\/div><\/li>\n\t\t<li>S\u00ec, ma 3-5 tappe con trasporto bagagli sono sufficienti per me. <small>(28%, 15 voti)<\/small><div class=\"pollbar\" style=\"width: 28%\" title=\"S\u00ec, ma 3-5 tappe con trasporto bagagli sono sufficienti per me. (28% | 15 voti)\"><\/div><\/li>\n\t\t<li>No, porto sempre con me il mio bagaglio durante le escursioni a lunga distanza. <small>(17%, 9 voti)<\/small><div class=\"pollbar\" style=\"width: 17%\" title=\"No, porto sempre con me il mio bagaglio durante le escursioni a lunga distanza. (17% | 9 voti)\"><\/div><\/li>\n\t\t<\/ul><p style=\"text-align: center\">Totale partecipanti al sondaggio: <strong>54<\/strong><\/p><\/div>\n\t\t<input type=\"hidden\" id=\"poll_2_nonce\" name=\"wp-polls-nonce\" value=\"d203f09e02\" \/>\n<\/div>\n<div id=\"polls-2-loading\" class=\"wp-polls-loading\"><img loading=\"lazy\" decoding=\"async\" src=\"https:\/\/www.costabrava-wandern.de\/wp-content\/plugins\/wp-polls\/images\/loading.gif\" width=\"16\" height=\"16\" alt=\"Caricamento...\" title=\"Caricamento...\" class=\"wp-polls-image\" \/>&nbsp;Caricamento...<\/div>\n<\/div><div id=\"panel-15408-0-0-2\" class=\"so-panel widget widget_sow-editor panel-last-child\" data-index=\"2\" ><div\n\t\t\t\n\t\t\tclass=\"so-widget-sow-editor so-widget-sow-editor-base\"\n\t\t\t\n\t\t>\n<div class=\"siteorigin-widget-tinymce textwidget\">\n\t<p>Siamo rimasti un po' sorpresi nel vedere quanto interesse ci sia per il trasporto dei bagagli. Ecco perch\u00e9 CostaBravaTaxi, con il nostro supporto, ha sviluppato un servizio su misura per te. <a href=\"https:\/\/www.costabrava-wandern.de\/it\/trasporto-bagagli-sul-cami-de-ronda\/\">Trasporto bagagli per il Cam\u00ed de Ronda<\/a> sviluppato.<\/p>\n<p>&nbsp;<\/p>\n<\/div>\n<\/div><\/div><\/div><\/div><\/div>","protected":false},"excerpt":{"rendered":"<p>Im M\u00e4rz 2019 haben wir zwei Wochen lang eine Umfrage zum Thema Gep\u00e4cktransport durchgef\u00fchrt. Anlass war die Anfrage eines Taxi-Unternehmens, das einen auf unsere Etappen angepassten Gep\u00e4cktransport anbieten m\u00f6chte. Hier ist das Ergebnis der Umfrage: Wir waren doch etwas \u00fcberrascht, wie gro\u00df das Interesse an einem Gep\u00e4cktransport ist.\u00a0Deshalb hat CostaBravaTaxi mit unserer Unterst\u00fctzung nun einen [&hellip;]<\/p>\n","protected":false},"author":1,"featured_media":0,"comment_status":"closed","ping_status":"closed","sticky":false,"template":"","format":"standard","meta":{"footnotes":""},"categories":[1],"tags":[],"class_list":["post-15408","post","type-post","status-publish","format-standard","hentry","category-uncategorized"],"_links":{"self":[{"href":"https:\/\/www.costabrava-wandern.de\/it\/wp-json\/wp\/v2\/posts\/15408","targetHints":{"allow":["GET"]}}],"collection":[{"href":"https:\/\/www.costabrava-wandern.de\/it\/wp-json\/wp\/v2\/posts"}],"about":[{"href":"https:\/\/www.costabrava-wandern.de\/it\/wp-json\/wp\/v2\/types\/post"}],"author":[{"embeddable":true,"href":"https:\/\/www.costabrava-wandern.de\/it\/wp-json\/wp\/v2\/users\/1"}],"replies":[{"embeddable":true,"href":"https:\/\/www.costabrava-wandern.de\/it\/wp-json\/wp\/v2\/comments?post=15408"}],"version-history":[{"count":0,"href":"https:\/\/www.costabrava-wandern.de\/it\/wp-json\/wp\/v2\/posts\/15408\/revisions"}],"wp:attachment":[{"href":"https:\/\/www.costabrava-wandern.de\/it\/wp-json\/wp\/v2\/media?parent=15408"}],"wp:term":[{"taxonomy":"category","embeddable":true,"href":"https:\/\/www.costabrava-wandern.de\/it\/wp-json\/wp\/v2\/categories?post=15408"},{"taxonomy":"post_tag","embeddable":true,"href":"https:\/\/www.costabrava-wandern.de\/it\/wp-json\/wp\/v2\/tags?post=15408"}],"curies":[{"name":"parola chiave","href":"https:\/\/api.w.org\/{rel}","templated":true}]}}