{"id":160,"date":"2015-01-03T06:54:39","date_gmt":"2015-01-03T06:54:39","guid":{"rendered":"https:\/\/www.costabrava-wandern.de\/?p=160"},"modified":"2022-11-09T18:01:34","modified_gmt":"2022-11-09T17:01:34","slug":"gr-92-stadio-10-direzioni","status":"publish","type":"post","link":"https:\/\/www.costabrava-wandern.de\/it\/gr-92-etappe-10-wegbeschreibung\/","title":{"rendered":"Fase 10: Indicazioni"},"content":{"rendered":"<div id=\"pl-160\"  class=\"panel-layout\" ><div id=\"pg-160-0\"  class=\"panel-grid panel-no-style\" ><div id=\"pgc-160-0-0\"  class=\"panel-grid-cell\" ><div id=\"panel-160-0-0-0\" class=\"so-panel widget widget_metaslider_widget panel-first-child panel-last-child\" data-index=\"0\" ><div id=\"metaslider-id-1105\" style=\"width: 100%;\" class=\"ml-slider-3-108-0 metaslider metaslider-flex metaslider-1105 ml-slider has-dots-nav ms-theme-simply-dark\" role=\"region\" aria-label=\"Fase 10\" data-height=\"415\" data-width=\"1200\">\n    <div id=\"metaslider_container_1105\">\n        <div id=\"metaslider_1105\">\n            <ul class='slides'>\n                <li style=\"display: block; width: 100%;\" class=\"slide-1092 ms-image\" aria-roledescription=\"slide\" data-date=\"2017-01-24 20:45:09\" data-filename=\"GR-92-Etappe-10-Tossa-de-Mar-Lloret-de-Mar-Bild-1.jpg\" data-slide-type=\"image\"><img loading=\"lazy\" decoding=\"async\" src=\"https:\/\/www.costabrava-wandern.de\/wp-content\/uploads\/GR-92-Etappe-10-Tossa-de-Mar-Lloret-de-Mar-Bild-1.jpg\" height=\"415\" width=\"1200\" alt=\"\" class=\"slider-1105 slide-1092 msDefaultImage\" \/><div class=\"caption-wrap\"><div class=\"caption\">Sopra il centro storico di Tossa de Mar<\/div><\/div><\/li>\n                <li style=\"display: none; width: 100%;\" class=\"slide-1095 ms-image\" aria-roledescription=\"slide\" data-date=\"2017-01-24 20:45:23\" data-filename=\"GR-92-Etappe-10-Tossa-de-Mar-Lloret-de-Mar-Bild-4-1200x415.jpg\" data-slide-type=\"image\"><img loading=\"lazy\" decoding=\"async\" src=\"https:\/\/www.costabrava-wandern.de\/wp-content\/uploads\/GR-92-Etappe-10-Tossa-de-Mar-Lloret-de-Mar-Bild-4-1200x415.jpg\" height=\"415\" width=\"1200\" alt=\"\" class=\"slider-1105 slide-1095 msDefaultImage\" \/><div class=\"caption-wrap\"><div class=\"caption\">Un bel posto per riposarsi: Ristorante nel &quot;Club N\u00e0utic Cala Canyelles&quot;<\/div><\/div><\/li>\n                <li style=\"display: none; width: 100%;\" class=\"slide-1100 ms-image\" aria-roledescription=\"slide\" data-date=\"2017-01-24 20:45:45\" data-filename=\"GR-92-Etappe-10-Tossa-de-Mar-Lloret-de-Mar-Bild-9-1200x415.jpg\" data-slide-type=\"image\"><img loading=\"lazy\" decoding=\"async\" src=\"https:\/\/www.costabrava-wandern.de\/wp-content\/uploads\/GR-92-Etappe-10-Tossa-de-Mar-Lloret-de-Mar-Bild-9-1200x415.jpg\" height=\"415\" width=\"1200\" alt=\"\" class=\"slider-1105 slide-1100 msDefaultImage\" \/><div class=\"caption-wrap\"><div class=\"caption\">Acqua limpida negli ultimi metri del GR-92<\/div><\/div><\/li>\n            <\/ul>\n        <\/div>\n        \n    <\/div>\n<\/div><\/div><\/div><\/div><div id=\"pg-160-1\"  class=\"panel-grid panel-no-style\" ><div id=\"pgc-160-1-0\"  class=\"panel-grid-cell\" ><div id=\"panel-160-1-0-0\" class=\"so-panel widget widget_sow-editor panel-first-child panel-last-child\" data-index=\"1\" ><div\n\t\t\t\n\t\t\tclass=\"so-widget-sow-editor so-widget-sow-editor-base\"\n\t\t\t\n\t\t><h3 class=\"widget-title\">Da Tossa de Mar a Lloret de Mar<\/h3>\n<div class=\"siteorigin-widget-tinymce textwidget\">\n\t<p>Possiamo avvicinarci alla tappa finale della nostra escursione in modo rilassato: \u00e8 solo un&#039;escursione di mezza giornata a Lloret de Mar.<\/p>\n<p>Se non vuoi passare la notte a Lloret, che \u00e8 conosciuta come un luogo di festa, ma vuoi andare direttamente a Barcellona in autobus,\u00a0 <a href=\"https:\/\/compras.moventis.es\/online\/\" target=\"_blank\" rel=\"noopener\">dovrebbe acquistare un biglietto dell&#039;autobus a Tossa de Mar per gli autobus Moventis\/Sarfa, che richiedono la prenotazione<\/a> (<a href=\"https:\/\/goo.gl\/maps\/EADdRhGP6V62\" target=\"_blank\" rel=\"noopener\">Biglietti presso la stazione degli autobus di Tossa de Mar<\/a>, il punto di partenza della nostra tappa).<\/p>\n<p>La prima parte dell&#039;escursione di oggi ci porta su una piattaforma panoramica che guarda indietro verso Tossa de Mar. Poco dopo compaiono i segnali che indicano la fine del Cam\u00ed de Ronda. Questo non ci disturba: seguiamo la GR-92, che qui si dirama a destra. Questo ci conduce brevemente alla strada costiera e poi in un arco attorno a un complesso di case vacanze recintato fino alla spiaggia di Canyelles. Nella marina c&#039;\u00e8 un bel ristorantino con posti a sedere proprio sul muro del molo.<\/p>\n<p>Da qui si sale tramite scale e attraverso altri insediamenti di case vacanza fino a scendere una ripida scalinata a serpentina fino al mare. L\u00ec camminiamo su un bellissimo sentiero circondato da muri di pietra in direzione di Lloret de Mar, da dove siamo sempre accolti da numerosi escursionisti. Dopo un tratto di costa molto pittoresco con acque cristalline, al pi\u00f9 tardi dopo un breve tunnel, il fitto sviluppo di Lloret de Mar non pu\u00f2 pi\u00f9 essere ignorato.<\/p>\n<p>A poche centinaia di metri dalla spiaggia, di fronte all&#039;Hotel Hawai, si trova la prima fermata dell&#039;autobus in direzione Barcellona (vedi anche <a href=\"https:\/\/www.costabrava-wandern.de\/it\/arrivo-in-costa-brava\/#bus-lloret\">Collegamento in autobus per Barcellona<\/a>).<\/p>\n<\/div>\n<\/div><\/div><\/div><div id=\"pgc-160-1-1\"  class=\"panel-grid-cell\" ><div id=\"panel-160-1-1-0\" class=\"so-panel widget widget_text panel-first-child\" data-index=\"2\" ><h3 class=\"widget-title\">Fatti sulla fase 10<\/h3>\t\t\t<div class=\"textwidget\"><p><b>Altitudine metri:<\/b> 380 m di dislivello \/ 360 m di discesa<br \/>\n<b>Percorso:<\/b> 13,0 km<br \/>\n<b>Durata:<\/b> 4:00 h (senza interruzioni)<br \/>\n<b>Pernottamento:<\/b> <a href=\"https:\/\/www.costabrava-wandern.de\/it\/arrivo-alloggio-a-barcellona\/\">Hotel e B&amp;B a Barcellona<\/a><\/p>\n<\/div>\n\t\t<\/div><div id=\"panel-160-1-1-1\" class=\"so-panel widget widget_edd_product_details\" data-index=\"3\" ><h3 class=\"widget-title\">Download del percorso - GR92 fase 10 (file GPX)<\/h3>\t<form id=\"edd_purchase_358\" class=\"edd_download_purchase_form edd_purchase_358\" method=\"post\" action=\"\">\n\n\t\t\n\t\t<div class=\"edd_purchase_submit_wrapper\">\n\t\t\t<button class=\"edd-add-to-cart button orange edd-submit\" data-nonce=\"de01e5643d\" data-timestamp=\"1777492214\" data-token=\"a83ac81b2566bf6f367672585c327e453c5df844f9e4207b7e11fa2b9cb24890\" data-action=\"edd_add_to_cart\" data-download-id=\"358\" data-variable-price=\"no\" data-price-mode=\"single\" data-price=\"0.00\" ><span class=\"edd-add-to-cart-label\">Gratuito \u2013 Aggiungi al carrello<\/span> <span class=\"edd-loading\" aria-label=\"Caricamento\"><\/span><\/button><input type=\"submit\" class=\"edd-add-to-cart edd-no-js button orange edd-submit\" name=\"edd_purchase_download\" value=\"Gratuito \u2013 Aggiungi al carrello\" data-action=\"edd_add_to_cart\" data-download-id=\"358\" data-variable-price=\"no\" data-price-mode=\"single\" \/><a href=\"https:\/\/www.costabrava-wandern.de\/it\/checkout\/?nocache=true\" class=\"edd_go_to_checkout button orange edd-submit\" style=\"display:none;\">Mostra il carrello<\/a>\n\t\t\t\t\t\t\t<span class=\"edd-cart-ajax-alert\" aria-live=\"assertive\">\n\t\t\t\t\t<span class=\"edd-cart-added-alert\" style=\"display: none;\">\n\t\t\t\t\t\t<svg class=\"edd-icon edd-icon-check\" xmlns=\"http:\/\/www.w3.org\/2000\/svg\" width=\"28\" height=\"28\" viewbox=\"0 0 28 28\" aria-hidden=\"true\">\n\t\t\t\t\t\t\t<path d=\"M26.11 8.844c0 .39-.157.78-.44 1.062L12.234 23.344c-.28.28-.672.438-1.062.438s-.78-.156-1.06-.438l-7.782-7.78c-.28-.282-.438-.673-.438-1.063s.156-.78.438-1.06l2.125-2.126c.28-.28.672-.438 1.062-.438s.78.156 1.062.438l4.594 4.61L21.42 5.656c.282-.28.673-.438 1.063-.438s.78.155 1.062.437l2.125 2.125c.28.28.438.672.438 1.062z\"\/>\n\t\t\t\t\t\t<\/svg>\n\t\t\t\t\t\tAggiunto al carrello\t\t\t\t\t<\/span>\n\t\t\t\t<\/span>\n\t\t\t\t\t\t\t\t<\/div><!--end .edd_purchase_submit_wrapper-->\n\n\t\t<input type=\"hidden\" name=\"download_id\" value=\"358\">\n\t\t\t\t\t\t\t<input type=\"hidden\" name=\"edd_action\" class=\"edd_action_input\" value=\"add_to_cart\">\n\t\t\n\t\t\n\t\t\n\t\t\n\t<input type=\"hidden\" name=\"trp-form-language\" value=\"it\"\/><\/form><!--end #edd_purchase_358-->\n\t<\/div><div id=\"panel-160-1-1-2\" class=\"so-panel widget widget_text panel-last-child\" data-index=\"4\" >\t\t\t<div class=\"textwidget\"><p>Tutti gli altri download sono disponibili all'indirizzo <a href=\"https:\/\/www.costabrava-wandern.de\/it\/download-di-materiale-cartografico\/\">Materiale della mappa<\/a>.<\/p>\n<\/div>\n\t\t<\/div><\/div><\/div><div id=\"pg-160-2\"  class=\"panel-grid panel-no-style\" ><div id=\"pgc-160-2-0\"  class=\"panel-grid-cell\" ><div id=\"panel-160-2-0-0\" class=\"so-panel widget widget_sow-editor panel-first-child\" data-index=\"5\" ><div\n\t\t\t\n\t\t\tclass=\"so-widget-sow-editor so-widget-sow-editor-base\"\n\t\t\t\n\t\t><h3 class=\"widget-title\">Pernottamento a Lloret de Mar<\/h3>\n<div class=\"siteorigin-widget-tinymce textwidget\">\n\t<p>Noi stessi non siamo rimasti a Lloret de Mar, ma siamo andati direttamente a Barcellona. Ma c&#039;\u00e8 un consiglio del lettore di Stefan per un pernottamento a Lloret de Mar: si dice che il 15\u00b0 Boutique Hotel sia molto buono (4 stelle, link: <a class=\"booking-link\" href=\"https:\/\/www.booking.com\/hotel\/es\/hotelmundialclublloretdemar.de.html?aid=947820\" target=\"_blank\" rel=\"noopener\">15\u00b0 boutique hotel<\/a>).<\/p>\n<\/div>\n<\/div><\/div><div id=\"panel-160-2-0-1\" class=\"so-panel widget widget_sow-editor panel-last-child\" data-index=\"6\" ><div\n\t\t\t\n\t\t\tclass=\"so-widget-sow-editor so-widget-sow-editor-base\"\n\t\t\t\n\t\t><h3 class=\"widget-title\">Galleria di immagini per la fase 10<\/h3>\n<div class=\"siteorigin-widget-tinymce textwidget\">\n\t<style type=\"text\/css\">\n#foogallery-gallery-21785.fg-justified .fg-item { margin-right: 1px; margin-bottom: 1px; }\n#foogallery-gallery-21785.fg-justified .fg-image { height: 150px; }<\/style>\n<div class=\"foogallery foogallery-container foogallery-justified foogallery-lightbox-none fg-justified fg-ready fg-light fg-loading-default fg-loaded-fade-in fg-caption-hover fg-hover-fade fg-hover-zoom\" id=\"foogallery-gallery-21785\" data-foogallery=\"{&quot;item&quot;:{&quot;showCaptionTitle&quot;:true,&quot;showCaptionDescription&quot;:true},&quot;lazy&quot;:true,&quot;template&quot;:{&quot;rowHeight&quot;:150,&quot;maxRowHeight&quot;:300,&quot;margins&quot;:1,&quot;align&quot;:&quot;center&quot;,&quot;lastRow&quot;:&quot;smart&quot;}}\" style=\"--fg-title-line-clamp: 0; --fg-description-line-clamp: 0;\" >\n<div class=\"fg-item fg-type-image fg-idle\">\n<figure class=\"fg-item-inner\"><a href=\"https:\/\/www.costabrava-wandern.de\/wp-content\/uploads\/GR-92-Etappe-10-Tossa-de-Mar-Lloret-de-Mar-Bild-1.jpg\" data-caption-title=\"\u00dcber der Altstadt von Tossa de Mar\" data-attachment-id=\"1092\" data-type=\"image\" class=\"fg-thumb\"><span class=\"fg-image-wrap\"><img fetchpriority=\"high\" decoding=\"async\" title=\"Sopra il centro storico di Tossa de Mar\" height=\"300\" width=\"867\" class=\"skip-lazy fg-image\" data-src-fg=\"https:\/\/www.costabrava-wandern.de\/wp-content\/uploads\/cache\/GR-92-Etappe-10-Tossa-de-Mar-Lloret-de-Mar-Bild-1\/2395797317.jpg\" src=\"data:image\/svg+xml,%3Csvg%20xmlns%3D%22http%3A%2F%2Fwww.w3.org%2F2000%2Fsvg%22%20width%3D%22867%22%20height%3D%22300%22%20viewBox%3D%220%200%20867%20300%22%3E%3C%2Fsvg%3E\" loading=\"eager\"><\/span><span class=\"fg-image-overlay\"><\/span><\/a><figcaption class=\"fg-caption\">\n<div class=\"fg-caption-inner\">\n<div class=\"fg-caption-title\">Sopra il centro storico di Tossa de Mar<\/div>\n<\/div>\n<\/figcaption><\/figure>\n<div class=\"fg-loader\"><\/div>\n<\/div>\n<div class=\"fg-item fg-type-image fg-idle\">\n<figure class=\"fg-item-inner\"><a href=\"https:\/\/www.costabrava-wandern.de\/wp-content\/uploads\/GR-92-Etappe-10-Tossa-de-Mar-Lloret-de-Mar-Bild-2.jpg\" data-caption-title=\"Aussichtsplattform oberhalb von Tossa de Mar\" data-attachment-id=\"1093\" data-type=\"image\" class=\"fg-thumb\"><span class=\"fg-image-wrap\"><img decoding=\"async\" title=\"Piattaforma panoramica sopra Tossa de Mar\" height=\"300\" width=\"400\" class=\"skip-lazy fg-image\" data-src-fg=\"https:\/\/www.costabrava-wandern.de\/wp-content\/uploads\/cache\/GR-92-Etappe-10-Tossa-de-Mar-Lloret-de-Mar-Bild-2\/1751657961.jpg\" src=\"data:image\/svg+xml,%3Csvg%20xmlns%3D%22http%3A%2F%2Fwww.w3.org%2F2000%2Fsvg%22%20width%3D%22400%22%20height%3D%22300%22%20viewBox%3D%220%200%20400%20300%22%3E%3C%2Fsvg%3E\" loading=\"eager\"><\/span><span class=\"fg-image-overlay\"><\/span><\/a><figcaption class=\"fg-caption\">\n<div class=\"fg-caption-inner\">\n<div class=\"fg-caption-title\">Piattaforma panoramica sopra Tossa de Mar<\/div>\n<\/div>\n<\/figcaption><\/figure>\n<div class=\"fg-loader\"><\/div>\n<\/div>\n<div class=\"fg-item fg-type-image fg-idle\">\n<figure class=\"fg-item-inner\"><a href=\"https:\/\/www.costabrava-wandern.de\/wp-content\/uploads\/GR-92-Etappe-10-Tossa-de-Mar-Lloret-de-Mar-Bild-3.jpg\" data-caption-title=\"Steilk\u00fcste bei Tossa de Mar\" data-attachment-id=\"1094\" data-type=\"image\" class=\"fg-thumb\"><span class=\"fg-image-wrap\"><img decoding=\"async\" title=\"Scogliere a Tossa de Mar\" height=\"300\" width=\"729\" class=\"skip-lazy fg-image\" data-src-fg=\"https:\/\/www.costabrava-wandern.de\/wp-content\/uploads\/cache\/GR-92-Etappe-10-Tossa-de-Mar-Lloret-de-Mar-Bild-3\/1734359515.jpg\" src=\"data:image\/svg+xml,%3Csvg%20xmlns%3D%22http%3A%2F%2Fwww.w3.org%2F2000%2Fsvg%22%20width%3D%22729%22%20height%3D%22300%22%20viewBox%3D%220%200%20729%20300%22%3E%3C%2Fsvg%3E\" loading=\"eager\"><\/span><span class=\"fg-image-overlay\"><\/span><\/a><figcaption class=\"fg-caption\">\n<div class=\"fg-caption-inner\">\n<div class=\"fg-caption-title\">Scogliere a Tossa de Mar<\/div>\n<\/div>\n<\/figcaption><\/figure>\n<div class=\"fg-loader\"><\/div>\n<\/div>\n<div class=\"fg-item fg-type-image fg-idle\">\n<figure class=\"fg-item-inner\"><a href=\"https:\/\/www.costabrava-wandern.de\/wp-content\/uploads\/GR-92-Etappe-10-Tossa-de-Mar-Lloret-de-Mar-Bild-5.jpg\" data-caption-title=\"Die &quot;Cala Canyelles&quot; ist eine der letzten Buchten vor Lloret de MAr\" data-attachment-id=\"1096\" data-type=\"image\" class=\"fg-thumb\"><span class=\"fg-image-wrap\"><img decoding=\"async\" title=\"La &quot;Cala Canyelles&quot; \u00e8 una delle ultime baie prima di Lloret de Mar\" height=\"300\" width=\"533\" class=\"skip-lazy fg-image\" data-src-fg=\"https:\/\/www.costabrava-wandern.de\/wp-content\/uploads\/cache\/GR-92-Etappe-10-Tossa-de-Mar-Lloret-de-Mar-Bild-5\/1901628098.jpg\" data-srcset-fg=\"https:\/\/www.costabrava-wandern.de\/wp-content\/uploads\/cache\/GR-92-Etappe-10-Tossa-de-Mar-Lloret-de-Mar-Bild-5\/2029732934.jpg 2x\" src=\"data:image\/svg+xml,%3Csvg%20xmlns%3D%22http%3A%2F%2Fwww.w3.org%2F2000%2Fsvg%22%20width%3D%22533%22%20height%3D%22300%22%20viewBox%3D%220%200%20533%20300%22%3E%3C%2Fsvg%3E\" loading=\"eager\"><\/span><span class=\"fg-image-overlay\"><\/span><\/a><figcaption class=\"fg-caption\">\n<div class=\"fg-caption-inner\">\n<div class=\"fg-caption-title\">La &quot;Cala Canyelles&quot; \u00e8 una delle ultime baie prima di Lloret de Mar<\/div>\n<\/div>\n<\/figcaption><\/figure>\n<div class=\"fg-loader\"><\/div>\n<\/div>\n<div class=\"fg-item fg-type-image fg-idle\">\n<figure class=\"fg-item-inner\"><a href=\"https:\/\/www.costabrava-wandern.de\/wp-content\/uploads\/GR-92-Etappe-10-Tossa-de-Mar-Lloret-de-Mar-Bild-6.jpg\" data-caption-title=\"Kurz vor Lloret de Mar: Die Hochh\u00e4user sind noch nicht zu erahnen sondern hinter dem n\u00e4chsten H\u00fcgel versteckt\" data-attachment-id=\"1097\" data-type=\"image\" class=\"fg-thumb\"><span class=\"fg-image-wrap\"><img decoding=\"async\" title=\"Poco prima di Lloret de Mar: I grattacieli non sono ancora da indovinare ma sono nascosti dietro la collina successiva\" height=\"300\" width=\"533\" class=\"skip-lazy fg-image\" data-src-fg=\"https:\/\/www.costabrava-wandern.de\/wp-content\/uploads\/cache\/GR-92-Etappe-10-Tossa-de-Mar-Lloret-de-Mar-Bild-6\/2549895278.jpg\" data-srcset-fg=\"https:\/\/www.costabrava-wandern.de\/wp-content\/uploads\/cache\/GR-92-Etappe-10-Tossa-de-Mar-Lloret-de-Mar-Bild-6\/2657066730.jpg 2x\" src=\"data:image\/svg+xml,%3Csvg%20xmlns%3D%22http%3A%2F%2Fwww.w3.org%2F2000%2Fsvg%22%20width%3D%22533%22%20height%3D%22300%22%20viewBox%3D%220%200%20533%20300%22%3E%3C%2Fsvg%3E\" loading=\"eager\"><\/span><span class=\"fg-image-overlay\"><\/span><\/a><figcaption class=\"fg-caption\">\n<div class=\"fg-caption-inner\">\n<div class=\"fg-caption-title\">Poco prima di Lloret de Mar: I grattacieli non sono ancora da indovinare ma sono nascosti dietro la collina successiva<\/div>\n<\/div>\n<\/figcaption><\/figure>\n<div class=\"fg-loader\"><\/div>\n<\/div>\n<div class=\"fg-item fg-type-image fg-idle\">\n<figure class=\"fg-item-inner\"><a href=\"https:\/\/www.costabrava-wandern.de\/wp-content\/uploads\/GR-92-Etappe-10-Tossa-de-Mar-Lloret-de-Mar-Bild-7.jpg\" data-caption-title=\"Gut ausgebaut schl\u00e4ngelt sich der K\u00fcstenwanderweg in Richtung Lloret de Mar\" data-attachment-id=\"1098\" data-type=\"image\" class=\"fg-thumb\"><span class=\"fg-image-wrap\"><img decoding=\"async\" title=\"Ben sviluppato, il sentiero escursionistico costiero si snoda in direzione di Lloret de Mar\" height=\"300\" width=\"400\" class=\"skip-lazy fg-image\" data-src-fg=\"https:\/\/www.costabrava-wandern.de\/wp-content\/uploads\/cache\/GR-92-Etappe-10-Tossa-de-Mar-Lloret-de-Mar-Bild-7\/1867031206.jpg\" src=\"data:image\/svg+xml,%3Csvg%20xmlns%3D%22http%3A%2F%2Fwww.w3.org%2F2000%2Fsvg%22%20width%3D%22400%22%20height%3D%22300%22%20viewBox%3D%220%200%20400%20300%22%3E%3C%2Fsvg%3E\" loading=\"eager\"><\/span><span class=\"fg-image-overlay\"><\/span><\/a><figcaption class=\"fg-caption\">\n<div class=\"fg-caption-inner\">\n<div class=\"fg-caption-title\">Ben sviluppato, il sentiero escursionistico costiero si snoda in direzione di Lloret de Mar<\/div>\n<\/div>\n<\/figcaption><\/figure>\n<div class=\"fg-loader\"><\/div>\n<\/div>\n<div class=\"fg-item fg-type-image fg-idle\">\n<figure class=\"fg-item-inner\"><a href=\"https:\/\/www.costabrava-wandern.de\/wp-content\/uploads\/GR-92-Etappe-10-Tossa-de-Mar-Lloret-de-Mar-Bild-4.jpg\" data-caption-title=\"Eine nette Rastm\u00f6glichkeit: Restaurant im &quot;Club N\u00e0utic Cala Canyelles&quot;\" data-attachment-id=\"1095\" data-type=\"image\" class=\"fg-thumb\"><span class=\"fg-image-wrap\"><img decoding=\"async\" title=\"Un bel posto per riposarsi: Ristorante nel &quot;Club N\u00e0utic Cala Canyelles&quot;\" height=\"300\" width=\"851\" class=\"skip-lazy fg-image\" data-src-fg=\"https:\/\/www.costabrava-wandern.de\/wp-content\/uploads\/cache\/GR-92-Etappe-10-Tossa-de-Mar-Lloret-de-Mar-Bild-4\/93253005.jpg\" src=\"data:image\/svg+xml,%3Csvg%20xmlns%3D%22http%3A%2F%2Fwww.w3.org%2F2000%2Fsvg%22%20width%3D%22851%22%20height%3D%22300%22%20viewBox%3D%220%200%20851%20300%22%3E%3C%2Fsvg%3E\" loading=\"eager\"><\/span><span class=\"fg-image-overlay\"><\/span><\/a><figcaption class=\"fg-caption\">\n<div class=\"fg-caption-inner\">\n<div class=\"fg-caption-title\">Un bel posto per riposarsi: Ristorante nel &quot;Club N\u00e0utic Cala Canyelles&quot;<\/div>\n<\/div>\n<\/figcaption><\/figure>\n<div class=\"fg-loader\"><\/div>\n<\/div>\n<div class=\"fg-item fg-type-image fg-idle\">\n<figure class=\"fg-item-inner\"><a href=\"https:\/\/www.costabrava-wandern.de\/wp-content\/uploads\/GR-92-Etappe-10-Tossa-de-Mar-Lloret-de-Mar-Bild-8.jpg\" data-caption-title=\"Ein letztes Mal den unverbauten Blick auf&#039;s Meer genie\u00dfen!\" data-attachment-id=\"1099\" data-type=\"image\" class=\"fg-thumb\"><span class=\"fg-image-wrap\"><img decoding=\"async\" title=\"Goditi per l&#039;ultima volta la vista senza ostacoli del mare!\" height=\"300\" width=\"556\" class=\"skip-lazy fg-image\" data-src-fg=\"https:\/\/www.costabrava-wandern.de\/wp-content\/uploads\/cache\/GR-92-Etappe-10-Tossa-de-Mar-Lloret-de-Mar-Bild-8\/3728960837.jpg\" data-srcset-fg=\"https:\/\/www.costabrava-wandern.de\/wp-content\/uploads\/cache\/GR-92-Etappe-10-Tossa-de-Mar-Lloret-de-Mar-Bild-8\/973481885.jpg 2x\" src=\"data:image\/svg+xml,%3Csvg%20xmlns%3D%22http%3A%2F%2Fwww.w3.org%2F2000%2Fsvg%22%20width%3D%22556%22%20height%3D%22300%22%20viewBox%3D%220%200%20556%20300%22%3E%3C%2Fsvg%3E\" loading=\"eager\"><\/span><span class=\"fg-image-overlay\"><\/span><\/a><figcaption class=\"fg-caption\">\n<div class=\"fg-caption-inner\">\n<div class=\"fg-caption-title\">Goditi per l&#039;ultima volta la vista senza ostacoli del mare!<\/div>\n<\/div>\n<\/figcaption><\/figure>\n<div class=\"fg-loader\"><\/div>\n<\/div>\n<div class=\"fg-item fg-type-image fg-idle\">\n<figure class=\"fg-item-inner\"><a href=\"https:\/\/www.costabrava-wandern.de\/wp-content\/uploads\/GR-92-Etappe-10-Tossa-de-Mar-Lloret-de-Mar-Bild-10.jpg\" data-attachment-id=\"1101\" data-type=\"image\" class=\"fg-thumb\"><span class=\"fg-image-wrap\"><img decoding=\"async\" height=\"300\" width=\"225\" class=\"skip-lazy fg-image\" data-src-fg=\"https:\/\/www.costabrava-wandern.de\/wp-content\/uploads\/cache\/GR-92-Etappe-10-Tossa-de-Mar-Lloret-de-Mar-Bild-10\/3874468297.jpg\" data-srcset-fg=\"https:\/\/www.costabrava-wandern.de\/wp-content\/uploads\/cache\/GR-92-Etappe-10-Tossa-de-Mar-Lloret-de-Mar-Bild-10\/206156314.jpg 2x\" src=\"data:image\/svg+xml,%3Csvg%20xmlns%3D%22http%3A%2F%2Fwww.w3.org%2F2000%2Fsvg%22%20width%3D%22225%22%20height%3D%22300%22%20viewBox%3D%220%200%20225%20300%22%3E%3C%2Fsvg%3E\" loading=\"eager\"><\/span><span class=\"fg-image-overlay\"><\/span><\/a><\/figure>\n<div class=\"fg-loader\"><\/div>\n<\/div>\n<div class=\"fg-item fg-type-image fg-idle\">\n<figure class=\"fg-item-inner\"><a href=\"https:\/\/www.costabrava-wandern.de\/wp-content\/uploads\/GR-92-Etappe-10-Tossa-de-Mar-Lloret-de-Mar-Bild-9.jpg\" data-caption-title=\"Klares Wasser auf den letzten Metern des GR-92\" data-attachment-id=\"1100\" data-type=\"image\" class=\"fg-thumb\"><span class=\"fg-image-wrap\"><img decoding=\"async\" title=\"Acqua limpida negli ultimi metri del GR-92\" height=\"300\" width=\"739\" class=\"skip-lazy fg-image\" data-src-fg=\"https:\/\/www.costabrava-wandern.de\/wp-content\/uploads\/cache\/GR-92-Etappe-10-Tossa-de-Mar-Lloret-de-Mar-Bild-9\/3110671326.jpg\" src=\"data:image\/svg+xml,%3Csvg%20xmlns%3D%22http%3A%2F%2Fwww.w3.org%2F2000%2Fsvg%22%20width%3D%22739%22%20height%3D%22300%22%20viewBox%3D%220%200%20739%20300%22%3E%3C%2Fsvg%3E\" loading=\"eager\"><\/span><span class=\"fg-image-overlay\"><\/span><\/a><figcaption class=\"fg-caption\">\n<div class=\"fg-caption-inner\">\n<div class=\"fg-caption-title\">Acqua limpida negli ultimi metri del GR-92<\/div>\n<\/div>\n<\/figcaption><\/figure>\n<div class=\"fg-loader\"><\/div>\n<\/div>\n<div class=\"fg-item fg-type-image fg-idle\">\n<figure class=\"fg-item-inner\"><a href=\"https:\/\/www.costabrava-wandern.de\/wp-content\/uploads\/GR-92-Etappe-10-Tossa-de-Mar-Lloret-de-Mar-Bild-11.jpg\" data-caption-title=\"Vor diesem Hotel h\u00e4lt der Bus in Richtung Barcelona. Tickets sind vorab zu kaufen.\" data-attachment-id=\"1102\" data-type=\"image\" class=\"fg-thumb\"><span class=\"fg-image-wrap\"><img decoding=\"async\" title=\"L&#039;autobus per Barcellona si ferma di fronte a questo hotel. I biglietti devono essere comprati in anticipo.\" height=\"300\" width=\"300\" class=\"skip-lazy fg-image\" data-src-fg=\"https:\/\/www.costabrava-wandern.de\/wp-content\/uploads\/cache\/GR-92-Etappe-10-Tossa-de-Mar-Lloret-de-Mar-Bild-11\/3676909426.jpg\" data-srcset-fg=\"https:\/\/www.costabrava-wandern.de\/wp-content\/uploads\/cache\/GR-92-Etappe-10-Tossa-de-Mar-Lloret-de-Mar-Bild-11\/2023136214.jpg 2x\" src=\"data:image\/svg+xml,%3Csvg%20xmlns%3D%22http%3A%2F%2Fwww.w3.org%2F2000%2Fsvg%22%20width%3D%22300%22%20height%3D%22300%22%20viewBox%3D%220%200%20300%20300%22%3E%3C%2Fsvg%3E\" loading=\"eager\"><\/span><span class=\"fg-image-overlay\"><\/span><\/a><figcaption class=\"fg-caption\">\n<div class=\"fg-caption-inner\">\n<div class=\"fg-caption-title\">L&#039;autobus per Barcellona si ferma di fronte a questo hotel. I biglietti devono essere comprati in anticipo.<\/div>\n<\/div>\n<\/figcaption><\/figure>\n<div class=\"fg-loader\"><\/div>\n<\/div>\n<\/div>\n<\/div>\n<\/div><\/div><\/div><\/div><\/div>","protected":false},"excerpt":{"rendered":"<p>Die Abschlussetappe unserer Wanderung k\u00f6nnen wir entspannt angehen: Bis Lloret de Mar ist es nur eine Halbtageswanderung. Wer heute nicht in dem als Partyort bekannten Lloret \u00fcbernachten m\u00f6chte, sondern direkt mit dem Bus weiter nach Barcelona fahren m\u00f6chte,\u00a0 sollte sich schon in Tossa de Mar ein Busticket f\u00fcr die reservierungspflichtigen Busse der Firma Moventis\/Sarfa kaufen [&hellip;]<\/p>\n","protected":false},"author":1,"featured_media":0,"comment_status":"closed","ping_status":"open","sticky":false,"template":"","format":"standard","meta":{"footnotes":""},"categories":[10,19],"tags":[],"class_list":["post-160","post","type-post","status-publish","format-standard","hentry","category-gr-92-etappe-8-bis-10-von-palamos-bis-lloret-de-mar","category-etappe-10"],"_links":{"self":[{"href":"https:\/\/www.costabrava-wandern.de\/it\/wp-json\/wp\/v2\/posts\/160","targetHints":{"allow":["GET"]}}],"collection":[{"href":"https:\/\/www.costabrava-wandern.de\/it\/wp-json\/wp\/v2\/posts"}],"about":[{"href":"https:\/\/www.costabrava-wandern.de\/it\/wp-json\/wp\/v2\/types\/post"}],"author":[{"embeddable":true,"href":"https:\/\/www.costabrava-wandern.de\/it\/wp-json\/wp\/v2\/users\/1"}],"replies":[{"embeddable":true,"href":"https:\/\/www.costabrava-wandern.de\/it\/wp-json\/wp\/v2\/comments?post=160"}],"version-history":[{"count":8,"href":"https:\/\/www.costabrava-wandern.de\/it\/wp-json\/wp\/v2\/posts\/160\/revisions"}],"predecessor-version":[{"id":38615,"href":"https:\/\/www.costabrava-wandern.de\/it\/wp-json\/wp\/v2\/posts\/160\/revisions\/38615"}],"wp:attachment":[{"href":"https:\/\/www.costabrava-wandern.de\/it\/wp-json\/wp\/v2\/media?parent=160"}],"wp:term":[{"taxonomy":"category","embeddable":true,"href":"https:\/\/www.costabrava-wandern.de\/it\/wp-json\/wp\/v2\/categories?post=160"},{"taxonomy":"post_tag","embeddable":true,"href":"https:\/\/www.costabrava-wandern.de\/it\/wp-json\/wp\/v2\/tags?post=160"}],"curies":[{"name":"parola chiave","href":"https:\/\/api.w.org\/{rel}","templated":true}]}}