{"id":168,"date":"2015-05-23T06:57:35","date_gmt":"2015-05-23T06:57:35","guid":{"rendered":"https:\/\/www.costabrava-wandern.de\/?p=168"},"modified":"2019-12-16T10:23:40","modified_gmt":"2019-12-16T09:23:40","slug":"gr-92-stadio-6-direzioni","status":"publish","type":"post","link":"https:\/\/www.costabrava-wandern.de\/it\/gr-92-etappe-6-wegbeschreibung\/","title":{"rendered":"Fase 6: Indicazioni"},"content":{"rendered":"<div id=\"pl-168\"  class=\"panel-layout\" ><div id=\"pg-168-0\"  class=\"panel-grid panel-no-style\" ><div id=\"pgc-168-0-0\"  class=\"panel-grid-cell\" ><div id=\"panel-168-0-0-0\" class=\"so-panel widget widget_metaslider_widget panel-first-child panel-last-child\" data-index=\"0\" ><div id=\"metaslider-id-766\" style=\"width: 100%;\" class=\"ml-slider-3-108-0 metaslider metaslider-flex metaslider-766 ml-slider has-dots-nav ms-theme-simply-dark\" role=\"region\" aria-label=\"Fase 6\" data-height=\"450\" data-width=\"1200\">\n    <div id=\"metaslider_container_766\">\n        <div id=\"metaslider_766\">\n            <ul class='slides'>\n                <li style=\"display: block; width: 100%;\" class=\"slide-959 ms-image\" aria-roledescription=\"slide\" data-date=\"2016-12-11 18:11:19\" data-filename=\"GR-92-Etappe6-von-Torroella-de-Montgr\u00ed-nach-Begur-1-1200x450.jpg\" data-slide-type=\"image\"><img loading=\"lazy\" decoding=\"async\" src=\"https:\/\/www.costabrava-wandern.de\/wp-content\/uploads\/GR-92-Etappe6-von-Torroella-de-Montgr\u00ed-nach-Begur-1-1200x450.jpg\" height=\"450\" width=\"1200\" alt=\"\" class=\"slider-766 slide-959 msDefaultImage\" \/><div class=\"caption-wrap\"><div class=\"caption\">Il castello &quot;Castello del Montgr\u00ed&quot; \u00e8 anche un impressionante motivo fotografico sul palco 6<\/div><\/div><\/li>\n                <li style=\"display: none; width: 100%;\" class=\"slide-961 ms-image\" aria-roledescription=\"slide\" data-date=\"2016-12-11 18:11:32\" data-filename=\"GR-92-Etappe6-von-Torroella-de-Montgr\u00ed-nach-Begur-2-1200x450.jpg\" data-slide-type=\"image\"><img loading=\"lazy\" decoding=\"async\" src=\"https:\/\/www.costabrava-wandern.de\/wp-content\/uploads\/GR-92-Etappe6-von-Torroella-de-Montgr\u00ed-nach-Begur-2-1200x450.jpg\" height=\"450\" width=\"1200\" alt=\"\" class=\"slider-766 slide-961 msDefaultImage\" \/><div class=\"caption-wrap\"><div class=\"caption\">La citt\u00e0 circolare di &quot;Palau-Sator&quot; \u00e8 al centro della tappa odierna<\/div><\/div><\/li>\n                <li style=\"display: none; width: 100%;\" class=\"slide-960 ms-image\" aria-roledescription=\"slide\" data-date=\"2016-12-11 18:11:29\" data-filename=\"GR-92-Etappe6-von-Torroella-de-Montgr\u00ed-nach-Begur-8-1200x450.jpg\" data-slide-type=\"image\"><img loading=\"lazy\" decoding=\"async\" src=\"https:\/\/www.costabrava-wandern.de\/wp-content\/uploads\/GR-92-Etappe6-von-Torroella-de-Montgr\u00ed-nach-Begur-8-1200x450.jpg\" height=\"450\" width=\"1200\" alt=\"\" class=\"slider-766 slide-960 msDefaultImage\" \/><div class=\"caption-wrap\"><div class=\"caption\">Al termine della tappa 6, vale la pena visitare il castello di Begur: un momento davvero speciale, soprattutto al sole della sera<\/div><\/div><\/li>\n            <\/ul>\n        <\/div>\n        \n    <\/div>\n<\/div><\/div><\/div><\/div><div id=\"pg-168-1\"  class=\"panel-grid panel-no-style\" ><div id=\"pgc-168-1-0\"  class=\"panel-grid-cell\" ><div id=\"panel-168-1-0-0\" class=\"so-panel widget widget_sow-editor panel-first-child panel-last-child\" data-index=\"1\" ><div\n\t\t\t\n\t\t\tclass=\"so-widget-sow-editor so-widget-sow-editor-base\"\n\t\t\t\n\t\t><h3 class=\"widget-title\">Da Toroella de Montgr\u00ed a Begur attraverso l&#039;incantevole entroterra<\/h3>\n<div class=\"siteorigin-widget-tinymce textwidget\">\n\t<p>La tappa di oggi \u00e8 abbastanza rilassata e ci porta attraverso l&#039;incantevole entroterra. Lasciamo Toroella de Montgr\u00ed e ci dirigiamo verso sud lungo strade sterrate e stradine. Vale la pena guardare indietro: il castello del &quot;Castello del Montgr\u00ed&quot;, che era sul palco di ieri, troneggia sulla catena di colline ed \u00e8 anche un impressionante motivo fotografico da lontano.<\/p>\n<p>Oggi camminiamo attraverso un&#039;area agricola, oltre frutteti e campi - a volte dobbiamo evitare un trattore. Lungo il percorso si trovano alcuni piccoli paesini molto carini, come la citt\u00e0 circolare di Palau-Sator.<\/p>\n<p>La pittoresca citt\u00e0 di Pals merita sicuramente una visita, poich\u00e9 il suo centro storico medievale in cima alla collina \u00e8 un edificio storico. Non a caso il luogo \u00e8 molto frequentato da molti turisti. Da Pals proseguiamo in direzione est e ci avviciniamo nuovamente alla costa. Sentieri ben tracciati portano in leggera discesa e ancora in salita fino a Begur, meta della tappa odierna. <a href=\"https:\/\/www.costabrava-wandern.de\/it\/fase-6-pernottamento-a-begur\/\">Ci sono diverse opzioni di alloggio a Begur, alcune delle quali sono molto belle<\/a>.<\/p>\n<p>Il centro storico di Begur \u00e8 situato su una collina, sulla cui sommit\u00e0 si possono vedere da lontano le rovine di un castello medievale. Se non siete troppo stanchi per l&#039;escursione, dovete assolutamente salire al castello: la vista dall&#039;alto sull&#039;entroterra e sulla costa \u00e8 mozzafiato!<\/p>\n<\/div>\n<\/div><\/div><\/div><div id=\"pgc-168-1-1\"  class=\"panel-grid-cell\" ><div id=\"panel-168-1-1-0\" class=\"so-panel widget widget_text panel-first-child\" data-index=\"2\" ><h3 class=\"widget-title\">Fatti sulla fase 6<\/h3>\t\t\t<div class=\"textwidget\"><p><b>Altitudine metri:<\/b> 390 m di dislivello \/ 210 m di discesa<br \/>\n<b>Percorso:<\/b> 21,5 km<br \/>\n<b>Durata:<\/b> 6:30 h (senza pause)<br \/>\n<b>Pernottamento:<\/b> <a href=\"https:\/\/www.costabrava-wandern.de\/it\/fase-6-pernottamento-a-begur\/\">Alberghi e pensioni a Begur<\/a><\/p>\n<\/div>\n\t\t<\/div><div id=\"panel-168-1-1-1\" class=\"so-panel widget widget_edd_product_details\" data-index=\"3\" ><h3 class=\"widget-title\">Download del percorso - GR92 fase 6 (file GPX)<\/h3>\t<form id=\"edd_purchase_350\" class=\"edd_download_purchase_form edd_purchase_350\" method=\"post\" action=\"\">\n\n\t\t\n\t\t<div class=\"edd_purchase_submit_wrapper\">\n\t\t\t<button class=\"edd-add-to-cart button orange edd-submit\" data-nonce=\"c932fe8a1c\" data-timestamp=\"1777693005\" data-token=\"f8b2a80838e960964f357f5067628e109abf673b01e8c1ed55d8b50c2c7fbb12\" data-action=\"edd_add_to_cart\" data-download-id=\"350\" data-variable-price=\"no\" data-price-mode=\"single\" data-price=\"0.00\" ><span class=\"edd-add-to-cart-label\">Gratuito \u2013 Aggiungi al carrello<\/span> <span class=\"edd-loading\" aria-label=\"Caricamento\"><\/span><\/button><input type=\"submit\" class=\"edd-add-to-cart edd-no-js button orange edd-submit\" name=\"edd_purchase_download\" value=\"Gratuito \u2013 Aggiungi al carrello\" data-action=\"edd_add_to_cart\" data-download-id=\"350\" data-variable-price=\"no\" data-price-mode=\"single\" \/><a href=\"https:\/\/www.costabrava-wandern.de\/it\/checkout\/?nocache=true\" class=\"edd_go_to_checkout button orange edd-submit\" style=\"display:none;\">Mostra il carrello<\/a>\n\t\t\t\t\t\t\t<span class=\"edd-cart-ajax-alert\" aria-live=\"assertive\">\n\t\t\t\t\t<span class=\"edd-cart-added-alert\" style=\"display: none;\">\n\t\t\t\t\t\t<svg class=\"edd-icon edd-icon-check\" xmlns=\"http:\/\/www.w3.org\/2000\/svg\" width=\"28\" height=\"28\" viewbox=\"0 0 28 28\" aria-hidden=\"true\">\n\t\t\t\t\t\t\t<path d=\"M26.11 8.844c0 .39-.157.78-.44 1.062L12.234 23.344c-.28.28-.672.438-1.062.438s-.78-.156-1.06-.438l-7.782-7.78c-.28-.282-.438-.673-.438-1.063s.156-.78.438-1.06l2.125-2.126c.28-.28.672-.438 1.062-.438s.78.156 1.062.438l4.594 4.61L21.42 5.656c.282-.28.673-.438 1.063-.438s.78.155 1.062.437l2.125 2.125c.28.28.438.672.438 1.062z\"\/>\n\t\t\t\t\t\t<\/svg>\n\t\t\t\t\t\tAggiunto al carrello\t\t\t\t\t<\/span>\n\t\t\t\t<\/span>\n\t\t\t\t\t\t\t\t<\/div><!--end .edd_purchase_submit_wrapper-->\n\n\t\t<input type=\"hidden\" name=\"download_id\" value=\"350\">\n\t\t\t\t\t\t\t<input type=\"hidden\" name=\"edd_action\" class=\"edd_action_input\" value=\"add_to_cart\">\n\t\t\n\t\t\n\t\t\n\t\t\n\t<input type=\"hidden\" name=\"trp-form-language\" value=\"it\"\/><\/form><!--end #edd_purchase_350-->\n\t<\/div><div id=\"panel-168-1-1-2\" class=\"so-panel widget widget_text panel-last-child\" data-index=\"4\" >\t\t\t<div class=\"textwidget\"><p>Tutti gli altri download sono disponibili all'indirizzo <a href=\"https:\/\/www.costabrava-wandern.de\/it\/download-di-materiale-cartografico\/\">Materiale della mappa<\/a>.<\/p>\n<\/div>\n\t\t<\/div><\/div><\/div><div id=\"pg-168-2\"  class=\"panel-grid panel-no-style\" ><div id=\"pgc-168-2-0\"  class=\"panel-grid-cell\" ><div id=\"panel-168-2-0-0\" class=\"so-panel widget widget_sow-editor panel-first-child\" data-index=\"5\" ><div\n\t\t\t\n\t\t\tclass=\"so-widget-sow-editor so-widget-sow-editor-base\"\n\t\t\t\n\t\t>\n<div class=\"siteorigin-widget-tinymce textwidget\">\n\t<style type=\"text\/css\">\n#foogallery-gallery-21796.fg-justified .fg-item { margin-right: 1px; margin-bottom: 1px; }\n#foogallery-gallery-21796.fg-justified .fg-image { height: 150px; }<\/style>\n<div class=\"foogallery foogallery-container foogallery-justified foogallery-lightbox-none fg-justified fg-ready fg-light fg-loading-default fg-loaded-fade-in fg-caption-hover fg-hover-fade fg-hover-zoom\" id=\"foogallery-gallery-21796\" data-foogallery=\"{&quot;item&quot;:{&quot;showCaptionTitle&quot;:true,&quot;showCaptionDescription&quot;:true},&quot;lazy&quot;:true,&quot;template&quot;:{&quot;rowHeight&quot;:150,&quot;maxRowHeight&quot;:300,&quot;margins&quot;:1,&quot;align&quot;:&quot;center&quot;,&quot;lastRow&quot;:&quot;smart&quot;}}\" style=\"--fg-title-line-clamp: 0; --fg-description-line-clamp: 0;\" >\n<div class=\"fg-item fg-type-image fg-idle\">\n<figure class=\"fg-item-inner\"><a href=\"https:\/\/www.costabrava-wandern.de\/wp-content\/uploads\/GR-92-Etappe6-von-Torroella-de-Montgr\u00ed-nach-Begur-1.jpg\" data-caption-title=\"Die Burg &quot;Castello del Montgr\u00ed&quot; ist auch auf Etappe 6 ein imposantes Fotomotiv\" data-attachment-id=\"959\" data-type=\"image\" class=\"fg-thumb\"><span class=\"fg-image-wrap\"><img fetchpriority=\"high\" decoding=\"async\" title=\"Il castello &quot;Castello del Montgr\u00ed&quot; \u00e8 anche un impressionante motivo fotografico sul palco 6\" height=\"300\" width=\"813\" class=\"skip-lazy fg-image\" data-src-fg=\"https:\/\/www.costabrava-wandern.de\/wp-content\/uploads\/cache\/GR-92-Etappe6-von-Torroella-de-Montgr\u00ed-nach-Begur-1\/105895387.jpg\" src=\"data:image\/svg+xml,%3Csvg%20xmlns%3D%22http%3A%2F%2Fwww.w3.org%2F2000%2Fsvg%22%20width%3D%22813%22%20height%3D%22300%22%20viewBox%3D%220%200%20813%20300%22%3E%3C%2Fsvg%3E\" loading=\"eager\"><\/span><span class=\"fg-image-overlay\"><\/span><\/a><figcaption class=\"fg-caption\">\n<div class=\"fg-caption-inner\">\n<div class=\"fg-caption-title\">Il castello &quot;Castello del Montgr\u00ed&quot; \u00e8 anche un impressionante motivo fotografico sul palco 6<\/div>\n<\/div>\n<\/figcaption><\/figure>\n<div class=\"fg-loader\"><\/div>\n<\/div>\n<div class=\"fg-item fg-type-image fg-idle\">\n<figure class=\"fg-item-inner\"><a href=\"https:\/\/www.costabrava-wandern.de\/wp-content\/uploads\/GR-92-Etappe6-von-Torroella-de-Montgr\u00ed-nach-Begur-2.jpg\" data-caption-title=\"Der kreisrunde Ort &quot;Palau-Sator&quot; liegt in der Mitte unserer heutigen Etappe\" data-attachment-id=\"961\" data-type=\"image\" class=\"fg-thumb\"><span class=\"fg-image-wrap\"><img decoding=\"async\" title=\"La citt\u00e0 circolare di &quot;Palau-Sator&quot; \u00e8 al centro della tappa odierna\" height=\"300\" width=\"853\" class=\"skip-lazy fg-image\" data-src-fg=\"https:\/\/www.costabrava-wandern.de\/wp-content\/uploads\/cache\/GR-92-Etappe6-von-Torroella-de-Montgr\u00ed-nach-Begur-2\/1864401177.jpg\" src=\"data:image\/svg+xml,%3Csvg%20xmlns%3D%22http%3A%2F%2Fwww.w3.org%2F2000%2Fsvg%22%20width%3D%22853%22%20height%3D%22300%22%20viewBox%3D%220%200%20853%20300%22%3E%3C%2Fsvg%3E\" loading=\"eager\"><\/span><span class=\"fg-image-overlay\"><\/span><\/a><figcaption class=\"fg-caption\">\n<div class=\"fg-caption-inner\">\n<div class=\"fg-caption-title\">La citt\u00e0 circolare di &quot;Palau-Sator&quot; \u00e8 al centro della tappa odierna<\/div>\n<\/div>\n<\/figcaption><\/figure>\n<div class=\"fg-loader\"><\/div>\n<\/div>\n<div class=\"fg-item fg-type-image fg-idle\">\n<figure class=\"fg-item-inner\"><a href=\"https:\/\/www.costabrava-wandern.de\/wp-content\/uploads\/GR-92-Etappe6-von-Torroella-de-Montgr\u00ed-nach-Begur-3.jpg\" data-caption-title=\"Manchmal eignet sich auch eine Pf\u00fctze als Fotomotiv\" data-attachment-id=\"962\" data-type=\"image\" class=\"fg-thumb\"><span class=\"fg-image-wrap\"><img decoding=\"async\" title=\"A volte una pozzanghera \u00e8 adatta anche come motivo fotografico\" height=\"300\" width=\"400\" class=\"skip-lazy fg-image\" data-src-fg=\"https:\/\/www.costabrava-wandern.de\/wp-content\/uploads\/cache\/GR-92-Etappe6-von-Torroella-de-Montgr\u00ed-nach-Begur-3\/1557012047.jpg\" src=\"data:image\/svg+xml,%3Csvg%20xmlns%3D%22http%3A%2F%2Fwww.w3.org%2F2000%2Fsvg%22%20width%3D%22400%22%20height%3D%22300%22%20viewBox%3D%220%200%20400%20300%22%3E%3C%2Fsvg%3E\" loading=\"eager\"><\/span><span class=\"fg-image-overlay\"><\/span><\/a><figcaption class=\"fg-caption\">\n<div class=\"fg-caption-inner\">\n<div class=\"fg-caption-title\">A volte una pozzanghera \u00e8 adatta anche come motivo fotografico<\/div>\n<\/div>\n<\/figcaption><\/figure>\n<div class=\"fg-loader\"><\/div>\n<\/div>\n<div class=\"fg-item fg-type-image fg-idle\">\n<figure class=\"fg-item-inner\"><a href=\"https:\/\/www.costabrava-wandern.de\/wp-content\/uploads\/GR-92-Etappe6-von-Torroella-de-Montgr\u00ed-nach-Begur-4.jpg\" data-caption-title=\"Auf Etappe 6 wandern wir zur Abwechslung mal durch Obstplantagen\" data-attachment-id=\"963\" data-type=\"image\" class=\"fg-thumb\"><span class=\"fg-image-wrap\"><img decoding=\"async\" title=\"Nella fase 6 camminiamo attraverso i frutteti per cambiare\" height=\"300\" width=\"400\" class=\"skip-lazy fg-image\" data-src-fg=\"https:\/\/www.costabrava-wandern.de\/wp-content\/uploads\/cache\/GR-92-Etappe6-von-Torroella-de-Montgr\u00ed-nach-Begur-4\/3051855825.jpg\" src=\"data:image\/svg+xml,%3Csvg%20xmlns%3D%22http%3A%2F%2Fwww.w3.org%2F2000%2Fsvg%22%20width%3D%22400%22%20height%3D%22300%22%20viewBox%3D%220%200%20400%20300%22%3E%3C%2Fsvg%3E\" loading=\"eager\"><\/span><span class=\"fg-image-overlay\"><\/span><\/a><figcaption class=\"fg-caption\">\n<div class=\"fg-caption-inner\">\n<div class=\"fg-caption-title\">Nella fase 6 camminiamo attraverso i frutteti per cambiare<\/div>\n<\/div>\n<\/figcaption><\/figure>\n<div class=\"fg-loader\"><\/div>\n<\/div>\n<div class=\"fg-item fg-type-image fg-idle\">\n<figure class=\"fg-item-inner\"><a href=\"https:\/\/www.costabrava-wandern.de\/wp-content\/uploads\/GR-92-Etappe6-von-Torroella-de-Montgr\u00ed-nach-Begur-5.jpg\" data-caption-title=\"Heute ist der Wanderweg deutlich lieblicher als gestern\" data-attachment-id=\"964\" data-type=\"image\" class=\"fg-thumb\"><span class=\"fg-image-wrap\"><img decoding=\"async\" title=\"Oggi il sentiero \u00e8 molto pi\u00f9 bello di ieri\" height=\"300\" width=\"400\" class=\"skip-lazy fg-image\" data-src-fg=\"https:\/\/www.costabrava-wandern.de\/wp-content\/uploads\/cache\/GR-92-Etappe6-von-Torroella-de-Montgr\u00ed-nach-Begur-5\/3210292761.jpg\" src=\"data:image\/svg+xml,%3Csvg%20xmlns%3D%22http%3A%2F%2Fwww.w3.org%2F2000%2Fsvg%22%20width%3D%22400%22%20height%3D%22300%22%20viewBox%3D%220%200%20400%20300%22%3E%3C%2Fsvg%3E\" loading=\"eager\"><\/span><span class=\"fg-image-overlay\"><\/span><\/a><figcaption class=\"fg-caption\">\n<div class=\"fg-caption-inner\">\n<div class=\"fg-caption-title\">Oggi il sentiero \u00e8 molto pi\u00f9 bello di ieri<\/div>\n<\/div>\n<\/figcaption><\/figure>\n<div class=\"fg-loader\"><\/div>\n<\/div>\n<div class=\"fg-item fg-type-image fg-idle\">\n<figure class=\"fg-item-inner\"><a href=\"https:\/\/www.costabrava-wandern.de\/wp-content\/uploads\/GR-92-Etappe6-von-Torroella-de-Montgr\u00ed-nach-Begur-10.jpg\" data-caption-title=\"Etappe 6 f\u00fchrt durch Pals - eine kleine Stadt mit denkmalgesch\u00fctztem mittelalterlichen Ortskern.\" data-attachment-id=\"1014\" data-type=\"image\" class=\"fg-thumb\"><span class=\"fg-image-wrap\"><img decoding=\"async\" title=\"La tappa 6 conduce attraverso Pals, una piccola citt\u00e0 con un centro storico medievale classificato.\" height=\"300\" width=\"1059\" class=\"skip-lazy fg-image\" data-src-fg=\"https:\/\/www.costabrava-wandern.de\/wp-content\/uploads\/cache\/GR-92-Etappe6-von-Torroella-de-Montgr\u00ed-nach-Begur-10\/2286702480.jpg\" src=\"data:image\/svg+xml,%3Csvg%20xmlns%3D%22http%3A%2F%2Fwww.w3.org%2F2000%2Fsvg%22%20width%3D%221059%22%20height%3D%22300%22%20viewBox%3D%220%200%201059%20300%22%3E%3C%2Fsvg%3E\" loading=\"eager\"><\/span><span class=\"fg-image-overlay\"><\/span><\/a><figcaption class=\"fg-caption\">\n<div class=\"fg-caption-inner\">\n<div class=\"fg-caption-title\">La tappa 6 conduce attraverso Pals, una piccola citt\u00e0 con un centro storico medievale classificato.<\/div>\n<\/div>\n<\/figcaption><\/figure>\n<div class=\"fg-loader\"><\/div>\n<\/div>\n<div class=\"fg-item fg-type-image fg-idle\">\n<figure class=\"fg-item-inner\"><a href=\"https:\/\/www.costabrava-wandern.de\/wp-content\/uploads\/GR-92-Etappe6-von-Torroella-de-Montgr\u00ed-nach-Begur-8.jpg\" data-caption-title=\"Am Ende von Etappe 6 lohnt ein Besuch der Burg von Begur: Gerade in der Abendsonne ein ganz besonderer Moment\" data-attachment-id=\"960\" data-type=\"image\" class=\"fg-thumb\"><span class=\"fg-image-wrap\"><img decoding=\"async\" title=\"Al termine della tappa 6, vale la pena visitare il castello di Begur: un momento davvero speciale, soprattutto al sole della sera\" height=\"300\" width=\"978\" class=\"skip-lazy fg-image\" data-src-fg=\"https:\/\/www.costabrava-wandern.de\/wp-content\/uploads\/cache\/GR-92-Etappe6-von-Torroella-de-Montgr\u00ed-nach-Begur-8\/487331158.jpg\" src=\"data:image\/svg+xml,%3Csvg%20xmlns%3D%22http%3A%2F%2Fwww.w3.org%2F2000%2Fsvg%22%20width%3D%22978%22%20height%3D%22300%22%20viewBox%3D%220%200%20978%20300%22%3E%3C%2Fsvg%3E\" loading=\"eager\"><\/span><span class=\"fg-image-overlay\"><\/span><\/a><figcaption class=\"fg-caption\">\n<div class=\"fg-caption-inner\">\n<div class=\"fg-caption-title\">Al termine della tappa 6, vale la pena visitare il castello di Begur: un momento davvero speciale, soprattutto al sole della sera<\/div>\n<\/div>\n<\/figcaption><\/figure>\n<div class=\"fg-loader\"><\/div>\n<\/div>\n<div class=\"fg-item fg-type-image fg-idle\">\n<figure class=\"fg-item-inner\"><a href=\"https:\/\/www.costabrava-wandern.de\/wp-content\/uploads\/GR-92-Etappe6-von-Torroella-de-Montgr\u00ed-nach-Begur-9.jpg\" data-caption-title=\"Abendstimmung auf der Burg von Begur\" data-attachment-id=\"965\" data-type=\"image\" class=\"fg-thumb\"><span class=\"fg-image-wrap\"><img decoding=\"async\" title=\"Atmosfera serale al castello di Begur\" height=\"300\" width=\"558\" class=\"skip-lazy fg-image\" data-src-fg=\"https:\/\/www.costabrava-wandern.de\/wp-content\/uploads\/cache\/GR-92-Etappe6-von-Torroella-de-Montgr\u00ed-nach-Begur-9\/186299345.jpg\" data-srcset-fg=\"https:\/\/www.costabrava-wandern.de\/wp-content\/uploads\/cache\/GR-92-Etappe6-von-Torroella-de-Montgr\u00ed-nach-Begur-9\/426748695.jpg 2x\" src=\"data:image\/svg+xml,%3Csvg%20xmlns%3D%22http%3A%2F%2Fwww.w3.org%2F2000%2Fsvg%22%20width%3D%22558%22%20height%3D%22300%22%20viewBox%3D%220%200%20558%20300%22%3E%3C%2Fsvg%3E\" loading=\"eager\"><\/span><span class=\"fg-image-overlay\"><\/span><\/a><figcaption class=\"fg-caption\">\n<div class=\"fg-caption-inner\">\n<div class=\"fg-caption-title\">Atmosfera serale al castello di Begur<\/div>\n<\/div>\n<\/figcaption><\/figure>\n<div class=\"fg-loader\"><\/div>\n<\/div>\n<\/div>\n<\/div>\n<\/div><\/div><div id=\"panel-168-2-0-1\" class=\"so-panel widget widget_lsow-portfolio panel-last-child\" data-index=\"6\" ><div\n\t\t\t\n\t\t\tclass=\"so-widget-lsow-portfolio so-widget-lsow-portfolio-default-1398c7c9e37b-168\"\n\t\t\t\n\t\t><h3 class=\"widget-title\">Hotel e pensioni consigliati<\/h3><div class=\"lsow-portfolio-wrap lsow-gapless-grid\"><div id=\"lsow-portfolio-69f5714d37c26\" class=\"lsow-portfolio js-isotope lsow-fitRows lsow-grid-container  lsow-grid-desktop-2 lsow-grid-tablet-2 lsow-grid-mobile-1\" data-isotope-options='{ \"itemSelector\": \".lsow-portfolio-item\", \"layoutMode\": \"fitRows\"}'><div data-id=\"id-102\" class=\"lsow-grid-item lsow-portfolio-item  term-4\"><article id=\"post-102\" class=\"post-102 post type-post status-publish format-standard has-post-thumbnail hentry category-gr-92-unterkuenfte post-with-thumbnail post-with-thumbnail-large\"><div class=\"lsow-project-image\"><a href=\"https:\/\/www.costabrava-wandern.de\/it\/etappe-6-uebernachtung-in-begur\/\" target=\"_self\"><img decoding=\"async\" width=\"720\" height=\"223\" src=\"https:\/\/www.costabrava-wandern.de\/wp-content\/uploads\/Hotel-Cluc-in-Begur-Ausblick-von-der-s\u00fcdlichen-Terrasse-1024x317.jpg\" class=\"lsow-image skip-lazy no-lazyload exclude-me a3-notlazy wp-post-image\" alt=\"\" data-no-lazy=\"1\" loading=\"eager\" srcset=\"https:\/\/www.costabrava-wandern.de\/wp-content\/uploads\/Hotel-Cluc-in-Begur-Ausblick-von-der-s\u00fcdlichen-Terrasse-1024x317.jpg 1024w, https:\/\/www.costabrava-wandern.de\/wp-content\/uploads\/Hotel-Cluc-in-Begur-Ausblick-von-der-s\u00fcdlichen-Terrasse-150x47.jpg 150w, https:\/\/www.costabrava-wandern.de\/wp-content\/uploads\/Hotel-Cluc-in-Begur-Ausblick-von-der-s\u00fcdlichen-Terrasse-300x93.jpg 300w, https:\/\/www.costabrava-wandern.de\/wp-content\/uploads\/Hotel-Cluc-in-Begur-Ausblick-von-der-s\u00fcdlichen-Terrasse.jpg 1200w\" sizes=\"(max-width: 720px) 100vw, 720px\" \/><\/a><div class=\"lsow-image-info\"><div class=\"lsow-entry-info\"><h3 class=\"lsow-post-title\"><a href=\"https:\/\/www.costabrava-wandern.de\/it\/etappe-6-uebernachtung-in-begur\/\" title=\"Fase 6: Pernottamento a Begur\" target=\"_self\" rel=\"bookmark\">Fase 6: Pernottamento a Begur<\/a><\/h3><\/div><\/div><!-- .lsow-image-info --><\/div><\/article><!-- .hentry --><\/div><\/div><!-- .lsow-portfolio --><\/div><!-- .lsow-portfolio-wrap --><\/div><\/div><\/div><\/div><\/div>","protected":false},"excerpt":{"rendered":"<p>Die heutige Etappe ist recht entspannt und f\u00fchrt uns durch das liebliche Hinterland. Wir verlassen\u00a0Toroella de Montgr\u00ed und laufen \u00fcber Feldwege und kleine Stra\u00dfen in s\u00fcdlicher Richtung. Der Blick zur\u00fcck lohnt sich: Die Burg &#8222;Castello del Montgr\u00ed&#8220;, die\u00a0auf unserer gestrigen Etappe lag, thront auf der H\u00fcgelkette und ist auch von Ferne ein imposantes Fotomotiv. Heute [&hellip;]<\/p>\n","protected":false},"author":1,"featured_media":0,"comment_status":"closed","ping_status":"open","sticky":false,"template":"","format":"standard","meta":{"footnotes":""},"categories":[9,16],"tags":[],"class_list":["post-168","post","type-post","status-publish","format-standard","hentry","category-gr92-etappe-4-bis-7-von-roses-oder-empuriabrava-bis-palamos","category-etappe-6"],"_links":{"self":[{"href":"https:\/\/www.costabrava-wandern.de\/it\/wp-json\/wp\/v2\/posts\/168","targetHints":{"allow":["GET"]}}],"collection":[{"href":"https:\/\/www.costabrava-wandern.de\/it\/wp-json\/wp\/v2\/posts"}],"about":[{"href":"https:\/\/www.costabrava-wandern.de\/it\/wp-json\/wp\/v2\/types\/post"}],"author":[{"embeddable":true,"href":"https:\/\/www.costabrava-wandern.de\/it\/wp-json\/wp\/v2\/users\/1"}],"replies":[{"embeddable":true,"href":"https:\/\/www.costabrava-wandern.de\/it\/wp-json\/wp\/v2\/comments?post=168"}],"version-history":[{"count":0,"href":"https:\/\/www.costabrava-wandern.de\/it\/wp-json\/wp\/v2\/posts\/168\/revisions"}],"wp:attachment":[{"href":"https:\/\/www.costabrava-wandern.de\/it\/wp-json\/wp\/v2\/media?parent=168"}],"wp:term":[{"taxonomy":"category","embeddable":true,"href":"https:\/\/www.costabrava-wandern.de\/it\/wp-json\/wp\/v2\/categories?post=168"},{"taxonomy":"post_tag","embeddable":true,"href":"https:\/\/www.costabrava-wandern.de\/it\/wp-json\/wp\/v2\/tags?post=168"}],"curies":[{"name":"parola chiave","href":"https:\/\/api.w.org\/{rel}","templated":true}]}}