{"id":184,"date":"2016-10-23T16:17:48","date_gmt":"2016-10-23T14:17:48","guid":{"rendered":"https:\/\/www.costabrava-wandern.de\/?p=184"},"modified":"2019-12-16T10:06:43","modified_gmt":"2019-12-16T09:06:43","slug":"panoramica-delle-fasi-e-sezioni-del-gr92","status":"publish","type":"post","link":"https:\/\/www.costabrava-wandern.de\/it\/ueberblick-ueber-die-etappen-und-abschnitte-des-gr92\/","title":{"rendered":"Panoramica delle fasi e delle sottosezioni del GR92"},"content":{"rendered":"<div id=\"pl-184\"  class=\"panel-layout\" ><div id=\"pg-184-0\"  class=\"panel-grid panel-no-style\" ><div id=\"pgc-184-0-0\"  class=\"panel-grid-cell\" ><div id=\"panel-184-0-0-0\" class=\"so-panel widget widget_sow-image panel-first-child\" data-index=\"0\" ><div\n\t\t\t\n\t\t\tclass=\"so-widget-sow-image so-widget-sow-image-default-dbf295114b96-184\"\n\t\t\t\n\t\t>\n<div class=\"sow-image-container\">\n\t\t\t<a href=\"https:\/\/www.costabrava-wandern.de\/wp-content\/uploads\/GR-92-Etappe-3-von-Cadaqu\u00e9s-nach-Roses-Empuriabrava-11.jpg\"\n\t\t\t\t\t>\n\t\t\t<img \n\tsrc=\"https:\/\/www.costabrava-wandern.de\/wp-content\/uploads\/GR-92-Etappe-3-von-Cadaqu\u00e9s-nach-Roses-Empuriabrava-11.jpg\" width=\"1200\" height=\"520\" srcset=\"https:\/\/www.costabrava-wandern.de\/wp-content\/uploads\/GR-92-Etappe-3-von-Cadaqu\u00e9s-nach-Roses-Empuriabrava-11.jpg 1200w, https:\/\/www.costabrava-wandern.de\/wp-content\/uploads\/GR-92-Etappe-3-von-Cadaqu\u00e9s-nach-Roses-Empuriabrava-11-150x65.jpg 150w, https:\/\/www.costabrava-wandern.de\/wp-content\/uploads\/GR-92-Etappe-3-von-Cadaqu\u00e9s-nach-Roses-Empuriabrava-11-300x130.jpg 300w, https:\/\/www.costabrava-wandern.de\/wp-content\/uploads\/GR-92-Etappe-3-von-Cadaqu\u00e9s-nach-Roses-Empuriabrava-11-1024x444.jpg 1024w\" sizes=\"(max-width: 1200px) 100vw, 1200px\" title=\"Vista sulla riserva naturale di Cap de Creus (tappa 3)\" alt=\"\" \t\tclass=\"so-widget-image\"\/>\n\t\t\t<\/a><\/div>\n\n<h3 class=\"widget-title\">Vista sulla riserva naturale di Cap de Creus (tappa 3)<\/h3><\/div><\/div><div id=\"panel-184-0-0-1\" class=\"so-panel widget widget_sow-editor panel-last-child\" data-index=\"1\" ><div\n\t\t\t\n\t\t\tclass=\"so-widget-sow-editor so-widget-sow-editor-base\"\n\t\t\t\n\t\t>\n<div class=\"siteorigin-widget-tinymce textwidget\">\n\t<p>Le 10 tappe totali in cui puoi percorrere l'intera Costa Brava sul GR92 possono essere suddivise in tre sezioni, all'inizio e alla fine delle quali ci sono collegamenti relativamente buoni con i trasporti pubblici. Quindi, se hai solo una settimana a disposizione, puoi saltare il terzo e ultimo tratto, ad esempio, e salire sull'autobus a Palam\u00f3s alla fine della settima tappa. Sono possibili anche brevi escursioni durante i fine settimana.<\/p>\n<p>La segnaletica del percorso \u00e8 eccellente: con l'aiuto dei numerosi cartelli e della segnaletica a strisce bianche e rosse, \u00e8 davvero impossibile perdersi. Inoltre, \u00e8 utile un'applicazione per smartphone con funzione GPS e mappe offline (ad es. <a href=\"https:\/\/www.wanderndeluxe.de\/viewranger-outdoor-app-fuers-gps-wandern\/\" target=\"_blank\" rel=\"noopener\">Applicazione Viewranger<\/a>) in combinazione con gli itinerari escursionistici disponibili qui come file GPX da scaricare (<a href=\"https:\/\/www.costabrava-wandern.de\/it\/download-di-materiale-cartografico\/\">al download del file GPX<\/a>).<\/p>\n<table id=\"tablepress-1\" class=\"tablepress tablepress-id-1 tbody-has-connected-cells\">\n<thead>\n<tr class=\"row-1\">\n<th class=\"column-1\">Sezione<\/th>\n<th class=\"column-2\">Palcoscenico<\/th>\n<th class=\"column-3\">Inizio della fase<\/th>\n<th class=\"column-4\">Destinazione del palcoscenico \/ <\/p>\n<p>Pernottamento a<\/th>\n<th class=\"column-5\">Percorso<\/th>\n<th class=\"column-6\">Tempo di cammino<\/th>\n<th class=\"column-7\">Salita<\/th>\n<th class=\"column-8\">Discesa<\/th>\n<th class=\"column-9\">Punti di interesse paesaggistico<\/th>\n<\/tr>\n<\/thead>\n<tbody class=\"row-striping row-hover\">\n<tr class=\"row-2\">\n<td rowspan=\"4\" class=\"column-1\"><a href=\"https:\/\/www.costabrava-wandern.de\/it\/categoria\/gr-92-stadi\/gr-92-tappa-da-1-a-3-da-portbou-a-roses-o-empuriabrava-2\/\">Da Portbou<br \/> alle Rose<\/a><\/td>\n<td class=\"column-2\"><a href=\"https:\/\/www.costabrava-wandern.de\/it\/categoria\/gr-92-stadi\/gr-92-tappa-da-1-a-3-da-portbou-a-roses-o-empuriabrava-2\/tappa-1\/\">Fase 1<\/a><\/td>\n<td class=\"column-3\">Portbou\n<\/td>\n<td class=\"column-4\">Llan\u00e7\u00e0<\/td>\n<td class=\"column-5\">10,0 km<\/td>\n<td class=\"column-6\">4:00 h<\/td>\n<td class=\"column-7\">325 m<\/td>\n<td class=\"column-8\">350 m<\/td>\n<td class=\"column-9\">+++<\/td>\n<\/tr>\n<tr class=\"row-3\">\n<td class=\"column-2\"><a href=\"https:\/\/www.costabrava-wandern.de\/it\/categoria\/gr-92-stadi\/gr-92-tappa-da-1-a-3-da-portbou-a-roses-o-empuriabrava-2\/tappa-2\/\">Fase 2<\/a><\/td>\n<td class=\"column-3\">Llan\u00e7\u00e0<\/td>\n<td class=\"column-4\">Cadaqu\u00e9s<\/td>\n<td class=\"column-5\">19,5 km<\/td>\n<td class=\"column-6\">7:45 h<\/td>\n<td class=\"column-7\">475 m<\/td>\n<td class=\"column-8\">475 m<\/td>\n<td class=\"column-9\">+++<\/td>\n<\/tr>\n<tr class=\"row-4\">\n<td class=\"column-2\"><a href=\"https:\/\/www.costabrava-wandern.de\/it\/categoria\/gr-92-stadi\/gr-92-tappa-da-1-a-3-da-portbou-a-roses-o-empuriabrava-2\/tappa-3\/\">Fase 3<\/a><\/td>\n<td class=\"column-3\">Cadaqu\u00e9s<\/td>\n<td class=\"column-4\">Rose<\/td>\n<td class=\"column-5\">21,5 km<\/td>\n<td class=\"column-6\">8:30 h<\/td>\n<td class=\"column-7\">550 m<\/td>\n<td class=\"column-8\">550 m<\/td>\n<td class=\"column-9\">+++<\/td>\n<\/tr>\n<tr class=\"row-5\">\n<td class=\"column-2\"><a href=\"https:\/\/www.costabrava-wandern.de\/it\/alternativa-allo-stadio-3\/\">opzionale<br \/>\nStadio aggiuntivo<br \/>\n<\/a><\/td>\n<td class=\"column-3\">Rose<\/td>\n<td class=\"column-4\">Empuriabrava<\/td>\n<td class=\"column-5\">19,0 km <\/td>\n<td class=\"column-6\">7:45 h<\/td>\n<td class=\"column-7\">70 m<\/td>\n<td class=\"column-8\">70 m<\/td>\n<td class=\"column-9\">+<\/td>\n<\/tr>\n<tr class=\"row-6\">\n<td rowspan=\"4\" class=\"column-1\"><a href=\"https:\/\/www.costabrava-wandern.de\/it\/categoria\/gr-92-stadi\/gr92-tappe-4-a-7-da-rose-o-empuriabrava-a-palamos\/\">Dalle rose <br \/>a Palam\u00f3s<\/a><\/td>\n<td class=\"column-2\"><a href=\"https:\/\/www.costabrava-wandern.de\/it\/categoria\/gr-92-stadi\/gr92-tappe-4-a-7-da-rose-o-empuriabrava-a-palamos\/tappa-4\/\">Fase 4<\/a><\/td>\n<td class=\"column-3\">Empuriabrava<\/td>\n<td class=\"column-4\">L'Escala<\/td>\n<td class=\"column-5\">20,5 km<\/td>\n<td class=\"column-6\">6:15 h<\/td>\n<td class=\"column-7\">120 m<\/td>\n<td class=\"column-8\">120 m<\/td>\n<td class=\"column-9\">++<\/td>\n<\/tr>\n<tr class=\"row-7\">\n<td class=\"column-2\"><a href=\"https:\/\/www.costabrava-wandern.de\/it\/categoria\/gr-92-stadi\/gr92-tappe-4-a-7-da-rose-o-empuriabrava-a-palamos\/tappa-5\/\">Fase 5<\/a><\/td>\n<td class=\"column-3\">L'Escala<\/td>\n<td class=\"column-4\">Torroella de Montgr\u00ed<\/td>\n<td class=\"column-5\">21,0 km<\/td>\n<td class=\"column-6\">8:15 h<\/td>\n<td class=\"column-7\">560 m<\/td>\n<td class=\"column-8\">540 m<\/td>\n<td class=\"column-9\">++<\/td>\n<\/tr>\n<tr class=\"row-8\">\n<td class=\"column-2\"><a href=\"https:\/\/www.costabrava-wandern.de\/it\/categoria\/gr-92-stadi\/gr92-tappe-4-a-7-da-rose-o-empuriabrava-a-palamos\/tappa-6\/\">Fase 6<\/a><\/td>\n<td class=\"column-3\">Torroella de Montgr\u00ed<\/td>\n<td class=\"column-4\">Begur<\/td>\n<td class=\"column-5\">21,5 km<\/td>\n<td class=\"column-6\">6:30 h<\/td>\n<td class=\"column-7\">390 m<\/td>\n<td class=\"column-8\">210 m<\/td>\n<td class=\"column-9\">++<\/td>\n<\/tr>\n<tr class=\"row-9\">\n<td class=\"column-2\"><a href=\"https:\/\/www.costabrava-wandern.de\/it\/categoria\/gr-92-stadi\/gr92-tappe-4-a-7-da-rose-o-empuriabrava-a-palamos\/tappa-7\/\">Fase 7<\/a><\/td>\n<td class=\"column-3\">Begur<\/td>\n<td class=\"column-4\">Palam\u00f3s<\/td>\n<td class=\"column-5\">22,50 km<\/td>\n<td class=\"column-6\">7:00 h<\/td>\n<td class=\"column-7\">470 m<\/td>\n<td class=\"column-8\">660 m<\/td>\n<td class=\"column-9\">+++<\/td>\n<\/tr>\n<tr class=\"row-10\">\n<td rowspan=\"3\" class=\"column-1\"><a href=\"https:\/\/www.costabrava-wandern.de\/it\/categoria\/gr-92-stadi\/gr-92-tappa-dall8-alla-10-da-palamos-a-lloret-de-mar-2\/\">da Palam\u00f3s <br \/>a Lloret de Mar<\/a><\/td>\n<td class=\"column-2\"><a href=\"https:\/\/www.costabrava-wandern.de\/it\/categoria\/gr-92-stadi\/gr-92-tappa-dall8-alla-10-da-palamos-a-lloret-de-mar-2\/tappa-8\/\">Fase 8<\/a><\/td>\n<td class=\"column-3\">Palam\u00f3s<\/td>\n<td class=\"column-4\">S'Agar\u00f3 \/ Sant Feliu de Gu\u00edxols<\/td>\n<td class=\"column-5\">14,5 km<\/td>\n<td class=\"column-6\">4:30 h<\/td>\n<td class=\"column-7\">135 m<\/td>\n<td class=\"column-8\">135 m<\/td>\n<td class=\"column-9\">++<\/td>\n<\/tr>\n<tr class=\"row-11\">\n<td class=\"column-2\"><a href=\"https:\/\/www.costabrava-wandern.de\/it\/categoria\/gr-92-stadi\/gr-92-tappa-dall8-alla-10-da-palamos-a-lloret-de-mar-2\/tappa-9\/\">Fase 9<\/a><\/td>\n<td class=\"column-3\">S'Agar\u00f3 \/ Sant Feliu de Gu\u00edxols<\/td>\n<td class=\"column-4\">Tossa de Mar<\/td>\n<td class=\"column-5\">23,5 km<\/td>\n<td class=\"column-6\">7:45 h<\/td>\n<td class=\"column-7\">640 m<\/td>\n<td class=\"column-8\">640 m<\/td>\n<td class=\"column-9\">++<\/td>\n<\/tr>\n<tr class=\"row-12\">\n<td class=\"column-2\"><a href=\"https:\/\/www.costabrava-wandern.de\/it\/categoria\/gr-92-stadi\/gr-92-tappa-dall8-alla-10-da-palamos-a-lloret-de-mar-2\/tappa-10\/\">Fase 10<\/a><\/td>\n<td class=\"column-3\">Tossa de Mar<\/td>\n<td class=\"column-4\">Lloret de Mar<\/td>\n<td class=\"column-5\">13,0 km<\/td>\n<td class=\"column-6\">4:00 h<\/td>\n<td class=\"column-7\">380 m<\/td>\n<td class=\"column-8\">360 m<\/td>\n<td class=\"column-9\">+<\/td>\n<\/tr>\n<tr class=\"row-13\">\n<td colspan=\"3\" class=\"column-1\"> + se applicabile <a href=\"https:\/\/www.costabrava-wandern.de\/it\/categoria\/gr-92-stadi\/barcellona\/\">Breve vacanza <br \/>a Barcellona<\/a><\/td>\n<td colspan=\"5\" class=\"column-4\">Barcellona<\/td>\n<td class=\"column-9\">+++<\/td>\n<\/tr>\n<tr class=\"row-14\">\n<td class=\"column-1\"><b>Totale<\/b><br \/>\n(+ fase aggiuntiva se necessario)<\/td>\n<td class=\"column-2\"><\/td>\n<td class=\"column-3\"><\/td>\n<td class=\"column-4\"><\/td>\n<td class=\"column-5\"><b>187,5 km<\/b><\/td>\n<td class=\"column-6\"><b>64:30 h<\/b><\/td>\n<td class=\"column-7\"><b>4.045 m<\/b><\/td>\n<td class=\"column-8\"><b>4.040 m<\/b><\/td>\n<td class=\"column-9\"><\/td>\n<\/tr>\n<\/tbody>\n<\/table>\n<p><!-- #tablepress-1 from cache --><\/p>\n<\/div>\n<\/div><\/div><\/div><\/div><\/div>","protected":false},"excerpt":{"rendered":"<p>Die insgesamt 10 Etappen, auf denen man auf dem GR92 die gesamte Costa Brava entlangwandern kann, lassen sich in drei Teilabschnitte gliedern, an deren Anfang und Ende es eine relativ gute Anbindung an \u00f6ffentliche Verkehrsmittel gibt. Wer also nur eine Woche Zeit hat, kann z.B. den dritten und letzten Teilabschnitt auslassen und am Ende von [&hellip;]<\/p>\n","protected":false},"author":1,"featured_media":0,"comment_status":"closed","ping_status":"open","sticky":false,"template":"","format":"standard","meta":{"footnotes":""},"categories":[11],"tags":[],"class_list":["post-184","post","type-post","status-publish","format-standard","hentry","category-gr-92-ueberblick-alle-etappen"],"_links":{"self":[{"href":"https:\/\/www.costabrava-wandern.de\/it\/wp-json\/wp\/v2\/posts\/184","targetHints":{"allow":["GET"]}}],"collection":[{"href":"https:\/\/www.costabrava-wandern.de\/it\/wp-json\/wp\/v2\/posts"}],"about":[{"href":"https:\/\/www.costabrava-wandern.de\/it\/wp-json\/wp\/v2\/types\/post"}],"author":[{"embeddable":true,"href":"https:\/\/www.costabrava-wandern.de\/it\/wp-json\/wp\/v2\/users\/1"}],"replies":[{"embeddable":true,"href":"https:\/\/www.costabrava-wandern.de\/it\/wp-json\/wp\/v2\/comments?post=184"}],"version-history":[{"count":0,"href":"https:\/\/www.costabrava-wandern.de\/it\/wp-json\/wp\/v2\/posts\/184\/revisions"}],"wp:attachment":[{"href":"https:\/\/www.costabrava-wandern.de\/it\/wp-json\/wp\/v2\/media?parent=184"}],"wp:term":[{"taxonomy":"category","embeddable":true,"href":"https:\/\/www.costabrava-wandern.de\/it\/wp-json\/wp\/v2\/categories?post=184"},{"taxonomy":"post_tag","embeddable":true,"href":"https:\/\/www.costabrava-wandern.de\/it\/wp-json\/wp\/v2\/tags?post=184"}],"curies":[{"name":"parola chiave","href":"https:\/\/api.w.org\/{rel}","templated":true}]}}