{"id":2072,"date":"2017-06-24T17:31:39","date_gmt":"2017-06-24T15:31:39","guid":{"rendered":"https:\/\/www.costabrava-wandern.de\/?p=2072"},"modified":"2019-12-16T10:41:43","modified_gmt":"2019-12-16T09:41:43","slug":"soggiorno-breve-a-barcellona-la-catalana-art-nouveau-metropoli-al-mare","status":"publish","type":"post","link":"https:\/\/www.costabrava-wandern.de\/it\/kurzaufenthalt-in-barcelona-die-katalanische-jugendstil-metropole-am-meer\/","title":{"rendered":"Breve soggiorno a Barcellona: la metropoli catalana in stile Art Nouveau sul mare"},"content":{"rendered":"<div id=\"pl-2072\"  class=\"panel-layout\" ><div id=\"pg-2072-0\"  class=\"panel-grid panel-no-style\" ><div id=\"pgc-2072-0-0\"  class=\"panel-grid-cell\" ><div id=\"panel-2072-0-0-0\" class=\"so-panel widget widget_sow-editor panel-first-child panel-last-child\" data-index=\"0\" ><div\n\t\t\t\n\t\t\tclass=\"so-widget-sow-editor so-widget-sow-editor-base\"\n\t\t\t\n\t\t>\n<div class=\"siteorigin-widget-tinymce textwidget\">\n\t<p>Se sei in vacanza sulla Costa Brava, pensiamo che dovresti assolutamente programmare un breve soggiorno a Barcellona! Alcuni giorni e notti nella vivace metropoli mediterranea catalana sono la conclusione perfetta di una vacanza a piedi sul GR-92!<br \/>\nPer rendere il tuo breve soggiorno a Barcellona un viaggio rilassante, abbiamo raccolto qui alcuni consigli:<\/p>\n<ul>\n<li><strong>Deposita un bagaglio extra a Barcellona:<\/strong>\u00a0Se arrivi dall'aeroporto di Barcellona, dovrai comunque recarti in centro citt\u00e0 o in Plaza Catalunya per raggiungere il punto di partenza dell'escursione a Portbou (vedi anche <a href=\"https:\/\/www.costabrava-wandern.de\/it\/arrivo-in-costa-brava\/\">Arrivo<\/a>). In questa occasione, \u00e8 possibile depositare nell'armadietto dei bagagli una valigia con abiti freschi adatti alla grande citt\u00e0. Info sotto <a href=\"http:\/\/www.lockerbarcelona.com\/\" target=\"_blank\" rel=\"noopener\">www.lockerbarcelona.com<\/a>Questo fornitore \u00e8 situato in posizione centrale, nelle immediate vicinanze di Plaza Catalunya. Sono disponibili armadietti di varie dimensioni a partire da circa 3,50\u20ac al giorno (gli affitti a lungo termine sono solitamente pi\u00f9 economici su richiesta).<\/li>\n<li><strong>Borseggio:<\/strong>\u00a0Barcellona \u00e8 purtroppo considerata una roccaforte dei borseggiatori in Europa. Per questo motivo, per precauzione, gli oggetti di valore devono essere conservati nell'armadietto dell'hotel. Le borse e gli zaini non devono mai essere posizionati liberamente accanto a una sedia o a un tavolo, ma devono essere almeno fissati con una gamba della sedia.<\/li>\n<li><strong>Quartieri popolari:<\/strong>\u00a0Per chi vuole immergersi nella vita di questa straordinaria citt\u00e0 per qualche giorno, consigliamo di alloggiare in uno dei seguenti quartieri:<\/li>\n<\/ul>\n<p><!--Die Costa Brava endet kurz nach Lloret de Mar an der Tordera-Flussm\u00fcndung. Der \"Cam\u00ed de Ronda\" und damit auch unsere Costa-Brava-K\u00fcstenwanderung ist hier zu Ende. Der offizielle GR 92 ist jedoch noch um einiges l\u00e4nger und sogar Teil des europ\u00e4ischen Fernwanderwegs E 10. An der Tordera-Flussm\u00fcndung biegt der GR 92 im weiteren Verlauf ins Hinterland ab, umrundet Barcelona und f\u00fchrt weiter bis zum Ebro-Flussdelta bei Amposta. Allerdings sind hier auf einigen Abschnitten die \u00dcbernachtungsm\u00f6glichkeiten rar ges\u00e4t, so dass das Wandern hier beschwerlicher wird. Deshalb haben wir uns\u00a0bei der Costa-Brava-K\u00fcstenwanderung auf\u00a0den gut erschlossenen Teil des GR 92 konzentriert.\nAnstatt den Ballungsraum <strong>Barcelona<\/strong> m\u00fchevoll zu umgehen, empfehlen wir den Wanderurlaub lieber mit einem <strong>St\u00e4dtetripp<\/strong> zu verbinden! Nach zehn schwei\u00dftreibenden Wandertagen l\u00e4sst sich das mediterrane Lebensgef\u00fchl der katalanischen Metropole mit ihren unz\u00e4hligen Caf\u00e9s, Bars, engen Gassen und sch\u00f6nen Pl\u00e4tzen noch viel intensiver genie\u00dfen!--><\/p>\n<\/div>\n<\/div><\/div><\/div><\/div><div id=\"pg-2072-1\"  class=\"panel-grid panel-no-style\" ><div id=\"pgc-2072-1-0\"  class=\"panel-grid-cell\" ><div id=\"panel-2072-1-0-0\" class=\"so-panel widget widget_circleicon-widget panel-first-child panel-last-child\" data-index=\"1\" >\t\t<div class=\"circle-icon-box circle-icon-position-left circle-icon-hide-box circle-icon-size-small\">\n\t\t\t<div class=\"circle-icon-wrapper\">\n\t\t\t\t<a href=\"http:\/\/www.booking.com\/searchresults.html?district=1289&#038;aid=947820\" class=\"link-icon\" target=\"_blank\" rel=\"noopener\">\t\t\t\t<div class=\"circle-icon icon-style-set\" style=\"background-color: #bfbfbf\">\n\t\t\t\t\t<div class=\"fa fa-glass icon-color-set\" ><\/div>\t\t\t\t<\/div>\n\t\t\t\t<\/a>\t\t\t<\/div>\n\n\t\t\t<a href=\"http:\/\/www.booking.com\/searchresults.html?district=1289&#038;aid=947820\" class=\"link-title\" target=\"_blank\" rel=\"noopener\">\t\t\t<h4 >Pernottamento nel quartiere di El Born<\/h4>\t\t\t<\/a>\n\t\t\t<p class=\"text\" >L'area intorno alla cattedrale \"Santa Maria del Mar\" \u00e8 un quartiere affascinante con strette strade medievali e molti ristoranti e bar. Qui si sono stabiliti molti creativi, artisti e artigiani. Qui nascono continuamente piccoli marchi di moda e nuovi concetti gastronomici. <\/p>\t\t\t\t\t\t\t<a href=\"http:\/\/www.booking.com\/searchresults.html?district=1289&#038;aid=947820\" class=\"more-button\" target=\"_blank\" rel=\"noopener\">Cerca un alloggio a El Born su booking.com <i><\/i><\/a>\n\t\t\t\t\t<\/div>\n\t\t<\/div><\/div><div id=\"pgc-2072-1-1\"  class=\"panel-grid-cell\" ><div id=\"panel-2072-1-1-0\" class=\"so-panel widget widget_circleicon-widget panel-first-child panel-last-child\" data-index=\"2\" >\t\t<div class=\"circle-icon-box circle-icon-position-left circle-icon-hide-box circle-icon-size-small\">\n\t\t\t<div class=\"circle-icon-wrapper\">\n\t\t\t\t<a href=\"http:\/\/www.booking.com\/searchresults.html?district=167&#038;aid=947820\" class=\"link-icon\" target=\"_blank\" rel=\"noopener\">\t\t\t\t<div class=\"circle-icon icon-style-set\" style=\"background-color: #bfbfbf\">\n\t\t\t\t\t<div class=\"fa fa-fort-awesome icon-color-set\" ><\/div>\t\t\t\t<\/div>\n\t\t\t\t<\/a>\t\t\t<\/div>\n\n\t\t\t<a href=\"http:\/\/www.booking.com\/searchresults.html?district=167&#038;aid=947820\" class=\"link-title\" target=\"_blank\" rel=\"noopener\">\t\t\t<h4 >Pernottamento nel quartiere dell'Eixample<\/h4>\t\t\t<\/a>\n\t\t\t<p class=\"text\" >\"L'Eixample \u00e8 la piazza dell'Art Nouveau e il quartiere degli architetti di Barcellona: le facciate ornamentali degli edifici, la maggior parte dei quali risale al XIX secolo, danno un'idea della prosperit\u00e0 dell'alta borghesia dell'epoca. I punti di riferimento architettonici di fama mondiale: Sagrada Familia, Casa Batll\u00f3, Casa Mil\u00e0. Situato in posizione centrale, a nord del centro storico.<\/p>\t\t\t\t\t\t\t<a href=\"http:\/\/www.booking.com\/searchresults.html?district=167&#038;aid=947820\" class=\"more-button\" target=\"_blank\" rel=\"noopener\">Cerca un alloggio a Eixample su booking.com <i><\/i><\/a>\n\t\t\t\t\t<\/div>\n\t\t<\/div><\/div><div id=\"pgc-2072-1-2\"  class=\"panel-grid-cell\" ><div id=\"panel-2072-1-2-0\" class=\"so-panel widget widget_circleicon-widget panel-first-child panel-last-child\" data-index=\"3\" >\t\t<div class=\"circle-icon-box circle-icon-position-left circle-icon-hide-box circle-icon-size-small\">\n\t\t\t<div class=\"circle-icon-wrapper\">\n\t\t\t\t<a href=\"http:\/\/www.booking.com\/searchresults.html?district=5662&#038;aid=947820\" class=\"link-icon\" target=\"_blank\" rel=\"noopener\">\t\t\t\t<div class=\"circle-icon icon-style-set\" style=\"background-color: #bfbfbf\">\n\t\t\t\t\t<div class=\"fa fa-shopping-basket icon-color-set\" ><\/div>\t\t\t\t<\/div>\n\t\t\t\t<\/a>\t\t\t<\/div>\n\n\t\t\t<a href=\"http:\/\/www.booking.com\/searchresults.html?district=5662&#038;aid=947820\" class=\"link-title\" target=\"_blank\" rel=\"noopener\">\t\t\t<h4 >Pernottamento nel quartiere \"El Raval<\/h4>\t\t\t<\/a>\n\t\t\t<p class=\"text\" >\"El Raval\" \u00e8 il quartiere multiculturale di Barcellona. Qui i giovani pattinatori e gli amanti dell'arte si incontrano nella piazza di fronte al museo di arte contemporanea MACBA. Qui si trova anche \"La Boqueria\", probabilmente il mercato coperto pi\u00f9 bello d'Europa! <\/p>\t\t\t\t\t\t\t<a href=\"http:\/\/www.booking.com\/searchresults.html?district=5662&#038;aid=947820\" class=\"more-button\" target=\"_blank\" rel=\"noopener\">Cerca un alloggio nel quartiere Raval su booking.com <i><\/i><\/a>\n\t\t\t\t\t<\/div>\n\t\t<\/div><\/div><\/div><\/div>","protected":false},"excerpt":{"rendered":"<p>Wer an der Costa Brava Urlaub macht, sollte aus unserer Sicht unbedingt auch einen Kurzaufenthalt in Barcelona einplanen! Ein paar Tage und N\u00e4chte in der pulsierende katalanische Mittelmeer-Metropole sind der perfekte Ausklang nach einem Wanderurlaub auf dem GR-92! Damit der Kurzaufenthalt in Barcelona zu einem entspannten St\u00e4dte-Trip wird, haben wir hier ein paar Tipps zusammengestellt: [&hellip;]<\/p>\n","protected":false},"author":1,"featured_media":2059,"comment_status":"closed","ping_status":"open","sticky":false,"template":"","format":"standard","meta":{"footnotes":""},"categories":[37],"tags":[],"class_list":{"0":"post-2072","1":"post","2":"type-post","3":"status-publish","4":"format-standard","5":"has-post-thumbnail","6":"hentry","7":"category-barcelona","9":"post-with-thumbnail","10":"post-with-thumbnail-large"},"_links":{"self":[{"href":"https:\/\/www.costabrava-wandern.de\/it\/wp-json\/wp\/v2\/posts\/2072","targetHints":{"allow":["GET"]}}],"collection":[{"href":"https:\/\/www.costabrava-wandern.de\/it\/wp-json\/wp\/v2\/posts"}],"about":[{"href":"https:\/\/www.costabrava-wandern.de\/it\/wp-json\/wp\/v2\/types\/post"}],"author":[{"embeddable":true,"href":"https:\/\/www.costabrava-wandern.de\/it\/wp-json\/wp\/v2\/users\/1"}],"replies":[{"embeddable":true,"href":"https:\/\/www.costabrava-wandern.de\/it\/wp-json\/wp\/v2\/comments?post=2072"}],"version-history":[{"count":0,"href":"https:\/\/www.costabrava-wandern.de\/it\/wp-json\/wp\/v2\/posts\/2072\/revisions"}],"wp:featuredmedia":[{"embeddable":true,"href":"https:\/\/www.costabrava-wandern.de\/it\/wp-json\/wp\/v2\/media\/2059"}],"wp:attachment":[{"href":"https:\/\/www.costabrava-wandern.de\/it\/wp-json\/wp\/v2\/media?parent=2072"}],"wp:term":[{"taxonomy":"category","embeddable":true,"href":"https:\/\/www.costabrava-wandern.de\/it\/wp-json\/wp\/v2\/categories?post=2072"},{"taxonomy":"post_tag","embeddable":true,"href":"https:\/\/www.costabrava-wandern.de\/it\/wp-json\/wp\/v2\/tags?post=2072"}],"curies":[{"name":"parola chiave","href":"https:\/\/api.w.org\/{rel}","templated":true}]}}