{"id":275,"date":"2017-03-19T21:55:06","date_gmt":"2017-03-19T20:55:06","guid":{"rendered":"https:\/\/www.costabrava-wandern.de\/?p=275"},"modified":"2021-11-06T10:05:21","modified_gmt":"2021-11-06T09:05:21","slug":"alloggio-sulla-costabrava-lungo-il-gr-92","status":"publish","type":"post","link":"https:\/\/www.costabrava-wandern.de\/it\/unterkuenfte-an-der-costabrava-entlang-des-gr-92\/","title":{"rendered":"Alloggio sulla Costa Brava lungo il GR 92"},"content":{"rendered":"<div id=\"pl-275\"  class=\"panel-layout\" ><div id=\"pg-275-0\"  class=\"panel-grid panel-no-style\" ><div id=\"pgc-275-0-0\"  class=\"panel-grid-cell\" ><div id=\"panel-275-0-0-0\" class=\"so-panel widget widget_sow-image panel-first-child panel-last-child\" data-index=\"0\" ><div\n\t\t\t\n\t\t\tclass=\"so-widget-sow-image so-widget-sow-image-default-8b5b6f678277-275\"\n\t\t\t\n\t\t>\n<div class=\"sow-image-container\">\n\t\t\t<a href=\"https:\/\/www.costabrava-wandern.de\/wp-content\/uploads\/Hotel-Cluc-in-Begur-liebevoll-zubereitetes-Fr\u00fchst\u00fccksbuffet-im-Innenhof.jpg\"\n\t\t\t\t\t>\n\t\t\t<img \n\tsrc=\"https:\/\/www.costabrava-wandern.de\/wp-content\/uploads\/Hotel-Cluc-in-Begur-liebevoll-zubereitetes-Fr\u00fchst\u00fccksbuffet-im-Innenhof.jpg\" width=\"1200\" height=\"549\" srcset=\"https:\/\/www.costabrava-wandern.de\/wp-content\/uploads\/Hotel-Cluc-in-Begur-liebevoll-zubereitetes-Fr\u00fchst\u00fccksbuffet-im-Innenhof.jpg 1200w, https:\/\/www.costabrava-wandern.de\/wp-content\/uploads\/Hotel-Cluc-in-Begur-liebevoll-zubereitetes-Fr\u00fchst\u00fccksbuffet-im-Innenhof-150x69.jpg 150w, https:\/\/www.costabrava-wandern.de\/wp-content\/uploads\/Hotel-Cluc-in-Begur-liebevoll-zubereitetes-Fr\u00fchst\u00fccksbuffet-im-Innenhof-300x137.jpg 300w, https:\/\/www.costabrava-wandern.de\/wp-content\/uploads\/Hotel-Cluc-in-Begur-liebevoll-zubereitetes-Fr\u00fchst\u00fccksbuffet-im-Innenhof-1024x468.jpg 1024w\" sizes=\"(max-width: 1200px) 100vw, 1200px\" title=\"Hotel Cluc a Begur - colazione a buffet preparata con cura nel cortile interno\" alt=\"\" \t\tclass=\"so-widget-image\"\/>\n\t\t\t<\/a><\/div>\n\n<\/div><\/div><\/div><\/div><div id=\"pg-275-1\"  class=\"panel-grid panel-no-style\" ><div id=\"pgc-275-1-0\"  class=\"panel-grid-cell\" ><div id=\"panel-275-1-0-0\" class=\"so-panel widget widget_sow-editor panel-first-child panel-last-child\" data-index=\"1\" ><div\n\t\t\t\n\t\t\tclass=\"so-widget-sow-editor so-widget-sow-editor-base\"\n\t\t\t\n\t\t>\n<div class=\"siteorigin-widget-tinymce textwidget\">\n\t<p>L&#039;escursione a tappe sulla Costa Brava colpisce soprattutto per il grande paesaggio, la vista costante sul mare azzurro, le soste (per il nuoto) in baie pittoresche e l&#039;opportunit\u00e0 di sostare nei pittoreschi centri cittadini. Ma chi non sogna una doccia calda e un letto appena rifatto al termine di una dura giornata di escursioni?<\/p>\n<p>La Costa Brava ha molto da offrire anche in questo senso: la gamma di opzioni di alloggio \u00e8 ampia e varia come quasi nessun altro sentiero escursionistico a lunga distanza. Da un lato ci sono le numerose pensioni e bed and breakfast a conduzione familiare (&quot;Hostal&quot;), piccoli boutique hotel nelle mura storiche e castelli trasformati in hotel, dall&#039;altro gli hotel sulla spiaggia e bed and castle sulla costa.<\/p>\n<p>Raccomandiamo di non fare troppo affidamento sulla classificazione delle stelle al momento della prenotazione dell&#039;alloggio. Un hotel a 1 stella piccolo, ma gestito in modo affascinante e personalizzato pu\u00f2 sicuramente essere pi\u00f9 utile (e anche pi\u00f9 costoso) dell&#039;hotel a 3 stelle senza volto proprio accanto.<\/p>\n<p>Abbiamo raccolto alcuni consigli sugli hotel qui sul nostro sito Web e anche preparato una pratica tabella riepilogativa per pianificare il tuo viaggio: <a href=\"https:\/\/www.costabrava-wandern.de\/it\/tabelle-overview-pianificazione-viaggio-per-la-gr-92\/\">al tavolo progettuale<\/a>.<\/p>\n<\/div>\n<\/div><\/div><\/div><div id=\"pgc-275-1-1\"  class=\"panel-grid-cell\" ><div id=\"panel-275-1-1-0\" class=\"so-panel widget widget_sow-editor panel-first-child panel-last-child\" data-index=\"2\" ><div\n\t\t\t\n\t\t\tclass=\"so-widget-sow-editor so-widget-sow-editor-base\"\n\t\t\t\n\t\t>\n<div class=\"siteorigin-widget-tinymce textwidget\">\n\t<p><a href=\"https:\/\/www.costabrava-wandern.de\/wp-content\/uploads\/Unterk\u00fcnfte-buchen-an-der-Costa-Brava.jpg\"><img loading=\"lazy\" decoding=\"async\" class=\"alignnone wp-image-1212 size-full\" src=\"https:\/\/www.costabrava-wandern.de\/wp-content\/uploads\/Unterk\u00fcnfte-buchen-an-der-Costa-Brava.jpg\" alt=\"\" width=\"1045\" height=\"839\" srcset=\"https:\/\/www.costabrava-wandern.de\/wp-content\/uploads\/Unterk\u00fcnfte-buchen-an-der-Costa-Brava.jpg 1045w, https:\/\/www.costabrava-wandern.de\/wp-content\/uploads\/Unterk\u00fcnfte-buchen-an-der-Costa-Brava-150x120.jpg 150w, https:\/\/www.costabrava-wandern.de\/wp-content\/uploads\/Unterk\u00fcnfte-buchen-an-der-Costa-Brava-300x241.jpg 300w, https:\/\/www.costabrava-wandern.de\/wp-content\/uploads\/Unterk\u00fcnfte-buchen-an-der-Costa-Brava-1024x822.jpg 1024w\" sizes=\"auto, (max-width: 1045px) 100vw, 1045px\" \/><\/a><\/p>\n<\/div>\n<\/div><\/div><\/div><\/div><div id=\"pg-275-2\"  class=\"panel-grid panel-no-style\" ><div id=\"pgc-275-2-0\"  class=\"panel-grid-cell\" ><div id=\"panel-275-2-0-0\" class=\"so-panel widget widget_lsow-portfolio panel-first-child\" data-index=\"3\" ><div\n\t\t\t\n\t\t\tclass=\"so-widget-lsow-portfolio so-widget-lsow-portfolio-default-696cd1a70120-275\"\n\t\t\t\n\t\t><div class=\"lsow-portfolio-wrap lsow-gapless-grid\"><div id=\"lsow-portfolio-69f713be16924\" class=\"lsow-portfolio js-isotope lsow-masonry lsow-grid-container  lsow-grid-desktop-3 lsow-grid-tablet-2 lsow-grid-mobile-1\" data-isotope-options='{ \"itemSelector\": \".lsow-portfolio-item\", \"layoutMode\": \"masonry\"}'><div data-id=\"id-106\" class=\"lsow-grid-item lsow-portfolio-item  term-4\"><article id=\"post-106\" class=\"post-106 post type-post status-publish format-standard has-post-thumbnail hentry category-gr-92-unterkuenfte post-with-thumbnail post-with-thumbnail-large\"><div class=\"lsow-project-image\"><a href=\"https:\/\/www.costabrava-wandern.de\/it\/etappe-4-uebernachtung-in-lescala\/\" target=\"_self\"><img fetchpriority=\"high\" decoding=\"async\" width=\"720\" height=\"248\" src=\"https:\/\/www.costabrava-wandern.de\/wp-content\/uploads\/Hostal-Spa-Empuries-1024x353.jpg\" class=\"lsow-image skip-lazy no-lazyload exclude-me a3-notlazy wp-post-image\" alt=\"\" data-no-lazy=\"1\" loading=\"eager\" srcset=\"https:\/\/www.costabrava-wandern.de\/wp-content\/uploads\/Hostal-Spa-Empuries-1024x353.jpg 1024w, https:\/\/www.costabrava-wandern.de\/wp-content\/uploads\/Hostal-Spa-Empuries-150x52.jpg 150w, https:\/\/www.costabrava-wandern.de\/wp-content\/uploads\/Hostal-Spa-Empuries-300x104.jpg 300w, https:\/\/www.costabrava-wandern.de\/wp-content\/uploads\/Hostal-Spa-Empuries.jpg 1200w\" sizes=\"(max-width: 720px) 100vw, 720px\" \/><\/a><div class=\"lsow-image-info\"><div class=\"lsow-entry-info\"><h3 class=\"lsow-post-title\"><a href=\"https:\/\/www.costabrava-wandern.de\/it\/etappe-4-uebernachtung-in-lescala\/\" title=\"Tappa 4: Pernottamento a L&#039;Escala\" target=\"_self\" rel=\"bookmark\">Tappa 4: Pernottamento a L'Escala<\/a><\/h3><\/div><\/div><!-- .lsow-image-info --><\/div><\/article><!-- .hentry --><\/div><div data-id=\"id-119\" class=\"lsow-grid-item lsow-portfolio-item  term-4\"><article id=\"post-119\" class=\"post-119 post type-post status-publish format-standard has-post-thumbnail hentry category-gr-92-unterkuenfte post-with-thumbnail post-with-thumbnail-large\"><div class=\"lsow-project-image\"><a href=\"https:\/\/www.costabrava-wandern.de\/it\/etappe-3-uebernachtung-in-roses-oder-empuriabrava\/\" target=\"_self\"><img decoding=\"async\" width=\"720\" height=\"293\" src=\"https:\/\/www.costabrava-wandern.de\/wp-content\/uploads\/Aparthotel-Xons-Platja-in-Empuriabrava-1024x417.jpg\" class=\"lsow-image skip-lazy no-lazyload exclude-me a3-notlazy wp-post-image\" alt=\"\" data-no-lazy=\"1\" loading=\"eager\" srcset=\"https:\/\/www.costabrava-wandern.de\/wp-content\/uploads\/Aparthotel-Xons-Platja-in-Empuriabrava-1024x417.jpg 1024w, https:\/\/www.costabrava-wandern.de\/wp-content\/uploads\/Aparthotel-Xons-Platja-in-Empuriabrava-150x61.jpg 150w, https:\/\/www.costabrava-wandern.de\/wp-content\/uploads\/Aparthotel-Xons-Platja-in-Empuriabrava-300x122.jpg 300w, https:\/\/www.costabrava-wandern.de\/wp-content\/uploads\/Aparthotel-Xons-Platja-in-Empuriabrava.jpg 1200w\" sizes=\"(max-width: 720px) 100vw, 720px\" \/><\/a><div class=\"lsow-image-info\"><div class=\"lsow-entry-info\"><h3 class=\"lsow-post-title\"><a href=\"https:\/\/www.costabrava-wandern.de\/it\/etappe-3-uebernachtung-in-roses-oder-empuriabrava\/\" title=\"Tappa 3: Pernottamento a Roses o Empuriabrava\" target=\"_self\" rel=\"bookmark\">Tappa 3: Pernottamento a Roses o Empuriabrava<\/a><\/h3><\/div><\/div><!-- .lsow-image-info --><\/div><\/article><!-- .hentry --><\/div><div data-id=\"id-87\" class=\"lsow-grid-item lsow-portfolio-item  term-4\"><article id=\"post-87\" class=\"post-87 post type-post status-publish format-standard has-post-thumbnail hentry category-gr-92-unterkuenfte post-with-thumbnail post-with-thumbnail-large\"><div class=\"lsow-project-image\"><a href=\"https:\/\/www.costabrava-wandern.de\/it\/etappe-2-uebernachtung-in-cadaques\/\" target=\"_self\"><img decoding=\"async\" width=\"720\" height=\"328\" src=\"https:\/\/www.costabrava-wandern.de\/wp-content\/uploads\/Von-links-nach-rechts-Hostal-Marina-Cadaqu\u00e9s-Hostal-Cristina-Hotel-La-Residencia-1024x467.jpg\" class=\"lsow-image skip-lazy no-lazyload exclude-me a3-notlazy wp-post-image\" alt=\"\" data-no-lazy=\"1\" loading=\"eager\" srcset=\"https:\/\/www.costabrava-wandern.de\/wp-content\/uploads\/Von-links-nach-rechts-Hostal-Marina-Cadaqu\u00e9s-Hostal-Cristina-Hotel-La-Residencia-1024x467.jpg 1024w, https:\/\/www.costabrava-wandern.de\/wp-content\/uploads\/Von-links-nach-rechts-Hostal-Marina-Cadaqu\u00e9s-Hostal-Cristina-Hotel-La-Residencia-150x68.jpg 150w, https:\/\/www.costabrava-wandern.de\/wp-content\/uploads\/Von-links-nach-rechts-Hostal-Marina-Cadaqu\u00e9s-Hostal-Cristina-Hotel-La-Residencia-300x137.jpg 300w, https:\/\/www.costabrava-wandern.de\/wp-content\/uploads\/Von-links-nach-rechts-Hostal-Marina-Cadaqu\u00e9s-Hostal-Cristina-Hotel-La-Residencia.jpg 1200w\" sizes=\"(max-width: 720px) 100vw, 720px\" \/><\/a><div class=\"lsow-image-info\"><div class=\"lsow-entry-info\"><h3 class=\"lsow-post-title\"><a href=\"https:\/\/www.costabrava-wandern.de\/it\/etappe-2-uebernachtung-in-cadaques\/\" title=\"Fase 2: Pernottamento a Cadaqu\u00e9s\" target=\"_self\" rel=\"bookmark\">Fase 2: Pernottamento a Cadaqu\u00e9s<\/a><\/h3><\/div><\/div><!-- .lsow-image-info --><\/div><\/article><!-- .hentry --><\/div><div data-id=\"id-38\" class=\"lsow-grid-item lsow-portfolio-item  term-4\"><article id=\"post-38\" class=\"post-38 post type-post status-publish format-standard has-post-thumbnail hentry category-gr-92-unterkuenfte post-with-thumbnail post-with-thumbnail-large\"><div class=\"lsow-project-image\"><a href=\"https:\/\/www.costabrava-wandern.de\/it\/etappe-1-uebernachtung-llanca\/\" target=\"_self\"><img decoding=\"async\" width=\"720\" height=\"272\" src=\"https:\/\/www.costabrava-wandern.de\/wp-content\/uploads\/Hotel-Grifeu-in-Llanca-tolle-Terrasse-mit-Blick-auf-das-Meer-1024x387.jpg\" class=\"lsow-image skip-lazy no-lazyload exclude-me a3-notlazy wp-post-image\" alt=\"\" data-no-lazy=\"1\" loading=\"eager\" srcset=\"https:\/\/www.costabrava-wandern.de\/wp-content\/uploads\/Hotel-Grifeu-in-Llanca-tolle-Terrasse-mit-Blick-auf-das-Meer-1024x387.jpg 1024w, https:\/\/www.costabrava-wandern.de\/wp-content\/uploads\/Hotel-Grifeu-in-Llanca-tolle-Terrasse-mit-Blick-auf-das-Meer-150x57.jpg 150w, https:\/\/www.costabrava-wandern.de\/wp-content\/uploads\/Hotel-Grifeu-in-Llanca-tolle-Terrasse-mit-Blick-auf-das-Meer-300x113.jpg 300w, https:\/\/www.costabrava-wandern.de\/wp-content\/uploads\/Hotel-Grifeu-in-Llanca-tolle-Terrasse-mit-Blick-auf-das-Meer.jpg 1200w\" sizes=\"(max-width: 720px) 100vw, 720px\" \/><\/a><div class=\"lsow-image-info\"><div class=\"lsow-entry-info\"><h3 class=\"lsow-post-title\"><a href=\"https:\/\/www.costabrava-wandern.de\/it\/etappe-1-uebernachtung-llanca\/\" title=\"Fase 1: Pernottamento a Llan\u00e7a\" target=\"_self\" rel=\"bookmark\">Fase 1: Pernottamento a Llan\u00e7a<\/a><\/h3><\/div><\/div><!-- .lsow-image-info --><\/div><\/article><!-- .hentry --><\/div><div data-id=\"id-100\" class=\"lsow-grid-item lsow-portfolio-item  term-4\"><article id=\"post-100\" class=\"post-100 post type-post status-publish format-standard has-post-thumbnail hentry category-gr-92-unterkuenfte post-with-thumbnail post-with-thumbnail-large\"><div class=\"lsow-project-image\"><a href=\"https:\/\/www.costabrava-wandern.de\/it\/etappe-7-uebernachtung-palamos\/\" target=\"_self\"><img decoding=\"async\" width=\"720\" height=\"288\" src=\"https:\/\/www.costabrava-wandern.de\/wp-content\/uploads\/Hotel-Sant-Joan-in-Palamos-Pool-und-gr\u00fcner-Garten-in-der-Abendsonne-1024x410.jpg\" class=\"lsow-image skip-lazy no-lazyload exclude-me a3-notlazy wp-post-image\" alt=\"\" data-no-lazy=\"1\" loading=\"eager\" srcset=\"\" sizes=\"(max-width: 720px) 100vw, 720px\" data-srcset=\"\" \/><\/a><div class=\"lsow-image-info\"><div class=\"lsow-entry-info\"><h3 class=\"lsow-post-title\"><a href=\"https:\/\/www.costabrava-wandern.de\/it\/etappe-7-uebernachtung-palamos\/\" title=\"Fase 7: Pernottamento a Palam\u00f3s\" target=\"_self\" rel=\"bookmark\">Fase 7: Pernottamento a Palam\u00f3s<\/a><\/h3><\/div><\/div><!-- .lsow-image-info --><\/div><\/article><!-- .hentry --><\/div><div data-id=\"id-98\" class=\"lsow-grid-item lsow-portfolio-item  term-4\"><article id=\"post-98\" class=\"post-98 post type-post status-publish format-standard has-post-thumbnail hentry category-gr-92-unterkuenfte post-with-thumbnail post-with-thumbnail-large\"><div class=\"lsow-project-image\"><a href=\"https:\/\/www.costabrava-wandern.de\/it\/etappe-8-uebernachtung-in-sant-pol-s-agaro-und-sant-feliu-de-guixols\/\" target=\"_self\"><img decoding=\"async\" width=\"720\" height=\"540\" src=\"https:\/\/www.costabrava-wandern.de\/wp-content\/uploads\/Hotel-Van-der-Valk-Barcarola-in-SAgaro-Pool-und-Bar-Bereich-1024x768.jpg\" class=\"lsow-image skip-lazy no-lazyload exclude-me a3-notlazy wp-post-image\" alt=\"\" data-no-lazy=\"1\" loading=\"eager\" srcset=\"https:\/\/www.costabrava-wandern.de\/wp-content\/uploads\/Hotel-Van-der-Valk-Barcarola-in-SAgaro-Pool-und-Bar-Bereich-1024x768.jpg 1024w, https:\/\/www.costabrava-wandern.de\/wp-content\/uploads\/Hotel-Van-der-Valk-Barcarola-in-SAgaro-Pool-und-Bar-Bereich-150x113.jpg 150w, https:\/\/www.costabrava-wandern.de\/wp-content\/uploads\/Hotel-Van-der-Valk-Barcarola-in-SAgaro-Pool-und-Bar-Bereich-300x225.jpg 300w, https:\/\/www.costabrava-wandern.de\/wp-content\/uploads\/Hotel-Van-der-Valk-Barcarola-in-SAgaro-Pool-und-Bar-Bereich.jpg 1200w\" sizes=\"(max-width: 720px) 100vw, 720px\" \/><\/a><div class=\"lsow-image-info\"><div class=\"lsow-entry-info\"><h3 class=\"lsow-post-title\"><a href=\"https:\/\/www.costabrava-wandern.de\/it\/etappe-8-uebernachtung-in-sant-pol-s-agaro-und-sant-feliu-de-guixols\/\" title=\"Tappa 8: Pernottamento a Sant Pol (S&#039;Agar\u00f3) e Sant Feliu de Gu\u00edxols\" target=\"_self\" rel=\"bookmark\">Tappa 8: Pernottamento a Sant Pol (S'Agar\u00f3) e Sant Feliu de Gu\u00edxols<\/a><\/h3><\/div><\/div><!-- .lsow-image-info --><\/div><\/article><!-- .hentry --><\/div><div data-id=\"id-96\" class=\"lsow-grid-item lsow-portfolio-item  term-4\"><article id=\"post-96\" class=\"post-96 post type-post status-publish format-standard has-post-thumbnail hentry category-gr-92-unterkuenfte post-with-thumbnail post-with-thumbnail-large\"><div class=\"lsow-project-image\"><a href=\"https:\/\/www.costabrava-wandern.de\/it\/etappe-9-uebernachtung-tossa-de-mar\/\" target=\"_self\"><img decoding=\"async\" width=\"720\" height=\"391\" src=\"https:\/\/www.costabrava-wandern.de\/wp-content\/uploads\/Hotel-Windsor-g\u00fcnstig-und-gut-zentral-und-mit-Pool-1024x556.jpg\" class=\"lsow-image skip-lazy no-lazyload exclude-me a3-notlazy wp-post-image\" alt=\"\" data-no-lazy=\"1\" loading=\"eager\" srcset=\"https:\/\/www.costabrava-wandern.de\/wp-content\/uploads\/Hotel-Windsor-g\u00fcnstig-und-gut-zentral-und-mit-Pool-1024x556.jpg 1024w, https:\/\/www.costabrava-wandern.de\/wp-content\/uploads\/Hotel-Windsor-g\u00fcnstig-und-gut-zentral-und-mit-Pool-150x81.jpg 150w, https:\/\/www.costabrava-wandern.de\/wp-content\/uploads\/Hotel-Windsor-g\u00fcnstig-und-gut-zentral-und-mit-Pool-300x163.jpg 300w, https:\/\/www.costabrava-wandern.de\/wp-content\/uploads\/Hotel-Windsor-g\u00fcnstig-und-gut-zentral-und-mit-Pool.jpg 1200w\" sizes=\"(max-width: 720px) 100vw, 720px\" \/><\/a><div class=\"lsow-image-info\"><div class=\"lsow-entry-info\"><h3 class=\"lsow-post-title\"><a href=\"https:\/\/www.costabrava-wandern.de\/it\/etappe-9-uebernachtung-tossa-de-mar\/\" title=\"Tappa 9: Pernottamento a Tossa de Mar\" target=\"_self\" rel=\"bookmark\">Tappa 9: Pernottamento a Tossa de Mar<\/a><\/h3><\/div><\/div><!-- .lsow-image-info --><\/div><\/article><!-- .hentry --><\/div><div data-id=\"id-102\" class=\"lsow-grid-item lsow-portfolio-item  term-4\"><article id=\"post-102\" class=\"post-102 post type-post status-publish format-standard has-post-thumbnail hentry category-gr-92-unterkuenfte post-with-thumbnail post-with-thumbnail-large\"><div class=\"lsow-project-image\"><a href=\"https:\/\/www.costabrava-wandern.de\/it\/etappe-6-uebernachtung-in-begur\/\" target=\"_self\"><img decoding=\"async\" width=\"720\" height=\"223\" src=\"https:\/\/www.costabrava-wandern.de\/wp-content\/uploads\/Hotel-Cluc-in-Begur-Ausblick-von-der-s\u00fcdlichen-Terrasse-1024x317.jpg\" class=\"lsow-image skip-lazy no-lazyload exclude-me a3-notlazy wp-post-image\" alt=\"\" data-no-lazy=\"1\" loading=\"eager\" srcset=\"https:\/\/www.costabrava-wandern.de\/wp-content\/uploads\/Hotel-Cluc-in-Begur-Ausblick-von-der-s\u00fcdlichen-Terrasse-1024x317.jpg 1024w, https:\/\/www.costabrava-wandern.de\/wp-content\/uploads\/Hotel-Cluc-in-Begur-Ausblick-von-der-s\u00fcdlichen-Terrasse-150x47.jpg 150w, https:\/\/www.costabrava-wandern.de\/wp-content\/uploads\/Hotel-Cluc-in-Begur-Ausblick-von-der-s\u00fcdlichen-Terrasse-300x93.jpg 300w, https:\/\/www.costabrava-wandern.de\/wp-content\/uploads\/Hotel-Cluc-in-Begur-Ausblick-von-der-s\u00fcdlichen-Terrasse.jpg 1200w\" sizes=\"(max-width: 720px) 100vw, 720px\" \/><\/a><div class=\"lsow-image-info\"><div class=\"lsow-entry-info\"><h3 class=\"lsow-post-title\"><a href=\"https:\/\/www.costabrava-wandern.de\/it\/etappe-6-uebernachtung-in-begur\/\" title=\"Fase 6: Pernottamento a Begur\" target=\"_self\" rel=\"bookmark\">Fase 6: Pernottamento a Begur<\/a><\/h3><\/div><\/div><!-- .lsow-image-info --><\/div><\/article><!-- .hentry --><\/div><div data-id=\"id-104\" class=\"lsow-grid-item lsow-portfolio-item  term-4\"><article id=\"post-104\" class=\"post-104 post type-post status-publish format-standard has-post-thumbnail hentry category-gr-92-unterkuenfte post-with-thumbnail post-with-thumbnail-large\"><div class=\"lsow-project-image\"><a href=\"https:\/\/www.costabrava-wandern.de\/it\/etappe-5-uebernachtung-in-torroella-de-montgri\/\" target=\"_self\"><img decoding=\"async\" width=\"720\" height=\"374\" src=\"https:\/\/www.costabrava-wandern.de\/wp-content\/uploads\/Hotel-Palau-Lo-Mirador-in-Torroella-de-Montgr\u00ed-Park-1024x532.jpg\" class=\"lsow-image skip-lazy no-lazyload exclude-me a3-notlazy wp-post-image\" alt=\"\" data-no-lazy=\"1\" loading=\"eager\" srcset=\"\" sizes=\"(max-width: 720px) 100vw, 720px\" data-srcset=\"\" \/><\/a><div class=\"lsow-image-info\"><div class=\"lsow-entry-info\"><h3 class=\"lsow-post-title\"><a href=\"https:\/\/www.costabrava-wandern.de\/it\/etappe-5-uebernachtung-in-torroella-de-montgri\/\" title=\"Tappa 5: Pernottamento a Torroella de Montgr\u00ed\" target=\"_self\" rel=\"bookmark\">Tappa 5: Pernottamento a Torroella de Montgr\u00ed<\/a><\/h3><\/div><\/div><!-- .lsow-image-info --><\/div><\/article><!-- .hentry --><\/div><div data-id=\"id-1222\" class=\"lsow-grid-item lsow-portfolio-item  term-4\"><article id=\"post-1222\" class=\"post-1222 post type-post status-publish format-standard has-post-thumbnail hentry category-gr-92-unterkuenfte post-with-thumbnail post-with-thumbnail-large\"><div class=\"lsow-project-image\"><a href=\"https:\/\/www.costabrava-wandern.de\/it\/anreise-unterkunft-in-barcelona\/\" target=\"_self\"><img decoding=\"async\" width=\"720\" height=\"391\" src=\"https:\/\/www.costabrava-wandern.de\/wp-content\/uploads\/Ecozentric-\u00d6ko-Pension-in-Barcelona-zentral-und-gepflegt-1024x556.jpg\" class=\"lsow-image skip-lazy no-lazyload exclude-me a3-notlazy wp-post-image\" alt=\"\" data-no-lazy=\"1\" loading=\"eager\" srcset=\"https:\/\/www.costabrava-wandern.de\/wp-content\/uploads\/Ecozentric-\u00d6ko-Pension-in-Barcelona-zentral-und-gepflegt-1024x556.jpg 1024w, https:\/\/www.costabrava-wandern.de\/wp-content\/uploads\/Ecozentric-\u00d6ko-Pension-in-Barcelona-zentral-und-gepflegt-150x81.jpg 150w, https:\/\/www.costabrava-wandern.de\/wp-content\/uploads\/Ecozentric-\u00d6ko-Pension-in-Barcelona-zentral-und-gepflegt-300x163.jpg 300w, https:\/\/www.costabrava-wandern.de\/wp-content\/uploads\/Ecozentric-\u00d6ko-Pension-in-Barcelona-zentral-und-gepflegt.jpg 1200w\" sizes=\"(max-width: 720px) 100vw, 720px\" \/><\/a><div class=\"lsow-image-info\"><div class=\"lsow-entry-info\"><h3 class=\"lsow-post-title\"><a href=\"https:\/\/www.costabrava-wandern.de\/it\/anreise-unterkunft-in-barcelona\/\" title=\"Arrivo: Sistemazione a Barcellona\" target=\"_self\" rel=\"bookmark\">Arrivo: Sistemazione a Barcellona<\/a><\/h3><\/div><\/div><!-- .lsow-image-info --><\/div><\/article><!-- .hentry --><\/div><\/div><!-- .lsow-portfolio --><\/div><!-- .lsow-portfolio-wrap --><\/div><\/div><div id=\"panel-275-2-0-1\" class=\"so-panel widget widget_sow-editor panel-last-child\" data-index=\"4\" ><div\n\t\t\t\n\t\t\tclass=\"so-widget-sow-editor so-widget-sow-editor-base\"\n\t\t\t\n\t\t><h3 class=\"widget-title\">Visualizzazione mappa degli alloggi<\/h3>\n<div class=\"siteorigin-widget-tinymce textwidget\">\n\t<div id=\"travelersmap-container-69f713be19ce0\" class=\"travelersmap-container\" style=\"z-index: 1; min-height: 10px; min-width:10px; height:500px;width:100%; max-width:; max-height:; position:relative;\">\n<div style=\"position:absolute; z-index:-1;top: 50%;text-align: center;display: block;left: 50%;transform: translate(-50%,-50%);\">Caricamento della mappa dei viaggiatori in corso...<br \/>Se vedi questo dopo che la tua pagina \u00e8 stata caricata completamente, i file leafletJS sono mancanti.<\/div>\n<\/div>\n<\/div>\n<\/div><\/div><\/div><\/div><\/div>","protected":false},"excerpt":{"rendered":"<p>Das Etappen-Wandern an der Costa Brava besticht zwar vor allem durch die tolle Landschaft, den st\u00e4ndigen Blick auf das blaue Meer, die (Bade-)Pausen in malerischen Buchten und die M\u00f6glichkeit zur Einkehr in pittoresken Ortskernen. Aber wer tr\u00e4umt am Ende eines anstrengenden Wandertages nicht von einer hei\u00dfen Dusche und einem frisch gemachten Bett? Auch in dieser [&hellip;]<\/p>\n","protected":false},"author":1,"featured_media":0,"comment_status":"closed","ping_status":"open","sticky":false,"template":"","format":"standard","meta":{"footnotes":""},"categories":[4],"tags":[],"class_list":["post-275","post","type-post","status-publish","format-standard","hentry","category-gr-92-unterkuenfte"],"_links":{"self":[{"href":"https:\/\/www.costabrava-wandern.de\/it\/wp-json\/wp\/v2\/posts\/275","targetHints":{"allow":["GET"]}}],"collection":[{"href":"https:\/\/www.costabrava-wandern.de\/it\/wp-json\/wp\/v2\/posts"}],"about":[{"href":"https:\/\/www.costabrava-wandern.de\/it\/wp-json\/wp\/v2\/types\/post"}],"author":[{"embeddable":true,"href":"https:\/\/www.costabrava-wandern.de\/it\/wp-json\/wp\/v2\/users\/1"}],"replies":[{"embeddable":true,"href":"https:\/\/www.costabrava-wandern.de\/it\/wp-json\/wp\/v2\/comments?post=275"}],"version-history":[{"count":5,"href":"https:\/\/www.costabrava-wandern.de\/it\/wp-json\/wp\/v2\/posts\/275\/revisions"}],"predecessor-version":[{"id":31558,"href":"https:\/\/www.costabrava-wandern.de\/it\/wp-json\/wp\/v2\/posts\/275\/revisions\/31558"}],"wp:attachment":[{"href":"https:\/\/www.costabrava-wandern.de\/it\/wp-json\/wp\/v2\/media?parent=275"}],"wp:term":[{"taxonomy":"category","embeddable":true,"href":"https:\/\/www.costabrava-wandern.de\/it\/wp-json\/wp\/v2\/categories?post=275"},{"taxonomy":"post_tag","embeddable":true,"href":"https:\/\/www.costabrava-wandern.de\/it\/wp-json\/wp\/v2\/tags?post=275"}],"curies":[{"name":"parola chiave","href":"https:\/\/api.w.org\/{rel}","templated":true}]}}