{"id":87,"date":"2015-09-02T09:50:48","date_gmt":"2015-09-02T09:50:48","guid":{"rendered":"https:\/\/www.costabrava-wandern.de\/?p=87"},"modified":"2021-11-06T09:52:48","modified_gmt":"2021-11-06T08:52:48","slug":"stage-2-notti-a-cadaques","status":"publish","type":"post","link":"https:\/\/www.costabrava-wandern.de\/it\/etappe-2-uebernachtung-in-cadaques\/","title":{"rendered":"Fase 2: Pernottamento a Cadaqu\u00e9s"},"content":{"rendered":"<div id=\"pl-87\"  class=\"panel-layout\" ><div id=\"pg-87-0\"  class=\"panel-grid panel-no-style\" ><div id=\"pgc-87-0-0\"  class=\"panel-grid-cell\" ><div id=\"panel-87-0-0-0\" class=\"so-panel widget widget_sow-editor panel-first-child\" data-index=\"0\" ><div\n\t\t\t\n\t\t\tclass=\"so-widget-sow-editor so-widget-sow-editor-base\"\n\t\t\t\n\t\t>\n<div class=\"siteorigin-widget-tinymce textwidget\">\n\t<p>Cadaqu\u00e9s \u00e8 una destinazione turistica estremamente popolare, che attrae molti turisti del fine settimana dalla vicina Barcellona, tra gli altri. La scelta dell&#039;alloggio \u00e8 corrispondentemente ampia, ma anche i prezzi sono pi\u00f9 alti che in altre parti della Costa Brava. Possiamo consigliare i seguenti hotel o pensioni (&quot;Hostal&quot; o &quot;Hostalet&quot;):<\/p>\n<p><a class=\"booking-link\" href=\"http:\/\/www.booking.com\/hotel\/es\/hostalet-cadaques.html?aid=947820&amp;label=text_e2\" target=\"_blank\" rel=\"noopener\">Una delle opzioni pi\u00f9 convenienti \u00e8 L&#039;Hostalet de Cadaqu\u00e9s in una piccola strada laterale<\/a> . La piccola pensione \u00e8 molto ben tenuta, i prezzi sono relativamente economici e le camere sono molto, molto piccole. Una buona aria condizionata garantisce comunque un buon riposo notturno.<\/p>\n<\/div>\n<\/div><\/div><div id=\"panel-87-0-0-1\" class=\"so-panel widget widget_sow-editor panel-last-child\" data-index=\"1\" ><div\n\t\t\t\n\t\t\tclass=\"so-widget-sow-editor so-widget-sow-editor-base\"\n\t\t\t\n\t\t>\n<div class=\"siteorigin-widget-tinymce textwidget\">\n\t<p>Ci sono diversi alloggi sulla piazza che si apre sulla spiaggia principale,\u00a0 <a class=\"booking-link\" href=\"http:\/\/www.booking.com\/hotel\/es\/la-residencia.html?aid=947820&amp;label=text_e2\" target=\"_blank\" rel=\"noopener\">di cui l&#039;Hotel La Residencia \u00e8 il pi\u00f9 suggestivo<\/a> : Dietro la facciata rappresentativa, gli ospiti possono aspettarsi una struttura basata sull&#039;opera artistica di Salvador Dal\u00ed. <a class=\"booking-link\" href=\"http:\/\/www.booking.com\/hotel\/es\/hostal-marina-cadaques.html?aid=947820\" target=\"_blank\" rel=\"noopener\">Nelle immediate vicinanze si trovano altre pensioni leggermente pi\u00f9 economiche come l&#039;Hostal Marina Cadaqu\u00e9s<\/a>.<\/p>\n<\/div>\n<\/div><\/div><\/div><div id=\"pgc-87-0-1\"  class=\"panel-grid-cell\" ><div id=\"panel-87-0-1-0\" class=\"so-panel widget widget_sow-image panel-first-child panel-last-child\" data-index=\"2\" ><div\n\t\t\t\n\t\t\tclass=\"so-widget-sow-image so-widget-sow-image-default-8b5b6f678277-87\"\n\t\t\t\n\t\t>\n<div class=\"sow-image-container\">\n\t\t\t<a href=\"https:\/\/www.costabrava-wandern.de\/wp-content\/uploads\/LHostalet-de-Cadaques-Sehr-sehr-kleine-Zimmer-aber-gepflegt-und-g\u00fcnstig.jpg\">\n\t\t\t<img \n\tsrc=\"https:\/\/www.costabrava-wandern.de\/wp-content\/uploads\/LHostalet-de-Cadaques-Sehr-sehr-kleine-Zimmer-aber-gepflegt-und-g\u00fcnstig.jpg\" width=\"800\" height=\"600\" srcset=\"https:\/\/www.costabrava-wandern.de\/wp-content\/uploads\/LHostalet-de-Cadaques-Sehr-sehr-kleine-Zimmer-aber-gepflegt-und-g\u00fcnstig.jpg 800w, https:\/\/www.costabrava-wandern.de\/wp-content\/uploads\/LHostalet-de-Cadaques-Sehr-sehr-kleine-Zimmer-aber-gepflegt-und-g\u00fcnstig-150x113.jpg 150w, https:\/\/www.costabrava-wandern.de\/wp-content\/uploads\/LHostalet-de-Cadaques-Sehr-sehr-kleine-Zimmer-aber-gepflegt-und-g\u00fcnstig-300x225.jpg 300w\" sizes=\"(max-width: 800px) 100vw, 800px\" title=\"L&#039;Hostalet de Cadaques: Camere molto, molto piccole ma ben tenute ed economiche. \u00c8 difficile da credere: i montanti in metallo fungono da scale per il 3\u00b0 letto sopra il bagno!\" alt=\"\" \t\tclass=\"so-widget-image\"\/>\n\t\t\t<\/a><\/div>\n\n<h3 class=\"widget-title\">L&#039;Hostalet de Cadaques: Camere molto, molto piccole ma ben tenute ed economiche. \u00c8 difficile da credere: i montanti in metallo fungono da scale per il 3\u00b0 letto sopra il bagno!<\/h3><\/div><\/div><\/div><\/div><\/div>","protected":false},"excerpt":{"rendered":"<p>Cadaqu\u00e9s ist ein \u00fcberaus beliebtes Reiseziel und zieht unter anderem viele Wochenendausfl\u00fcgler aus dem nahem Barcelona an. Entsprechend gro\u00df ist zwar die Auswahl an Unterk\u00fcnften, die Preise sind aber auch h\u00f6her als an anderen Stellen der Costa Brava. Die folgenden Hotels oder Pensionen (&#8222;Hostal&#8220; oder &#8222;Hostalet&#8220;) k\u00f6nnen wir empfehlen: Zu den eher g\u00fcnstigen Optionen z\u00e4hlt [&hellip;]<\/p>\n","protected":false},"author":1,"featured_media":844,"comment_status":"closed","ping_status":"open","sticky":false,"template":"","format":"standard","meta":{"footnotes":""},"categories":[4],"tags":[],"class_list":{"0":"post-87","1":"post","2":"type-post","3":"status-publish","4":"format-standard","5":"has-post-thumbnail","6":"hentry","7":"category-gr-92-unterkuenfte","9":"post-with-thumbnail","10":"post-with-thumbnail-large"},"_links":{"self":[{"href":"https:\/\/www.costabrava-wandern.de\/it\/wp-json\/wp\/v2\/posts\/87","targetHints":{"allow":["GET"]}}],"collection":[{"href":"https:\/\/www.costabrava-wandern.de\/it\/wp-json\/wp\/v2\/posts"}],"about":[{"href":"https:\/\/www.costabrava-wandern.de\/it\/wp-json\/wp\/v2\/types\/post"}],"author":[{"embeddable":true,"href":"https:\/\/www.costabrava-wandern.de\/it\/wp-json\/wp\/v2\/users\/1"}],"replies":[{"embeddable":true,"href":"https:\/\/www.costabrava-wandern.de\/it\/wp-json\/wp\/v2\/comments?post=87"}],"version-history":[{"count":4,"href":"https:\/\/www.costabrava-wandern.de\/it\/wp-json\/wp\/v2\/posts\/87\/revisions"}],"predecessor-version":[{"id":31535,"href":"https:\/\/www.costabrava-wandern.de\/it\/wp-json\/wp\/v2\/posts\/87\/revisions\/31535"}],"wp:featuredmedia":[{"embeddable":true,"href":"https:\/\/www.costabrava-wandern.de\/it\/wp-json\/wp\/v2\/media\/844"}],"wp:attachment":[{"href":"https:\/\/www.costabrava-wandern.de\/it\/wp-json\/wp\/v2\/media?parent=87"}],"wp:term":[{"taxonomy":"category","embeddable":true,"href":"https:\/\/www.costabrava-wandern.de\/it\/wp-json\/wp\/v2\/categories?post=87"},{"taxonomy":"post_tag","embeddable":true,"href":"https:\/\/www.costabrava-wandern.de\/it\/wp-json\/wp\/v2\/tags?post=87"}],"curies":[{"name":"parola chiave","href":"https:\/\/api.w.org\/{rel}","templated":true}]}}